{"id":76962,"date":"2025-06-08T09:43:20","date_gmt":"2025-06-08T12:43:20","guid":{"rendered":"https:\/\/www.tvnovelas.com.br\/tvnews\/?p=76962"},"modified":"2025-06-08T09:43:20","modified_gmt":"2025-06-08T12:43:20","slug":"dona-de-mim-abel-descobre-que-leo-sabe-da-historia-de-sofia","status":"publish","type":"post","link":"https:\/\/www.tvnovelas.com.br\/tvnews\/dona-de-mim-abel-descobre-que-leo-sabe-da-historia-de-sofia\/","title":{"rendered":"Dona de Mim:  Abel descobre que Leo sabe da hist\u00f3ria de Sofia"},"content":{"rendered":"<figure id=\"attachment_76963\" aria-describedby=\"caption-attachment-76963\" style=\"width: 726px\" class=\"wp-caption alignnone\"><img data-recalc-dims=\"1\" decoding=\"async\" class=\"wp-image-76963 size-full\" title=\"(Foto: TV Globo\/Dona de Mim)\" src=\"https:\/\/i0.wp.com\/www.tvnovelas.com.br\/tvnews\/wp-content\/uploads\/2025\/06\/11255.jpg?resize=726%2C410&#038;ssl=1\" alt=\"Foto em Dona de Mim: Abel descobre que Leo sabe da hist\u00f3ria de Sofia\" width=\"726\" height=\"410\" srcset=\"https:\/\/i0.wp.com\/www.tvnovelas.com.br\/tvnews\/wp-content\/uploads\/2025\/06\/11255.jpg?w=726&amp;ssl=1 726w, https:\/\/i0.wp.com\/www.tvnovelas.com.br\/tvnews\/wp-content\/uploads\/2025\/06\/11255.jpg?resize=250%2C141&amp;ssl=1 250w\" sizes=\"(max-width: 726px) 100vw, 726px\" \/><figcaption id=\"caption-attachment-76963\" class=\"wp-caption-text\">Dona de Mim: Abel descobre que Leo sabe da hist\u00f3ria de Sofia<\/figcaption><\/figure>\n<p>Em Dona de Mim, Leo (Clara Moneke) leu a carta que Ellen (Camila Pitanga) deixou para Sofia (Elis Cabral) e descobriu que Abel (Tony Ramos) n\u00e3o \u00e9 o pai biol\u00f3gico da menina. Agora, o dono da Boaz vai ficar sabendo que a bab\u00e1 sabe a verdadeira hist\u00f3ria de Sofia e,vai pedir que ela guarde o segredo de sua fam\u00edlia.<\/p>\n<p>Tudo vai come\u00e7ar quando Samuel (Juan Paiva) deixar escapar que Leo sabe da exist\u00eancia de Vanderson (Armando Babaioff), o pai de Sofia.<\/p>\n<p>\u201cCalma! Vanderson s\u00f3 viu a Sof, nem sabe quem \u00e9. A Leo percebeu logo quem era e afastou a Sofia dali&#8230;\u201d, diz Samuel.<\/p>\n<p>Abel ficar\u00e1 pasmo e brigar\u00e1 com o filho por ter contado seu segredo para Leo.<\/p>\n<p>\u201cPor que a Leo protegeu sua irm\u00e3? Ela sabe de alguma coisa sobre o Vanderson? Fala, Samuel! Como \u00e9 que a Leona sabia quem era o Vanderson, Samuel? Desembucha!\u201d, manda Abel.<\/p>\n<p>Samuel assumir\u00e1 a culpa, sem revelar a Abel que Leona leu a carta de Ellen. Depois, Abel ir\u00e1 procurar Leona e ter uma conversa s\u00e9ria com a bab\u00e1 e ser\u00e1 direto.<\/p>\n<p>\u201cVoc\u00ea j\u00e1 sabe que eu n\u00e3o sou pai biol\u00f3gico da Sofia. E sei que voc\u00ea sabe inclusive quem \u00e9 o pai da menina, Vanderson. Por favor, n\u00e3o mente pra mim\u201d, diz Abel.<\/p>\n<p>\u201cDesculpa, seu Abel, eu n\u00e3o devia ter me metido nessa hist\u00f3ria. Voc\u00ea vai me demitir?\u201d, pergunta Leo, preocupada.<br \/>\nAbel, ent\u00e3o, dir\u00e1 que n\u00e3o \u00e9 o caso de demitir Leo, mas perguntar\u00e1 se pode confiar nela para guardar seu segredo.<\/p>\n<p>\u201cEu preciso confiar em voc\u00ea. A m\u00e3e da Sofia tinha muito medo do Vanderson. Por isso ela me pediu que fosse o pai da Sof. E eu sou.\u201d<\/p>\n<p>Neste momento, Leo ressaltar\u00e1 o quanto Sofia \u00e9 importante para ela e contar\u00e1 sobre a filha que perdeu.<\/p>\n<p>\u201cEu faria qualquer coisa pela sua filha. A Sofia pra mim \u00e9 t\u00e3o especial. Uns anos atr\u00e1s eu tamb\u00e9m estava esperando a minha menina. Ia chamar Sophya, mas morreu dentro de mim. A dor de uma perda como essa a gente n\u00e3o supera. Mas a Sofia me fez entender que eu posso ser feliz de novo, que a felicidade sempre encontra um caminho. Pode confiar em mim\u201d, garante Leo, emocionada.<br \/>\n<!--FIM DO POST--><\/p>\n<div class=\"fb-comments\" data-width=\"100%\" data-order-by=\"reverse_time\" data-numposts=\"5\"><\/div>\n<p><strong>Saiba mais:<\/strong><br \/>\n<a href=\"https:\/\/wp.me\/pfspD2-UO\" target=\"_blank\" rel=\"noopener\">Dona de Mim: A trama da novela<\/a><br \/>\n<a href=\"https:\/\/wp.me\/pfspD2-UG\" target=\"_blank\" rel=\"noopener\">Dona de Mim: A fam\u00edlia Boaz e seu imp\u00e9rio de lingerie<\/a><br \/>\n<a href=\"https:\/\/pt.wikipedia.org\/wiki\/Dona_de_Mim_(telenovela)\" target=\"_blank\" rel=\"noopener\">Sobre Dona de Mim na Wikipedia<\/a><br \/>\n<strong>\u00daltimas not\u00edcias de Dona de Mim:<\/strong><br \/>\n<div class=\"pt-cv-wrapper\"><div class=\"pt-cv-view pt-cv-grid pt-cv-colsys\" id=\"pt-cv-view-53ef48buaf\"><div data-id=\"pt-cv-page-1\" class=\"pt-cv-page\" data-cvc=\"1\"><div class=\"col-md-12 col-sm-12 col-xs-12 pt-cv-content-item pt-cv-1-col\" ><div class='pt-cv-ifield'><h4 class=\"pt-cv-title\"><a href=\"https:\/\/www.tvnovelas.com.br\/tvnews\/dona-de-mim-abel-aparece-e-salva-sofia-do-incendio\/\" class=\"_blank\" target=\"_blank\" >Dona de Mim: Abel \u2018aparece&#8217; e salva Sofia do inc\u00eandio<\/a><\/h4><\/div><\/div>\n<div class=\"col-md-12 col-sm-12 col-xs-12 pt-cv-content-item pt-cv-1-col\" ><div class='pt-cv-ifield'><h4 class=\"pt-cv-title\"><a href=\"https:\/\/www.tvnovelas.com.br\/tvnews\/dona-de-mim-jaques-coloca-fogo-na-boaz\/\" class=\"_blank\" target=\"_blank\" >Dona de Mim: Jaques coloca fogo na Boaz<\/a><\/h4><\/div><\/div>\n<div class=\"col-md-12 col-sm-12 col-xs-12 pt-cv-content-item pt-cv-1-col\" ><div class='pt-cv-ifield'><h4 class=\"pt-cv-title\"><a href=\"https:\/\/www.tvnovelas.com.br\/tvnews\/dona-de-mim-davi-e-barbara-sofrem-grave-acidente\/\" class=\"_blank\" target=\"_blank\" >Dona de Mim: Davi e B\u00e1rbara sofrem grave acidente<\/a><\/h4><\/div><\/div>\n<div class=\"col-md-12 col-sm-12 col-xs-12 pt-cv-content-item pt-cv-1-col\" ><div class='pt-cv-ifield'><h4 class=\"pt-cv-title\"><a href=\"https:\/\/www.tvnovelas.com.br\/tvnews\/dona-de-mim-ellen-e-presa-e-sofia-volta-para-casa\/\" class=\"_blank\" target=\"_blank\" >Dona de Mim: Ellen \u00e9 presa, e Sofia volta para casa<\/a><\/h4><\/div><\/div>\n<div class=\"col-md-12 col-sm-12 col-xs-12 pt-cv-content-item pt-cv-1-col\" ><div class='pt-cv-ifield'><h4 class=\"pt-cv-title\"><a href=\"https:\/\/www.tvnovelas.com.br\/tvnews\/dona-de-mim-na-ultima-semana-05-a-10-01\/\" class=\"_blank\" target=\"_blank\" >Dona de Mim na \u00faltima semana (05 a 10\/01)<\/a><\/h4><\/div><\/div><\/div><\/div><\/div><br \/>\n<strong>\u00daltimas not\u00edcias das novelas<\/strong><br \/>\n<div class=\"pt-cv-wrapper\"><div class=\"pt-cv-view pt-cv-grid pt-cv-colsys\" id=\"pt-cv-view-440a179we1\"><div data-id=\"pt-cv-page-1\" class=\"pt-cv-page\" data-cvc=\"2\"><div class=\"col-md-6 col-sm-12 col-xs-12 pt-cv-content-item pt-cv-1-col\" ><div class='pt-cv-ifield'><a href=\"https:\/\/www.tvnovelas.com.br\/tvnews\/coracao-de-mae-atilla-confronta-hasan-e-exige-o-divorcio-de-lale\/\" class=\"_blank pt-cv-href-thumbnail pt-cv-thumb-default\" target=\"_blank\" ><\/a>\n<h4 class=\"pt-cv-title\"><a href=\"https:\/\/www.tvnovelas.com.br\/tvnews\/coracao-de-mae-atilla-confronta-hasan-e-exige-o-divorcio-de-lale\/\" class=\"_blank\" target=\"_blank\" >Cora\u00e7\u00e3o de M\u00e3e: Atilla confronta Hasan e exige o div\u00f3rcio de Lale<\/a><\/h4><\/div><\/div>\n<div class=\"col-md-6 col-sm-12 col-xs-12 pt-cv-content-item pt-cv-1-col\" ><div class='pt-cv-ifield'><a href=\"https:\/\/www.tvnovelas.com.br\/tvnews\/guerra-das-rosas-gulfem-coloca-gulru-contra-a-parede\/\" class=\"_blank pt-cv-href-thumbnail pt-cv-thumb-default\" target=\"_blank\" ><img decoding=\"async\" width=\"728\" height=\"410\" src=\"https:\/\/i0.wp.com\/www.tvnovelas.com.br\/tvnews\/wp-content\/uploads\/2026\/04\/13184.jpg?fit=728%2C410&amp;ssl=1\" class=\"pt-cv-thumbnail\" alt=\"Foto em Guerra das Rosas: Gulfem coloca Gulru contra a parede\" srcset=\"https:\/\/i0.wp.com\/www.tvnovelas.com.br\/tvnews\/wp-content\/uploads\/2026\/04\/13184.jpg?w=728&amp;ssl=1 728w, https:\/\/i0.wp.com\/www.tvnovelas.com.br\/tvnews\/wp-content\/uploads\/2026\/04\/13184.jpg?resize=250%2C141&amp;ssl=1 250w\" sizes=\"(max-width: 728px) 100vw, 728px\" \/><\/a>\n<h4 class=\"pt-cv-title\"><a href=\"https:\/\/www.tvnovelas.com.br\/tvnews\/guerra-das-rosas-gulfem-coloca-gulru-contra-a-parede\/\" class=\"_blank\" target=\"_blank\" >Guerra das Rosas: Gulfem coloca Gulru contra a parede<\/a><\/h4><\/div><\/div>\n<div class=\"col-md-6 col-sm-12 col-xs-12 pt-cv-content-item pt-cv-1-col\" ><div class='pt-cv-ifield'><a href=\"https:\/\/www.tvnovelas.com.br\/tvnews\/coracao-de-mae-atilla-diz-a-lale-que-quer-o-divorcio\/\" class=\"_blank pt-cv-href-thumbnail pt-cv-thumb-default\" target=\"_blank\" ><img decoding=\"async\" width=\"728\" height=\"410\" src=\"https:\/\/i0.wp.com\/www.tvnovelas.com.br\/tvnews\/wp-content\/uploads\/2026\/04\/13183.jpg?fit=728%2C410&amp;ssl=1\" class=\"pt-cv-thumbnail\" alt=\"Foto em Cora\u00e7\u00e3o de M\u00e3e: Atilla diz a Lale que quer o div\u00f3rcio\" srcset=\"https:\/\/i0.wp.com\/www.tvnovelas.com.br\/tvnews\/wp-content\/uploads\/2026\/04\/13183.jpg?w=728&amp;ssl=1 728w, https:\/\/i0.wp.com\/www.tvnovelas.com.br\/tvnews\/wp-content\/uploads\/2026\/04\/13183.jpg?resize=250%2C141&amp;ssl=1 250w\" sizes=\"(max-width: 728px) 100vw, 728px\" \/><\/a>\n<h4 class=\"pt-cv-title\"><a href=\"https:\/\/www.tvnovelas.com.br\/tvnews\/coracao-de-mae-atilla-diz-a-lale-que-quer-o-divorcio\/\" class=\"_blank\" target=\"_blank\" >Cora\u00e7\u00e3o de M\u00e3e: Atilla diz a Lale que quer o div\u00f3rcio<\/a><\/h4><\/div><\/div>\n<div class=\"col-md-6 col-sm-12 col-xs-12 pt-cv-content-item pt-cv-1-col\" ><div class='pt-cv-ifield'><a href=\"https:\/\/www.tvnovelas.com.br\/tvnews\/a-nobreza-do-amor-mirinho-garante-noivado-com-virginia-para-atrair-sogro-a-negocio\/\" class=\"_blank pt-cv-href-thumbnail pt-cv-thumb-default\" target=\"_blank\" ><img decoding=\"async\" width=\"728\" height=\"410\" src=\"https:\/\/i0.wp.com\/www.tvnovelas.com.br\/tvnews\/wp-content\/uploads\/2026\/04\/13182.jpg?fit=728%2C410&amp;ssl=1\" class=\"pt-cv-thumbnail\" alt=\"Foto em A Nobreza do Amor: Mirinho garante noivado com Virg\u00ednia para atrair sogro a neg\u00f3cio\" srcset=\"https:\/\/i0.wp.com\/www.tvnovelas.com.br\/tvnews\/wp-content\/uploads\/2026\/04\/13182.jpg?w=728&amp;ssl=1 728w, https:\/\/i0.wp.com\/www.tvnovelas.com.br\/tvnews\/wp-content\/uploads\/2026\/04\/13182.jpg?resize=250%2C141&amp;ssl=1 250w\" sizes=\"(max-width: 728px) 100vw, 728px\" \/><\/a>\n<h4 class=\"pt-cv-title\"><a href=\"https:\/\/www.tvnovelas.com.br\/tvnews\/a-nobreza-do-amor-mirinho-garante-noivado-com-virginia-para-atrair-sogro-a-negocio\/\" class=\"_blank\" target=\"_blank\" >A Nobreza do Amor: Mirinho garante noivado com Virg\u00ednia para atrair sogro a neg\u00f3cio<\/a><\/h4><\/div><\/div>\n<div class=\"col-md-6 col-sm-12 col-xs-12 pt-cv-content-item pt-cv-1-col\" ><div class='pt-cv-ifield'><a href=\"https:\/\/www.tvnovelas.com.br\/tvnews\/tres-gracas-joaquim-propoe-fuga-a-arminda-com-o-dinheiro-das-tres-gracas\/\" class=\"_blank pt-cv-href-thumbnail pt-cv-thumb-default\" target=\"_blank\" ><img decoding=\"async\" width=\"728\" height=\"410\" src=\"https:\/\/i0.wp.com\/www.tvnovelas.com.br\/tvnews\/wp-content\/uploads\/2026\/04\/13181.jpg?fit=728%2C410&amp;ssl=1\" class=\"pt-cv-thumbnail\" alt=\"Foto em Tr\u00eas Gra\u00e7as: Joaquim prop\u00f5e fuga a Arminda com o dinheiro das Tr\u00eas Gra\u00e7as\" srcset=\"https:\/\/i0.wp.com\/www.tvnovelas.com.br\/tvnews\/wp-content\/uploads\/2026\/04\/13181.jpg?w=728&amp;ssl=1 728w, https:\/\/i0.wp.com\/www.tvnovelas.com.br\/tvnews\/wp-content\/uploads\/2026\/04\/13181.jpg?resize=250%2C141&amp;ssl=1 250w\" sizes=\"(max-width: 728px) 100vw, 728px\" \/><\/a>\n<h4 class=\"pt-cv-title\"><a href=\"https:\/\/www.tvnovelas.com.br\/tvnews\/tres-gracas-joaquim-propoe-fuga-a-arminda-com-o-dinheiro-das-tres-gracas\/\" class=\"_blank\" target=\"_blank\" >Tr\u00eas Gra\u00e7as:  Joaquim prop\u00f5e fuga a Arminda com o dinheiro das Tr\u00eas Gra\u00e7as<\/a><\/h4><\/div><\/div>\n<div class=\"col-md-6 col-sm-12 col-xs-12 pt-cv-content-item pt-cv-1-col\" ><div class='pt-cv-ifield'><a href=\"https:\/\/www.tvnovelas.com.br\/tvnews\/coracao-de-mae-atilla-decide-abrir-o-jogo-com-karsu\/\" class=\"_blank pt-cv-href-thumbnail pt-cv-thumb-default\" target=\"_blank\" ><img decoding=\"async\" width=\"728\" height=\"410\" src=\"https:\/\/i0.wp.com\/www.tvnovelas.com.br\/tvnews\/wp-content\/uploads\/2026\/04\/13180.jpg?fit=728%2C410&amp;ssl=1\" class=\"pt-cv-thumbnail\" alt=\"Foto em Cora\u00e7\u00e3o de M\u00e3e: Atilla decide abrir o jogo com Karsu\" srcset=\"https:\/\/i0.wp.com\/www.tvnovelas.com.br\/tvnews\/wp-content\/uploads\/2026\/04\/13180.jpg?w=728&amp;ssl=1 728w, https:\/\/i0.wp.com\/www.tvnovelas.com.br\/tvnews\/wp-content\/uploads\/2026\/04\/13180.jpg?resize=250%2C141&amp;ssl=1 250w\" sizes=\"(max-width: 728px) 100vw, 728px\" \/><\/a>\n<h4 class=\"pt-cv-title\"><a href=\"https:\/\/www.tvnovelas.com.br\/tvnews\/coracao-de-mae-atilla-decide-abrir-o-jogo-com-karsu\/\" class=\"_blank\" target=\"_blank\" >Cora\u00e7\u00e3o de M\u00e3e: Atilla decide abrir o jogo com Karsu<\/a><\/h4><\/div><\/div>\n<div class=\"col-md-6 col-sm-12 col-xs-12 pt-cv-content-item pt-cv-1-col\" ><div class='pt-cv-ifield'><a href=\"https:\/\/www.tvnovelas.com.br\/tvnews\/coracao-de-mae-adnan-e-preso-apos-denuncia-de-irmak\/\" class=\"_blank pt-cv-href-thumbnail pt-cv-thumb-default\" target=\"_blank\" ><img decoding=\"async\" width=\"728\" height=\"408\" src=\"https:\/\/i0.wp.com\/www.tvnovelas.com.br\/tvnews\/wp-content\/uploads\/2026\/04\/13179.jpg?fit=728%2C408&amp;ssl=1\" class=\"pt-cv-thumbnail\" alt=\"Foto erm Cora\u00e7\u00e3o de M\u00e3e: Adnan \u00e9 preso ap\u00f3s denuncia de Irmak\" srcset=\"https:\/\/i0.wp.com\/www.tvnovelas.com.br\/tvnews\/wp-content\/uploads\/2026\/04\/13179.jpg?w=728&amp;ssl=1 728w, https:\/\/i0.wp.com\/www.tvnovelas.com.br\/tvnews\/wp-content\/uploads\/2026\/04\/13179.jpg?resize=250%2C140&amp;ssl=1 250w\" sizes=\"(max-width: 728px) 100vw, 728px\" \/><\/a>\n<h4 class=\"pt-cv-title\"><a href=\"https:\/\/www.tvnovelas.com.br\/tvnews\/coracao-de-mae-adnan-e-preso-apos-denuncia-de-irmak\/\" class=\"_blank\" target=\"_blank\" >Em Cora\u00e7\u00e3o de M\u00e3e: Adnan \u00e9 preso ap\u00f3s denuncia de Irmak<\/a><\/h4><\/div><\/div>\n<div class=\"col-md-6 col-sm-12 col-xs-12 pt-cv-content-item pt-cv-1-col\" ><div class='pt-cv-ifield'><a href=\"https:\/\/www.tvnovelas.com.br\/tvnews\/coracao-de-mae-atilla-forca-karsu-a-ouvir-suas-explicacoes\/\" class=\"_blank pt-cv-href-thumbnail pt-cv-thumb-default\" target=\"_blank\" ><img decoding=\"async\" width=\"728\" height=\"410\" src=\"https:\/\/i0.wp.com\/www.tvnovelas.com.br\/tvnews\/wp-content\/uploads\/2026\/04\/13178.jpg?fit=728%2C410&amp;ssl=1\" class=\"pt-cv-thumbnail\" alt=\"Foto em Cora\u00e7\u00e3o de M\u00e3e: Atilla for\u00e7a Karsu a ouvir suas explica\u00e7\u00f5es\" srcset=\"https:\/\/i0.wp.com\/www.tvnovelas.com.br\/tvnews\/wp-content\/uploads\/2026\/04\/13178.jpg?w=728&amp;ssl=1 728w, https:\/\/i0.wp.com\/www.tvnovelas.com.br\/tvnews\/wp-content\/uploads\/2026\/04\/13178.jpg?resize=250%2C141&amp;ssl=1 250w\" sizes=\"(max-width: 728px) 100vw, 728px\" \/><\/a>\n<h4 class=\"pt-cv-title\"><a href=\"https:\/\/www.tvnovelas.com.br\/tvnews\/coracao-de-mae-atilla-forca-karsu-a-ouvir-suas-explicacoes\/\" class=\"_blank\" target=\"_blank\" >Cora\u00e7\u00e3o de M\u00e3e: Atilla for\u00e7a Karsu a ouvir suas explica\u00e7\u00f5es<\/a><\/h4><\/div><\/div>\n<div class=\"col-md-6 col-sm-12 col-xs-12 pt-cv-content-item pt-cv-1-col\" ><div class='pt-cv-ifield'><a href=\"https:\/\/www.tvnovelas.com.br\/tvnews\/coracao-acelerado-mulher-choca-janete-ao-se-apresentar-como-amante-do-palhares\/\" class=\"_blank pt-cv-href-thumbnail pt-cv-thumb-default\" target=\"_blank\" ><img decoding=\"async\" width=\"728\" height=\"410\" src=\"https:\/\/i0.wp.com\/www.tvnovelas.com.br\/tvnews\/wp-content\/uploads\/2026\/04\/13176.jpg?fit=728%2C410&amp;ssl=1\" class=\"pt-cv-thumbnail\" alt=\"Foto em Cora\u00e7\u00e3o Acelerado: Mulher choca Janete ao se apresentar como amante do Palhares\" srcset=\"https:\/\/i0.wp.com\/www.tvnovelas.com.br\/tvnews\/wp-content\/uploads\/2026\/04\/13176.jpg?w=728&amp;ssl=1 728w, https:\/\/i0.wp.com\/www.tvnovelas.com.br\/tvnews\/wp-content\/uploads\/2026\/04\/13176.jpg?resize=250%2C141&amp;ssl=1 250w\" sizes=\"(max-width: 728px) 100vw, 728px\" \/><\/a>\n<h4 class=\"pt-cv-title\"><a href=\"https:\/\/www.tvnovelas.com.br\/tvnews\/coracao-acelerado-mulher-choca-janete-ao-se-apresentar-como-amante-do-palhares\/\" class=\"_blank\" target=\"_blank\" >Cora\u00e7\u00e3o Acelerado: Mulher choca Janete ao se apresentar como amante do Palhares<\/a><\/h4><\/div><\/div>\n<div class=\"col-md-6 col-sm-12 col-xs-12 pt-cv-content-item pt-cv-1-col\" ><div class='pt-cv-ifield'><a href=\"https:\/\/www.tvnovelas.com.br\/tvnews\/a-nobreza-do-amor-jendal-dobra-a-recompensa-por-alika\/\" class=\"_blank pt-cv-href-thumbnail pt-cv-thumb-default\" target=\"_blank\" ><img decoding=\"async\" width=\"728\" height=\"410\" src=\"https:\/\/i0.wp.com\/www.tvnovelas.com.br\/tvnews\/wp-content\/uploads\/2026\/04\/13175.jpg?fit=728%2C410&amp;ssl=1\" class=\"pt-cv-thumbnail\" alt=\"Foto em A Nobreza do Amor: Jendal dobra a recompensa por Alika\" srcset=\"https:\/\/i0.wp.com\/www.tvnovelas.com.br\/tvnews\/wp-content\/uploads\/2026\/04\/13175.jpg?w=728&amp;ssl=1 728w, https:\/\/i0.wp.com\/www.tvnovelas.com.br\/tvnews\/wp-content\/uploads\/2026\/04\/13175.jpg?resize=250%2C141&amp;ssl=1 250w\" sizes=\"(max-width: 728px) 100vw, 728px\" \/><\/a>\n<h4 class=\"pt-cv-title\"><a href=\"https:\/\/www.tvnovelas.com.br\/tvnews\/a-nobreza-do-amor-jendal-dobra-a-recompensa-por-alika\/\" class=\"_blank\" target=\"_blank\" >A Nobreza do Amor: Jendal dobra a recompensa por Alika<\/a><\/h4><\/div><\/div><\/div><\/div><\/div><br \/>\n<a href=\"https:\/\/tvnovelas.com.br\/filmes\/filmes-na-tv-segunda\/\" target=\"_blank\" rel=\"noopener\">Confira a Programa\u00e7\u00e3o de Filmes na TV aberta<\/a><\/p>\n","protected":false},"excerpt":{"rendered":"<p>Dona de Mim:  Abel descobre&#8230; Em Dona de Mim, Leo (Clara Moneke) leu a carta que Ellen (Camila Pitanga) deixou para Sofia (Elis Cabral) e descobriu&#8230;.<\/p>\n","protected":false},"author":1,"featured_media":76963,"comment_status":"closed","ping_status":"closed","sticky":false,"template":"","format":"standard","meta":{"_uf_show_specific_survey":0,"_uf_disable_surveys":false,"_jetpack_memberships_contains_paid_content":false,"footnotes":"","_wp_rev_ctl_limit":""},"categories":[884],"tags":[883,5,64],"class_list":["post-76962","post","type-post","status-publish","format-standard","has-post-thumbnail","hentry","category-dona-de-mim","tag-dona-de-mim","tag-globo","tag-novelas","wpcat-884-id"],"aioseo_notices":[],"jetpack_featured_media_url":"https:\/\/i0.wp.com\/www.tvnovelas.com.br\/tvnews\/wp-content\/uploads\/2025\/06\/11255.jpg?fit=726%2C410&ssl=1","jetpack_shortlink":"https:\/\/wp.me\/pdP2BO-k1k","jetpack_sharing_enabled":true,"_links":{"self":[{"href":"https:\/\/www.tvnovelas.com.br\/tvnews\/wp-json\/wp\/v2\/posts\/76962","targetHints":{"allow":["GET"]}}],"collection":[{"href":"https:\/\/www.tvnovelas.com.br\/tvnews\/wp-json\/wp\/v2\/posts"}],"about":[{"href":"https:\/\/www.tvnovelas.com.br\/tvnews\/wp-json\/wp\/v2\/types\/post"}],"author":[{"embeddable":true,"href":"https:\/\/www.tvnovelas.com.br\/tvnews\/wp-json\/wp\/v2\/users\/1"}],"replies":[{"embeddable":true,"href":"https:\/\/www.tvnovelas.com.br\/tvnews\/wp-json\/wp\/v2\/comments?post=76962"}],"version-history":[{"count":1,"href":"https:\/\/www.tvnovelas.com.br\/tvnews\/wp-json\/wp\/v2\/posts\/76962\/revisions"}],"predecessor-version":[{"id":76964,"href":"https:\/\/www.tvnovelas.com.br\/tvnews\/wp-json\/wp\/v2\/posts\/76962\/revisions\/76964"}],"wp:featuredmedia":[{"embeddable":true,"href":"https:\/\/www.tvnovelas.com.br\/tvnews\/wp-json\/wp\/v2\/media\/76963"}],"wp:attachment":[{"href":"https:\/\/www.tvnovelas.com.br\/tvnews\/wp-json\/wp\/v2\/media?parent=76962"}],"wp:term":[{"taxonomy":"category","embeddable":true,"href":"https:\/\/www.tvnovelas.com.br\/tvnews\/wp-json\/wp\/v2\/categories?post=76962"},{"taxonomy":"post_tag","embeddable":true,"href":"https:\/\/www.tvnovelas.com.br\/tvnews\/wp-json\/wp\/v2\/tags?post=76962"}],"curies":[{"name":"wp","href":"https:\/\/api.w.org\/{rel}","templated":true}]}}