{"id":76973,"date":"2025-06-08T16:05:51","date_gmt":"2025-06-08T19:05:51","guid":{"rendered":"https:\/\/www.tvnovelas.com.br\/tvnews\/?p=76973"},"modified":"2025-06-08T16:06:16","modified_gmt":"2025-06-08T19:06:16","slug":"forca-de-mulher-sirin-acusa-ceyda-e-bahar-de-ladras","status":"publish","type":"post","link":"https:\/\/www.tvnovelas.com.br\/tvnews\/forca-de-mulher-sirin-acusa-ceyda-e-bahar-de-ladras\/","title":{"rendered":"For\u00e7a de Mulher: Sirin acusa Ceyda e Bahar de ladras"},"content":{"rendered":"<figure id=\"attachment_76974\" aria-describedby=\"caption-attachment-76974\" style=\"width: 728px\" class=\"wp-caption alignnone\"><img data-recalc-dims=\"1\" decoding=\"async\" class=\"wp-image-76974 size-full\" title=\"(Foto: Record TV\/For\u00e7a de Mulher)\" src=\"https:\/\/i0.wp.com\/www.tvnovelas.com.br\/tvnews\/wp-content\/uploads\/2025\/06\/11259a.jpg?resize=728%2C410&#038;ssl=1\" alt=\"Foto em For\u00e7a de Mulher: Sirin acusa Ceyda e Bahar de ladras\" width=\"728\" height=\"410\" srcset=\"https:\/\/i0.wp.com\/www.tvnovelas.com.br\/tvnews\/wp-content\/uploads\/2025\/06\/11259a.jpg?w=728&amp;ssl=1 728w, https:\/\/i0.wp.com\/www.tvnovelas.com.br\/tvnews\/wp-content\/uploads\/2025\/06\/11259a.jpg?resize=250%2C141&amp;ssl=1 250w\" sizes=\"(max-width: 728px) 100vw, 728px\" \/><figcaption id=\"caption-attachment-76974\" class=\"wp-caption-text\">For\u00e7a de Mulher: Sirin acusa Ceyda e Bahar de ladras<\/figcaption><\/figure>\n<p>No cap\u00edtulo de For\u00e7a de Mulher, nesta segunda, dia 09, Enver discute com Sirin e ela afirma que Ceyda e Bahar s\u00e3o ladras. Angustiado, Enver vai \u00e0 casa de Fazilet e questiona a escritora&#8230;. Confira o resumo completo do cap\u00edtulo de hoje:<\/p>\n<p>h2 style=&#8221;color: #3a0519;&#8221;&gt;Resumo de segunda-feira, 09 de junho<\/p>\n<p>Ap\u00f3s a confus\u00e3o no apartamento de Enver, Bahar e Ceyda v\u00e3o embora com as crian\u00e7as. Ceyda chora ao ver Arda dormindo e promete que n\u00e3o vai deixar que ningu\u00e9m o tire de perto dela. No dia seguinte, Saltimis v\u00ea Ceyda dormindo abra\u00e7ada com Arda e se entristece. Ele sai de casa sem que a m\u00e3e o veja, mas Arif o encontra no corredor e o leva para a escola. Assim que Arif vira as costas, o garoto foge do col\u00e9gio. Bahar avisa Kesmet que Cem voltou a ligar para ela e a advogada promete ajud\u00e1-la. O bandido se irrita com a advogada e declara guerra. Arif v\u00ea Cem saindo do escrit\u00f3rio de Kesmet e fica intrigado. Kesmet aconselha Arif a jogar a arma de Sarp no mar. Saltimins engana Arif na sa\u00edda da escola e, na cafeteria, rouba o dinheiro do pagamento de uma das mesas. Enver discute com Sirin e ela afirma que Ceyda e Bahar s\u00e3o ladras. Angustiado, Enver vai \u00e0 casa de Fazilet e questiona a escritora.<\/p>\n<p><!--FIM DO POST--><\/p>\n<div class=\"fb-comments\" data-width=\"100%\" data-order-by=\"reverse_time\" data-numposts=\"5\"><\/div>\n<h2>Saiba mais:<\/h2>\n<p><a href=\"https:\/\/tvnovelas.com.br\/novelas\/resumos-de-forca-de-mulher\/\" target=\"_blank\" rel=\"noopener\">Resumos da semana de For\u00e7a de Mulher<\/a><br \/>\n<a href=\"https:\/\/tvnovelas.com.br\/page2\/arquivo\/forca-de-mulher-as-lutas-de-bahar\/\" target=\"_blank\" rel=\"noopener\">For\u00e7a de Mulher: As lutas de Bahar (Sinopse)<\/a><br \/>\n<a href=\"https:\/\/pt.wikipedia.org\/wiki\/Kad%C4%B1n\" target=\"_blank\" rel=\"noopener\">Sobre For\u00e7a de Mulher na Wikipedia<\/a><br \/>\n<a href=\"https:\/\/www.facebook.com\/tevenovelas\/\">\u00daltimas not\u00edcias do TV Novelas no Facebook<\/a><br \/>\n<a href=\"https:\/\/tvnovelas.com.br\/novelas\/\">Resumos de todas as novelas<\/a><\/p>\n<h2>\u00daltimas not\u00edcias das novelas<\/h2>\n<p>[wp-rss-aggregator feeds=&#8221;todas&#8221;]<\/p>\n","protected":false},"excerpt":{"rendered":"<p>For\u00e7a de Mulher: Sirin acusa Ceyda e Bahar&#8230; No cap\u00edtulo de For\u00e7a de Mulher, nesta segunda, dia 09, Enver discute com Sirin e ela afirma que Ceyda e Bahar&#8230;<\/p>\n","protected":false},"author":1,"featured_media":76974,"comment_status":"closed","ping_status":"closed","sticky":false,"template":"","format":"standard","meta":{"_uf_show_specific_survey":0,"_uf_disable_surveys":false,"_jetpack_memberships_contains_paid_content":false,"footnotes":"","_wp_rev_ctl_limit":""},"categories":[803],"tags":[805,5,64],"class_list":["post-76973","post","type-post","status-publish","format-standard","has-post-thumbnail","hentry","category-forca-de-mulher","tag-forca-de-mulher","tag-globo","tag-novelas","wpcat-803-id"],"aioseo_notices":[],"jetpack_featured_media_url":"https:\/\/i0.wp.com\/www.tvnovelas.com.br\/tvnews\/wp-content\/uploads\/2025\/06\/11259a.jpg?fit=728%2C410&ssl=1","jetpack_shortlink":"https:\/\/wp.me\/pdP2BO-k1v","jetpack_sharing_enabled":true,"_links":{"self":[{"href":"https:\/\/www.tvnovelas.com.br\/tvnews\/wp-json\/wp\/v2\/posts\/76973","targetHints":{"allow":["GET"]}}],"collection":[{"href":"https:\/\/www.tvnovelas.com.br\/tvnews\/wp-json\/wp\/v2\/posts"}],"about":[{"href":"https:\/\/www.tvnovelas.com.br\/tvnews\/wp-json\/wp\/v2\/types\/post"}],"author":[{"embeddable":true,"href":"https:\/\/www.tvnovelas.com.br\/tvnews\/wp-json\/wp\/v2\/users\/1"}],"replies":[{"embeddable":true,"href":"https:\/\/www.tvnovelas.com.br\/tvnews\/wp-json\/wp\/v2\/comments?post=76973"}],"version-history":[{"count":2,"href":"https:\/\/www.tvnovelas.com.br\/tvnews\/wp-json\/wp\/v2\/posts\/76973\/revisions"}],"predecessor-version":[{"id":76976,"href":"https:\/\/www.tvnovelas.com.br\/tvnews\/wp-json\/wp\/v2\/posts\/76973\/revisions\/76976"}],"wp:featuredmedia":[{"embeddable":true,"href":"https:\/\/www.tvnovelas.com.br\/tvnews\/wp-json\/wp\/v2\/media\/76974"}],"wp:attachment":[{"href":"https:\/\/www.tvnovelas.com.br\/tvnews\/wp-json\/wp\/v2\/media?parent=76973"}],"wp:term":[{"taxonomy":"category","embeddable":true,"href":"https:\/\/www.tvnovelas.com.br\/tvnews\/wp-json\/wp\/v2\/categories?post=76973"},{"taxonomy":"post_tag","embeddable":true,"href":"https:\/\/www.tvnovelas.com.br\/tvnews\/wp-json\/wp\/v2\/tags?post=76973"}],"curies":[{"name":"wp","href":"https:\/\/api.w.org\/{rel}","templated":true}]}}