{"id":77034,"date":"2025-06-10T11:05:52","date_gmt":"2025-06-10T14:05:52","guid":{"rendered":"https:\/\/www.tvnovelas.com.br\/tvnews\/?p=77034"},"modified":"2025-06-10T11:05:52","modified_gmt":"2025-06-10T14:05:52","slug":"forca-de-mulher-ceyda-e-recontratada-por-fazilet","status":"publish","type":"post","link":"https:\/\/www.tvnovelas.com.br\/tvnews\/forca-de-mulher-ceyda-e-recontratada-por-fazilet\/","title":{"rendered":"For\u00e7a de Mulher: Ceyda \u00e9 recontratada por Fazilet"},"content":{"rendered":"<p><figure id=\"attachment_77035\" aria-describedby=\"caption-attachment-77035\" style=\"width: 725px\" class=\"wp-caption alignnone\"><img data-recalc-dims=\"1\" decoding=\"async\" src=\"https:\/\/i0.wp.com\/www.tvnovelas.com.br\/tvnews\/wp-content\/uploads\/2025\/06\/11273.jpg?resize=725%2C410&#038;ssl=1\" alt=\"Foto em For\u00e7a de Mulher: Ceyda \u00e9 recontratada por Fazilet\" width=\"725\" height=\"410\" class=\"size-full wp-image-77035\" srcset=\"https:\/\/i0.wp.com\/www.tvnovelas.com.br\/tvnews\/wp-content\/uploads\/2025\/06\/11273.jpg?w=725&amp;ssl=1 725w, https:\/\/i0.wp.com\/www.tvnovelas.com.br\/tvnews\/wp-content\/uploads\/2025\/06\/11273.jpg?resize=250%2C141&amp;ssl=1 250w\" sizes=\"(max-width: 725px) 100vw, 725px\" \/><figcaption id=\"caption-attachment-77035\" class=\"wp-caption-text\">For\u00e7a de Mulher: Ceyda \u00e9 recontratada por Fazilet<\/figcaption><\/figure><br \/>\n(Foto: Record TV\/For\u00e7a de Mulher)<br \/>\nNo cap\u00edtulo de For\u00e7a de Mulher, nesta ter\u00e7a, 10, Ceyda vai ao apartamento de Fazilet e, para agradar o filho, a escritora recontrata a mo\u00e7a, que fica surpresa. Raif finalmente sai do quarto, radiante com a volta de Ceyda&#8230; Confira o resumo completo do cap\u00edtulo de hoje:<\/p>\n<p>h2 style=&#8221;color: #3a0519;&#8221;>Resumo de ter\u00e7a-feira, 10 de junho<\/h2>\n<p>Enver volta furioso ap\u00f3s a visita na casa de Fazilet e chama Bahar e Ceyda para uma conversa s\u00e9ria, deixando Sirin radiante. Saltimis fica com ci\u00fames pela forma como Ceyda cuida de Arda e a m\u00e3e se preocupa ao perceber que ele est\u00e1 doente. Sirin tenta agradar Enver, mas o pai reluta em perdoar a mo\u00e7a. Sirin tenta presentear Bahar e Ceyda com um doce, mas as duas batem a porta na cara da jovem. Ysuf  cobra o aluguel de Ceyda. Saltimis foge da escola novamente. Ceyda vai ao apartamento de Fazilet e, para agradar o filho, a escritora recontrata a mo\u00e7a, que fica surpresa. Raif finalmente sai do quarto, radiante com a volta de Ceyda. Bahar vai \u00e0 cafeteria e Arif se alegra. Os dois saem para um passeio, em clima rom\u00e2ntico. Fazilet n\u00e3o acredita na inoc\u00eancia de Ceyda.<br \/>\n<!--FIM DO POST--><\/p>\n<div class=\"fb-comments\" data-width=\"100%\" data-order-by=\"reverse_time\" data-numposts=\"5\"><\/div>\n<h2>Saiba mais:<\/h2>\n<p><a href=\"https:\/\/tvnovelas.com.br\/novelas\/resumos-de-forca-de-mulher\/\" target=\"_blank\" rel=\"noopener\">Resumos da semana de For\u00e7a de Mulher<\/a><br \/>\n<a href=\"https:\/\/tvnovelas.com.br\/page2\/arquivo\/forca-de-mulher-as-lutas-de-bahar\/\" target=\"_blank\" rel=\"noopener\">For\u00e7a de Mulher: As lutas de Bahar (Sinopse)<\/a><br \/>\n<a href=\"https:\/\/pt.wikipedia.org\/wiki\/Kad%C4%B1n\" target=\"_blank\" rel=\"noopener\">Sobre For\u00e7a de Mulher na Wikipedia<\/a><br \/>\n<a href=\"https:\/\/www.facebook.com\/tevenovelas\/\">\u00daltimas not\u00edcias do TV Novelas no Facebook<\/a><br \/>\n<a href=\"https:\/\/tvnovelas.com.br\/novelas\/\">Resumos de todas as novelas<\/a><\/p>\n<h2>\u00daltimas not\u00edcias das novelas<\/h2>\n<p>[wp-rss-aggregator feeds=&#8221;todas&#8221;]<\/p>\n","protected":false},"excerpt":{"rendered":"<p>For\u00e7a de Mulher: Ceyda \u00e9 recontratada por Fazilet&#8230; No cap\u00edtulo de For\u00e7a de Mulher, nesta ter\u00e7a, 10, Ceyda vai ao apartamento de Fazilet e, para agradar o filho&#8230;<\/p>\n","protected":false},"author":1,"featured_media":77035,"comment_status":"closed","ping_status":"closed","sticky":false,"template":"","format":"standard","meta":{"_uf_show_specific_survey":0,"_uf_disable_surveys":false,"_jetpack_memberships_contains_paid_content":false,"footnotes":"","_wp_rev_ctl_limit":""},"categories":[803],"tags":[805,64,14],"class_list":["post-77034","post","type-post","status-publish","format-standard","has-post-thumbnail","hentry","category-forca-de-mulher","tag-forca-de-mulher","tag-novelas","tag-record","wpcat-803-id"],"aioseo_notices":[],"jetpack_featured_media_url":"https:\/\/i0.wp.com\/www.tvnovelas.com.br\/tvnews\/wp-content\/uploads\/2025\/06\/11273.jpg?fit=725%2C410&ssl=1","jetpack_shortlink":"https:\/\/wp.me\/pdP2BO-k2u","jetpack_sharing_enabled":true,"_links":{"self":[{"href":"https:\/\/www.tvnovelas.com.br\/tvnews\/wp-json\/wp\/v2\/posts\/77034","targetHints":{"allow":["GET"]}}],"collection":[{"href":"https:\/\/www.tvnovelas.com.br\/tvnews\/wp-json\/wp\/v2\/posts"}],"about":[{"href":"https:\/\/www.tvnovelas.com.br\/tvnews\/wp-json\/wp\/v2\/types\/post"}],"author":[{"embeddable":true,"href":"https:\/\/www.tvnovelas.com.br\/tvnews\/wp-json\/wp\/v2\/users\/1"}],"replies":[{"embeddable":true,"href":"https:\/\/www.tvnovelas.com.br\/tvnews\/wp-json\/wp\/v2\/comments?post=77034"}],"version-history":[{"count":1,"href":"https:\/\/www.tvnovelas.com.br\/tvnews\/wp-json\/wp\/v2\/posts\/77034\/revisions"}],"predecessor-version":[{"id":77036,"href":"https:\/\/www.tvnovelas.com.br\/tvnews\/wp-json\/wp\/v2\/posts\/77034\/revisions\/77036"}],"wp:featuredmedia":[{"embeddable":true,"href":"https:\/\/www.tvnovelas.com.br\/tvnews\/wp-json\/wp\/v2\/media\/77035"}],"wp:attachment":[{"href":"https:\/\/www.tvnovelas.com.br\/tvnews\/wp-json\/wp\/v2\/media?parent=77034"}],"wp:term":[{"taxonomy":"category","embeddable":true,"href":"https:\/\/www.tvnovelas.com.br\/tvnews\/wp-json\/wp\/v2\/categories?post=77034"},{"taxonomy":"post_tag","embeddable":true,"href":"https:\/\/www.tvnovelas.com.br\/tvnews\/wp-json\/wp\/v2\/tags?post=77034"}],"curies":[{"name":"wp","href":"https:\/\/api.w.org\/{rel}","templated":true}]}}