{"id":77081,"date":"2025-06-11T10:38:46","date_gmt":"2025-06-11T13:38:46","guid":{"rendered":"https:\/\/www.tvnovelas.com.br\/tvnews\/?p=77081"},"modified":"2025-06-11T10:38:46","modified_gmt":"2025-06-11T13:38:46","slug":"a-caverna-encantada-safira-passeia-pelo-rosa-dos-ventos","status":"publish","type":"post","link":"https:\/\/www.tvnovelas.com.br\/tvnews\/a-caverna-encantada-safira-passeia-pelo-rosa-dos-ventos\/","title":{"rendered":"A Caverna Encantada: Safira passeia pelo Rosa dos Ventos"},"content":{"rendered":"<figure id=\"attachment_77082\" aria-describedby=\"caption-attachment-77082\" style=\"width: 728px\" class=\"wp-caption alignnone\"><img data-recalc-dims=\"1\" decoding=\"async\" class=\"size-full wp-image-77082\" src=\"https:\/\/i0.wp.com\/www.tvnovelas.com.br\/tvnews\/wp-content\/uploads\/2025\/06\/11282.jpg?resize=728%2C410&#038;ssl=1\" alt=\"Foto em A Caverna Encantada: Safira passeia pelo Rosa dos Ventos\" width=\"728\" height=\"410\" srcset=\"https:\/\/i0.wp.com\/www.tvnovelas.com.br\/tvnews\/wp-content\/uploads\/2025\/06\/11282.jpg?w=728&amp;ssl=1 728w, https:\/\/i0.wp.com\/www.tvnovelas.com.br\/tvnews\/wp-content\/uploads\/2025\/06\/11282.jpg?resize=250%2C141&amp;ssl=1 250w\" sizes=\"(max-width: 728px) 100vw, 728px\" \/><figcaption id=\"caption-attachment-77082\" class=\"wp-caption-text\">A Caverna Encantada: Safira passeia pelo Rosa dos Ventos<\/figcaption><\/figure>\n<p>No cap\u00edtulo de A Caverna Encantada desta quarta, dia 11, Nesta quarta-feira (11), Safira manipula Isadora contra Anna e Manu.<\/p>\n<p>Enquanto isso, Shirley e Wanda fotografam Anna dormindo no quartinho inc\u00f4modo como prova para Norma, que decide libert\u00e1-la. Dalete alerta Mois\u00e9s para se afastar do seu irm\u00e3o.<\/p>\n<p>E mais: Ao perceber a proximidade entre Gabriel e Pilar, a diretora entende que est\u00e3o juntos. Cristina e Thomas s\u00e3o expulsos do col\u00e9gio. Isadora briga com as amigas ap\u00f3s ouvir mentiras da serpente.<br \/>\n<!--FIM--><\/p>\n<div class=\"fb-comments\" data-width=\"100%\" data-order-by=\"reverse_time\" data-numposts=\"5\"><\/div>\n<p><strong style=\"font-size: 120%;\">\u00daltimas not\u00edcias deste canal:<\/strong>\r\n<div class=\"pt-cv-wrapper\"><div class=\"pt-cv-view pt-cv-grid pt-cv-colsys\" id=\"pt-cv-view-90991035b3\"><div data-id=\"pt-cv-page-1\" class=\"pt-cv-page\" data-cvc=\"1\"><div class=\"col-md-12 col-sm-12 col-xs-12 pt-cv-content-item pt-cv-1-col\" ><div class='pt-cv-ifield'><h4 class=\"pt-cv-title\"><a href=\"https:\/\/www.tvnovelas.com.br\/tvnews\/tres-gracas-joaquim-propoe-fuga-a-arminda-com-o-dinheiro-das-tres-gracas\/\" class=\"_self\" target=\"_self\" >Tr\u00eas Gra\u00e7as:  Joaquim prop\u00f5e fuga a Arminda com o dinheiro das Tr\u00eas Gra\u00e7as<\/a><\/h4><\/div><\/div>\n<div class=\"col-md-12 col-sm-12 col-xs-12 pt-cv-content-item pt-cv-1-col\" ><div class='pt-cv-ifield'><h4 class=\"pt-cv-title\"><a href=\"https:\/\/www.tvnovelas.com.br\/tvnews\/coracao-de-mae-atilla-decide-abrir-o-jogo-com-karsu\/\" class=\"_self\" target=\"_self\" >Cora\u00e7\u00e3o de M\u00e3e: Atilla decide abrir o jogo com Karsu<\/a><\/h4><\/div><\/div>\n<div class=\"col-md-12 col-sm-12 col-xs-12 pt-cv-content-item pt-cv-1-col\" ><div class='pt-cv-ifield'><h4 class=\"pt-cv-title\"><a href=\"https:\/\/www.tvnovelas.com.br\/tvnews\/coracao-de-mae-adnan-e-preso-apos-denuncia-de-irmak\/\" class=\"_self\" target=\"_self\" >Em Cora\u00e7\u00e3o de M\u00e3e: Adnan \u00e9 preso ap\u00f3s denuncia de Irmak<\/a><\/h4><\/div><\/div>\n<div class=\"col-md-12 col-sm-12 col-xs-12 pt-cv-content-item pt-cv-1-col\" ><div class='pt-cv-ifield'><h4 class=\"pt-cv-title\"><a href=\"https:\/\/www.tvnovelas.com.br\/tvnews\/coracao-de-mae-atilla-forca-karsu-a-ouvir-suas-explicacoes\/\" class=\"_self\" target=\"_self\" >Cora\u00e7\u00e3o de M\u00e3e: Atilla for\u00e7a Karsu a ouvir suas explica\u00e7\u00f5es<\/a><\/h4><\/div><\/div>\n<div class=\"col-md-12 col-sm-12 col-xs-12 pt-cv-content-item pt-cv-1-col\" ><div class='pt-cv-ifield'><h4 class=\"pt-cv-title\"><a href=\"https:\/\/www.tvnovelas.com.br\/tvnews\/coracao-acelerado-mulher-choca-janete-ao-se-apresentar-como-amante-do-palhares\/\" class=\"_self\" target=\"_self\" >Cora\u00e7\u00e3o Acelerado: Mulher choca Janete ao se apresentar como amante do Palhares<\/a><\/h4><\/div><\/div>\n<div class=\"col-md-12 col-sm-12 col-xs-12 pt-cv-content-item pt-cv-1-col\" ><div class='pt-cv-ifield'><h4 class=\"pt-cv-title\"><a href=\"https:\/\/www.tvnovelas.com.br\/tvnews\/a-nobreza-do-amor-jendal-dobra-a-recompensa-por-alika\/\" class=\"_self\" target=\"_self\" >A Nobreza do Amor: Jendal dobra a recompensa por Alika<\/a><\/h4><\/div><\/div>\n<div class=\"col-md-12 col-sm-12 col-xs-12 pt-cv-content-item pt-cv-1-col\" ><div class='pt-cv-ifield'><h4 class=\"pt-cv-title\"><a href=\"https:\/\/www.tvnovelas.com.br\/tvnews\/tres-gracas-bagda-e-preso-por-juquinha\/\" class=\"_self\" target=\"_self\" >Tr\u00eas Gra\u00e7as:  Bagd\u00e1 \u00e9 preso por Juquinha<\/a><\/h4><\/div><\/div>\n<div class=\"col-md-12 col-sm-12 col-xs-12 pt-cv-content-item pt-cv-1-col\" ><div class='pt-cv-ifield'><h4 class=\"pt-cv-title\"><a href=\"https:\/\/www.tvnovelas.com.br\/tvnews\/os-resumos-de-tres-gracas-da-semana-27-4-a-02-de-maio\/\" class=\"_self\" target=\"_self\" >Os resumos de Tr\u00eas Gra\u00e7as da semana 27\/4 a 02 de maio<\/a><\/h4><\/div><\/div>\n<div class=\"col-md-12 col-sm-12 col-xs-12 pt-cv-content-item pt-cv-1-col\" ><div class='pt-cv-ifield'><h4 class=\"pt-cv-title\"><a href=\"https:\/\/www.tvnovelas.com.br\/tvnews\/o-que-se-passa-em-a-nobreza-do-amor-na-semana-27-4-a-02-5\/\" class=\"_self\" target=\"_self\" >O que se passa em A Nobreza do Amor na semana 27\/4 a 02\/5<\/a><\/h4><\/div><\/div>\n<div class=\"col-md-12 col-sm-12 col-xs-12 pt-cv-content-item pt-cv-1-col\" ><div class='pt-cv-ifield'><h4 class=\"pt-cv-title\"><a href=\"https:\/\/www.tvnovelas.com.br\/tvnews\/a-nobreza-do-amor-virginia-e-humilhada-apos-perder-concurso-de-miss\/\" class=\"_self\" target=\"_self\" >A Nobreza do Amor: Virg\u00ednia \u00e9 humilhada ap\u00f3s perder concurso de miss<\/a><\/h4><\/div><\/div><\/div><\/div><\/div>\r\n<a href=\"https:\/\/www.tvnovelas.com.br\/novelas\/\"><strong>Confira os resumos da semana de todas novelas<\/strong><\/a><\/br>\r\n<h3>Confira tamb\u00e9m<\/h3>\r\n<a href=\"https:\/\/www.tvnovelas.com.br\/filmes\/\" target=\"_blank\" rel=\"noopener noreferrer\"><strong>Programa\u00e7\u00e3o de filmes na TV aberta<\/strong><\/a><\/br>\r\n<a href=\"https:\/\/caetenews.com.br\/semana\/filmes-da-globo-na-sessao-da-tarde-desta-semana\/\" target=\"_blank\" rel=\"noopener\"><strong>Confira os filmes da semana na Sess\u00e3o da Tarde<\/strong><\/a><\/br>\r\n<a href=\"https:\/\/www.tvnovelas.com.br\/novelas\/\" target=\"_blank\" rel=\"noopener noreferrer\"><strong>Resumos de novelas<\/strong><\/a><\/br>\r\n<a href=\"https:\/\/tvnovelas.com.br\/news\/mundo\/\" rel=\"noopener\" target=\"_blank\"><strong>News: Turismo, Cultura, Lazer e Entretenimento<\/strong><\/a><br \/>\n<a href=\"https:\/\/tvnovelas.com.br\/novelas\/resumos-de-a-caverna-encantada\/\">Confira os resumos da semana de &#8216;A Caverna Encantada&#8217;<\/a><br \/>\n<a href=\"https:\/\/pt.wikipedia.org\/wiki\/A_Caverna_Encantada\" target=\"_blank\" rel=\"noopener\">Sobre A Caverna Encantada na Wikipedia<\/a><br \/>\n<a href=\"https:\/\/www.facebook.com\/tevenovelas\/\">\u00daltimas not\u00edcias do TV Novelas no Facebook<\/a><br \/>\n<a href=\"https:\/\/www.tvnovelas.com.br\/tvnews\/\" target=\"_blank\" rel=\"noopener\">As \u00faltimas not\u00edcias das novelas<\/a><\/p>\n","protected":false},"excerpt":{"rendered":"<p>A Caverna Encantada: Safira passeia&#8230; No cap\u00edtulo de A Caverna Encantada desta quarta, dia 11, Nesta quarta-feira (11), Safira manipula Isadora&#8230;<\/p>\n","protected":false},"author":1,"featured_media":77082,"comment_status":"closed","ping_status":"closed","sticky":false,"template":"","format":"standard","meta":{"_uf_show_specific_survey":0,"_uf_disable_surveys":false,"_jetpack_memberships_contains_paid_content":false,"footnotes":"","_wp_rev_ctl_limit":""},"categories":[766],"tags":[767,5,64,902,901],"class_list":["post-77081","post","type-post","status-publish","format-standard","has-post-thumbnail","hentry","category-a-caverna-encantada","tag-a-caverna-encantada","tag-globo","tag-novelas","tag-rosa-dos-ventos","tag-safira","wpcat-766-id"],"aioseo_notices":[],"jetpack_featured_media_url":"https:\/\/i0.wp.com\/www.tvnovelas.com.br\/tvnews\/wp-content\/uploads\/2025\/06\/11282.jpg?fit=728%2C410&ssl=1","jetpack_shortlink":"https:\/\/wp.me\/pdP2BO-k3f","jetpack_sharing_enabled":true,"_links":{"self":[{"href":"https:\/\/www.tvnovelas.com.br\/tvnews\/wp-json\/wp\/v2\/posts\/77081","targetHints":{"allow":["GET"]}}],"collection":[{"href":"https:\/\/www.tvnovelas.com.br\/tvnews\/wp-json\/wp\/v2\/posts"}],"about":[{"href":"https:\/\/www.tvnovelas.com.br\/tvnews\/wp-json\/wp\/v2\/types\/post"}],"author":[{"embeddable":true,"href":"https:\/\/www.tvnovelas.com.br\/tvnews\/wp-json\/wp\/v2\/users\/1"}],"replies":[{"embeddable":true,"href":"https:\/\/www.tvnovelas.com.br\/tvnews\/wp-json\/wp\/v2\/comments?post=77081"}],"version-history":[{"count":1,"href":"https:\/\/www.tvnovelas.com.br\/tvnews\/wp-json\/wp\/v2\/posts\/77081\/revisions"}],"predecessor-version":[{"id":77083,"href":"https:\/\/www.tvnovelas.com.br\/tvnews\/wp-json\/wp\/v2\/posts\/77081\/revisions\/77083"}],"wp:featuredmedia":[{"embeddable":true,"href":"https:\/\/www.tvnovelas.com.br\/tvnews\/wp-json\/wp\/v2\/media\/77082"}],"wp:attachment":[{"href":"https:\/\/www.tvnovelas.com.br\/tvnews\/wp-json\/wp\/v2\/media?parent=77081"}],"wp:term":[{"taxonomy":"category","embeddable":true,"href":"https:\/\/www.tvnovelas.com.br\/tvnews\/wp-json\/wp\/v2\/categories?post=77081"},{"taxonomy":"post_tag","embeddable":true,"href":"https:\/\/www.tvnovelas.com.br\/tvnews\/wp-json\/wp\/v2\/tags?post=77081"}],"curies":[{"name":"wp","href":"https:\/\/api.w.org\/{rel}","templated":true}]}}