{"id":77245,"date":"2025-06-17T14:46:28","date_gmt":"2025-06-17T17:46:28","guid":{"rendered":"https:\/\/www.tvnovelas.com.br\/tvnews\/?p=77245"},"modified":"2025-06-17T14:46:28","modified_gmt":"2025-06-17T17:46:28","slug":"o-rico-e-lazaro-nebuzarada-busca-confissao-sobre-fuga","status":"publish","type":"post","link":"https:\/\/www.tvnovelas.com.br\/tvnews\/o-rico-e-lazaro-nebuzarada-busca-confissao-sobre-fuga\/","title":{"rendered":"O Rico e L\u00e1zaro: Nebuzarad\u00e3 busca  confiss\u00e3o sobre fuga"},"content":{"rendered":"<figure id=\"attachment_77246\" aria-describedby=\"caption-attachment-77246\" style=\"width: 728px\" class=\"wp-caption alignnone\"><img data-recalc-dims=\"1\" decoding=\"async\" class=\"wp-image-77246 size-full\" title=\"(Foto TV Record\/ O Rico e L\u00e1zaro)\" src=\"https:\/\/i0.wp.com\/www.tvnovelas.com.br\/tvnews\/wp-content\/uploads\/2025\/06\/11319.jpg?resize=728%2C408&#038;ssl=1\" alt=\"Foo em O Rico e L\u00e1zaro: Nebuzarad\u00e3 busca confiss\u00e3o sobre fuga\" width=\"728\" height=\"408\" srcset=\"https:\/\/i0.wp.com\/www.tvnovelas.com.br\/tvnews\/wp-content\/uploads\/2025\/06\/11319.jpg?w=728&amp;ssl=1 728w, https:\/\/i0.wp.com\/www.tvnovelas.com.br\/tvnews\/wp-content\/uploads\/2025\/06\/11319.jpg?resize=250%2C140&amp;ssl=1 250w\" sizes=\"(max-width: 728px) 100vw, 728px\" \/><figcaption id=\"caption-attachment-77246\" class=\"wp-caption-text\">O Rico e L\u00e1zaro: Nebuzarad\u00e3 busca confiss\u00e3o sobre fuga<\/figcaption><\/figure>\n<p>No cap\u00edtulo de \ud835\udc0e \ud835\udc11\ud835\udc22\ud835\udc1c\ud835\udc28 \ud835\udc1e \ud835\udc0b\u00e1\ud835\udc33\ud835\udc1a\ud835\udc2b\ud835\udc28, desta ter\u00e7a, dia 17, Nebuzarad\u00e3 intensificar\u00e1 sua busca por respostas e tentar\u00e1 obter uma confiss\u00e3o a respeito da fuga que abalou o pal\u00e1cio. A fuga em quest\u00e3o foi a de Asher (que mais tarde assume o nome L\u00e1zaro) do calabou\u00e7o da Babil\u00f4nia. Ele estava preso injustamente, e com a ajuda de amigos leais e aliados infiltrados, conseguiu escapar das garras de Nebuzarad\u00e3.<\/p>\n<p><strong>Resumo de hoje:<\/strong><br \/>\nNebuzarad\u00e3 segue furioso e determinado a descobrir quem facilitou a fuga de Asher. Ele interroga servos e soldados do pal\u00e1cio, amea\u00e7ando todos que possam estar envolvidos. Enquanto isso, Joana continua aflita com a situa\u00e7\u00e3o de Asher e teme pela seguran\u00e7a dele fora dos muros da cidade. Zac, dividido entre a lealdade ao amigo e seu amor por Joana, tenta manter a postura diante da crescente press\u00e3o. No pal\u00e1cio, Sammu-Ramat planeja seus pr\u00f3ximos passos para se manter no poder e continuar manipulando Nabucodonosor. As tens\u00f5es se intensificam e novas alian\u00e7as come\u00e7am a se formar.<\/p>\n<div class=\"fb-comments\" data-width=\"100%\" data-order-by=\"reverse_time\" data-numposts=\"5\"><\/div>\n<h2>Saiba mais:<\/h2>\n<p><a href=\"https:\/\/tvnovelas.com.br\/filmes\/filmes-na-tv-segunda\/\" target=\"_blank\" rel=\"noopener\">Confira a Programa\u00e7\u00e3o de Filmes na TV aberta<\/a><br \/>\n<a href=\"https:\/\/www.facebook.com\/tevenovelas\/\" target=\"_blank\" rel=\"noopener\">As \u00faltimas not\u00edcias do TV Novelas no Facebook<\/a><br \/>\n<a href=\"https:\/\/tvnovelas.com.br\/novelas\/\">O que acontece nas outras novelas<\/a><\/p>\n<h2>\u00daltimas not\u00edcias das novelas<\/h2>\n<p>[wp-rss-aggregator feeds=&#8221;todas&#8221;]<\/p>\n<\/div>\n","protected":false},"excerpt":{"rendered":"<p>O Rico e L\u00e1zaro: Nebuzarad\u00e3 busca  confiss\u00e3o sobre fuga<\/p>\n","protected":false},"author":1,"featured_media":0,"comment_status":"closed","ping_status":"closed","sticky":false,"template":"","format":"standard","meta":{"_uf_show_specific_survey":0,"_uf_disable_surveys":false,"_jetpack_memberships_contains_paid_content":false,"footnotes":"","_wp_rev_ctl_limit":""},"categories":[912],"tags":[64,52,14],"class_list":["post-77245","post","type-post","status-publish","format-standard","hentry","category-o-rico-e-lazaro","tag-novelas","tag-o-rico-e-lazaro","tag-record","wpcat-912-id"],"aioseo_notices":[],"jetpack_featured_media_url":"","jetpack_shortlink":"https:\/\/wp.me\/pdP2BO-k5T","jetpack_sharing_enabled":true,"_links":{"self":[{"href":"https:\/\/www.tvnovelas.com.br\/tvnews\/wp-json\/wp\/v2\/posts\/77245","targetHints":{"allow":["GET"]}}],"collection":[{"href":"https:\/\/www.tvnovelas.com.br\/tvnews\/wp-json\/wp\/v2\/posts"}],"about":[{"href":"https:\/\/www.tvnovelas.com.br\/tvnews\/wp-json\/wp\/v2\/types\/post"}],"author":[{"embeddable":true,"href":"https:\/\/www.tvnovelas.com.br\/tvnews\/wp-json\/wp\/v2\/users\/1"}],"replies":[{"embeddable":true,"href":"https:\/\/www.tvnovelas.com.br\/tvnews\/wp-json\/wp\/v2\/comments?post=77245"}],"version-history":[{"count":2,"href":"https:\/\/www.tvnovelas.com.br\/tvnews\/wp-json\/wp\/v2\/posts\/77245\/revisions"}],"predecessor-version":[{"id":77248,"href":"https:\/\/www.tvnovelas.com.br\/tvnews\/wp-json\/wp\/v2\/posts\/77245\/revisions\/77248"}],"wp:attachment":[{"href":"https:\/\/www.tvnovelas.com.br\/tvnews\/wp-json\/wp\/v2\/media?parent=77245"}],"wp:term":[{"taxonomy":"category","embeddable":true,"href":"https:\/\/www.tvnovelas.com.br\/tvnews\/wp-json\/wp\/v2\/categories?post=77245"},{"taxonomy":"post_tag","embeddable":true,"href":"https:\/\/www.tvnovelas.com.br\/tvnews\/wp-json\/wp\/v2\/tags?post=77245"}],"curies":[{"name":"wp","href":"https:\/\/api.w.org\/{rel}","templated":true}]}}