{"id":77316,"date":"2025-06-19T12:24:04","date_gmt":"2025-06-19T15:24:04","guid":{"rendered":"https:\/\/www.tvnovelas.com.br\/tvnews\/?p=77316"},"modified":"2025-06-19T12:27:41","modified_gmt":"2025-06-19T15:27:41","slug":"o-rico-e-lazaro-nebuzarada-quer-se-tornar-rei-da-babilonia","status":"publish","type":"post","link":"https:\/\/www.tvnovelas.com.br\/tvnews\/o-rico-e-lazaro-nebuzarada-quer-se-tornar-rei-da-babilonia\/","title":{"rendered":"O Rico e L\u00e1zaro: Nebuzarad\u00e3 quer se tornar rei da Babil\u00f4nia"},"content":{"rendered":"<figure id=\"attachment_77317\" aria-describedby=\"caption-attachment-77317\" style=\"width: 728px\" class=\"wp-caption alignnone\"><img data-recalc-dims=\"1\" decoding=\"async\" class=\"wp-image-77317 size-full\" title=\"(Foto TV Record\/ O Rico e L\u00e1zaro)\" src=\"https:\/\/i0.wp.com\/www.tvnovelas.com.br\/tvnews\/wp-content\/uploads\/2025\/06\/11335.jpg?resize=728%2C407&#038;ssl=1\" alt=\"Foto em O Rico e L\u00e1zaro: Nebuzarad\u00e3 quer se tornar rei da Babil\u00f4nia\" width=\"728\" height=\"407\" srcset=\"https:\/\/i0.wp.com\/www.tvnovelas.com.br\/tvnews\/wp-content\/uploads\/2025\/06\/11335.jpg?w=728&amp;ssl=1 728w, https:\/\/i0.wp.com\/www.tvnovelas.com.br\/tvnews\/wp-content\/uploads\/2025\/06\/11335.jpg?resize=250%2C140&amp;ssl=1 250w\" sizes=\"(max-width: 728px) 100vw, 728px\" \/><figcaption id=\"caption-attachment-77317\" class=\"wp-caption-text\">O Rico e L\u00e1zaro: Nebuzarad\u00e3 quer se tornar rei da Babil\u00f4nia<\/figcaption><\/figure>\n<p>No cap\u00edtulo desta quinta-feira, dia 19, de O Rico e L\u00e1zaro, Nebuzarad\u00e3 revela sua ambi\u00e7\u00e3o de se tornar rei da Babil\u00f4nia. Ele come\u00e7a a tramar contra seus rivais e busca aliados que possam ajud\u00e1-lo a conquistar o trono, aproveitando-se das tens\u00f5es pol\u00edticas e da instabilidade que amea\u00e7am o reino. <\/p>\n<h2>Saiba mais:<\/h2>\n<p><a href=\"https:\/\/tvnovelas.com.br\/filmes\/filmes-na-tv-segunda\/\" target=\"_blank\" rel=\"noopener\">Confira a Programa\u00e7\u00e3o de Filmes na TV aberta<\/a><br \/>\n<a href=\"https:\/\/www.facebook.com\/tevenovelas\/\" target=\"_blank\" rel=\"noopener\">As \u00faltimas not\u00edcias do TV Novelas no Facebook<\/a><br \/>\n<a href=\"https:\/\/tvnovelas.com.br\/novelas\/\">O que acontece nas outras novelas<\/a><\/p>\n<h2>\u00daltimas not\u00edcias das novelas<\/h2>\n<p>[wp-rss-aggregator feeds=&#8221;todas&#8221;]<\/p>\n<\/div>\n","protected":false},"excerpt":{"rendered":"<p>O Rico e L\u00e1zaro: Nebuzarad\u00e3 quer se tornar rei da Babil\u00f4nia&#8230; No cap\u00edtulo desta quinta-feira, dia 19, de O Rico e L\u00e1zaro, Nebuzarad\u00e3 revela sua ambi\u00e7\u00e3o&#8230;<\/p>\n","protected":false},"author":1,"featured_media":77317,"comment_status":"closed","ping_status":"closed","sticky":false,"template":"","format":"standard","meta":{"_uf_show_specific_survey":0,"_uf_disable_surveys":false,"_jetpack_memberships_contains_paid_content":false,"footnotes":"","_wp_rev_ctl_limit":""},"categories":[912],"tags":[916,915,917,64,52,14],"class_list":["post-77316","post","type-post","status-publish","format-standard","has-post-thumbnail","hentry","category-o-rico-e-lazaro","tag-ambicao","tag-babilonia","tag-nabucodonosor","tag-novelas","tag-o-rico-e-lazaro","tag-record","wpcat-912-id"],"aioseo_notices":[],"jetpack_featured_media_url":"https:\/\/i0.wp.com\/www.tvnovelas.com.br\/tvnews\/wp-content\/uploads\/2025\/06\/11335.jpg?fit=728%2C407&ssl=1","jetpack_shortlink":"https:\/\/wp.me\/pdP2BO-k72","jetpack_sharing_enabled":true,"_links":{"self":[{"href":"https:\/\/www.tvnovelas.com.br\/tvnews\/wp-json\/wp\/v2\/posts\/77316","targetHints":{"allow":["GET"]}}],"collection":[{"href":"https:\/\/www.tvnovelas.com.br\/tvnews\/wp-json\/wp\/v2\/posts"}],"about":[{"href":"https:\/\/www.tvnovelas.com.br\/tvnews\/wp-json\/wp\/v2\/types\/post"}],"author":[{"embeddable":true,"href":"https:\/\/www.tvnovelas.com.br\/tvnews\/wp-json\/wp\/v2\/users\/1"}],"replies":[{"embeddable":true,"href":"https:\/\/www.tvnovelas.com.br\/tvnews\/wp-json\/wp\/v2\/comments?post=77316"}],"version-history":[{"count":2,"href":"https:\/\/www.tvnovelas.com.br\/tvnews\/wp-json\/wp\/v2\/posts\/77316\/revisions"}],"predecessor-version":[{"id":77321,"href":"https:\/\/www.tvnovelas.com.br\/tvnews\/wp-json\/wp\/v2\/posts\/77316\/revisions\/77321"}],"wp:featuredmedia":[{"embeddable":true,"href":"https:\/\/www.tvnovelas.com.br\/tvnews\/wp-json\/wp\/v2\/media\/77317"}],"wp:attachment":[{"href":"https:\/\/www.tvnovelas.com.br\/tvnews\/wp-json\/wp\/v2\/media?parent=77316"}],"wp:term":[{"taxonomy":"category","embeddable":true,"href":"https:\/\/www.tvnovelas.com.br\/tvnews\/wp-json\/wp\/v2\/categories?post=77316"},{"taxonomy":"post_tag","embeddable":true,"href":"https:\/\/www.tvnovelas.com.br\/tvnews\/wp-json\/wp\/v2\/tags?post=77316"}],"curies":[{"name":"wp","href":"https:\/\/api.w.org\/{rel}","templated":true}]}}