{"id":77359,"date":"2025-06-20T12:50:27","date_gmt":"2025-06-20T15:50:27","guid":{"rendered":"https:\/\/www.tvnovelas.com.br\/tvnews\/?p=77359"},"modified":"2025-06-20T12:50:27","modified_gmt":"2025-06-20T15:50:27","slug":"o-rico-e-lazaro-evil-merodaque-e-coroado-mas-o-reinado-esta-em-perigo","status":"publish","type":"post","link":"https:\/\/www.tvnovelas.com.br\/tvnews\/o-rico-e-lazaro-evil-merodaque-e-coroado-mas-o-reinado-esta-em-perigo\/","title":{"rendered":"O Rico e L\u00e1zaro: Evil-Merodaque \u00e9 coroado, mas o reinado est\u00e1 em perigo"},"content":{"rendered":"<figure id=\"attachment_77360\" aria-describedby=\"caption-attachment-77360\" style=\"width: 726px\" class=\"wp-caption alignnone\"><img data-recalc-dims=\"1\" decoding=\"async\" class=\"wp-image-77360 size-full\" title=\"(Foto TV Record\/ O Rico e L\u00e1zaro)\" src=\"https:\/\/i0.wp.com\/www.tvnovelas.com.br\/tvnews\/wp-content\/uploads\/2025\/06\/11343.jpg?resize=726%2C410&#038;ssl=1\" alt=\"Foto em O Rico e L\u00e1zaro: Evil-Merodaque \u00e9 coroado\" width=\"726\" height=\"410\" srcset=\"https:\/\/i0.wp.com\/www.tvnovelas.com.br\/tvnews\/wp-content\/uploads\/2025\/06\/11343.jpg?w=726&amp;ssl=1 726w, https:\/\/i0.wp.com\/www.tvnovelas.com.br\/tvnews\/wp-content\/uploads\/2025\/06\/11343.jpg?resize=250%2C141&amp;ssl=1 250w\" sizes=\"(max-width: 726px) 100vw, 726px\" \/><figcaption id=\"caption-attachment-77360\" class=\"wp-caption-text\">O Rico e L\u00e1zaro: Evil-Merodaque \u00e9 coroado<\/figcaption><\/figure>\n<p>Em O Rico e L\u00e1zaro, nesta sexta, dia 20, Evil-Merodaque finalmente \u00e9 coroado como rei da Babil\u00f4nia, mas a alegria da cerim\u00f4nia logo d\u00e1 lugar \u00e0 tens\u00e3o, pois seu reinado j\u00e1 come\u00e7a amea\u00e7ado. <\/p>\n<p>Intrigas no pal\u00e1cio e conspira\u00e7\u00f5es entre os nobres colocam o novo rei em uma posi\u00e7\u00e3o delicada, enquanto ele tenta firmar sua autoridade e honrar o legado de seu pai, Nabucodonosor.<\/p>\n<p>Confira o resumo do cap\u00edtulo de hoje:<br \/>\nEvil-Merodaque \u00e9 oficialmente coroado rei da Babil\u00f4nia em uma cerim\u00f4nia grandiosa, mas o clima de celebra\u00e7\u00e3o logo \u00e9 amea\u00e7ado por conspira\u00e7\u00f5es e desconfian\u00e7as dentro do pal\u00e1cio. Beroso e outros nobres articulam contra o novo monarca, temendo perder influ\u00eancia. Enquanto isso, os hebreus continuam enfrentando dificuldades no ex\u00edlio. Joana sofre com a dist\u00e2ncia de Zac e com a persegui\u00e7\u00e3o dos babil\u00f4nicos. Daniel permanece firme na f\u00e9 e alerta Evil-Merodaque sobre os perigos \u00e0 sua volta. No meio disso, novas alian\u00e7as e trai\u00e7\u00f5es come\u00e7am a se desenhar, colocando o reinado rec\u00e9m-iniciado em risco.<\/p>\n<div class=\"fb-comments\" data-width=\"100%\" data-order-by=\"reverse_time\" data-numposts=\"5\"><\/div>\n<h2>Saiba mais:<\/h2>\n<p><a href=\"https:\/\/tvnovelas.com.br\/filmes\/filmes-na-tv-segunda\/\" target=\"_blank\" rel=\"noopener\">Confira a Programa\u00e7\u00e3o de Filmes na TV aberta<\/a><br \/>\n<a href=\"https:\/\/www.facebook.com\/tevenovelas\/\" target=\"_blank\" rel=\"noopener\">As \u00faltimas not\u00edcias do TV Novelas no Facebook<\/a><br \/>\n<a href=\"https:\/\/tvnovelas.com.br\/novelas\/\">O que acontece nas outras novelas<\/a><\/p>\n<h2>\u00daltimas not\u00edcias das novelas<\/h2>\n<p>[wp-rss-aggregator feeds=&#8221;todas&#8221;]<\/p>\n<\/div>\n","protected":false},"excerpt":{"rendered":"<p>O Rico e L\u00e1zaro: Evil-Merodaque \u00e9 coroado&#8230; Em O Rico e L\u00e1zaro, nesta sexta, dia 20, Evil-Merodaque finalmente \u00e9 coroado como rei da Babil\u00f4nia&#8230;<\/p>\n","protected":false},"author":1,"featured_media":77360,"comment_status":"closed","ping_status":"closed","sticky":false,"template":"","format":"standard","meta":{"_uf_show_specific_survey":0,"_uf_disable_surveys":false,"_jetpack_memberships_contains_paid_content":false,"footnotes":"","_wp_rev_ctl_limit":""},"categories":[912],"tags":[64,52,14],"class_list":["post-77359","post","type-post","status-publish","format-standard","has-post-thumbnail","hentry","category-o-rico-e-lazaro","tag-novelas","tag-o-rico-e-lazaro","tag-record","wpcat-912-id"],"aioseo_notices":[],"jetpack_featured_media_url":"https:\/\/i0.wp.com\/www.tvnovelas.com.br\/tvnews\/wp-content\/uploads\/2025\/06\/11343.jpg?fit=726%2C410&ssl=1","jetpack_shortlink":"https:\/\/wp.me\/pdP2BO-k7J","jetpack_sharing_enabled":true,"_links":{"self":[{"href":"https:\/\/www.tvnovelas.com.br\/tvnews\/wp-json\/wp\/v2\/posts\/77359","targetHints":{"allow":["GET"]}}],"collection":[{"href":"https:\/\/www.tvnovelas.com.br\/tvnews\/wp-json\/wp\/v2\/posts"}],"about":[{"href":"https:\/\/www.tvnovelas.com.br\/tvnews\/wp-json\/wp\/v2\/types\/post"}],"author":[{"embeddable":true,"href":"https:\/\/www.tvnovelas.com.br\/tvnews\/wp-json\/wp\/v2\/users\/1"}],"replies":[{"embeddable":true,"href":"https:\/\/www.tvnovelas.com.br\/tvnews\/wp-json\/wp\/v2\/comments?post=77359"}],"version-history":[{"count":1,"href":"https:\/\/www.tvnovelas.com.br\/tvnews\/wp-json\/wp\/v2\/posts\/77359\/revisions"}],"predecessor-version":[{"id":77361,"href":"https:\/\/www.tvnovelas.com.br\/tvnews\/wp-json\/wp\/v2\/posts\/77359\/revisions\/77361"}],"wp:featuredmedia":[{"embeddable":true,"href":"https:\/\/www.tvnovelas.com.br\/tvnews\/wp-json\/wp\/v2\/media\/77360"}],"wp:attachment":[{"href":"https:\/\/www.tvnovelas.com.br\/tvnews\/wp-json\/wp\/v2\/media?parent=77359"}],"wp:term":[{"taxonomy":"category","embeddable":true,"href":"https:\/\/www.tvnovelas.com.br\/tvnews\/wp-json\/wp\/v2\/categories?post=77359"},{"taxonomy":"post_tag","embeddable":true,"href":"https:\/\/www.tvnovelas.com.br\/tvnews\/wp-json\/wp\/v2\/tags?post=77359"}],"curies":[{"name":"wp","href":"https:\/\/api.w.org\/{rel}","templated":true}]}}