{"id":77394,"date":"2025-06-22T08:50:40","date_gmt":"2025-06-22T11:50:40","guid":{"rendered":"https:\/\/www.tvnovelas.com.br\/tvnews\/?p=77394"},"modified":"2025-06-22T08:50:40","modified_gmt":"2025-06-22T11:50:40","slug":"vale-tudo-raquel-descobre-sobre-roubo-e-enquadra-fatima","status":"publish","type":"post","link":"https:\/\/www.tvnovelas.com.br\/tvnews\/vale-tudo-raquel-descobre-sobre-roubo-e-enquadra-fatima\/","title":{"rendered":"Vale Tudo: Raquel descobre sobre roubo e enquadra F\u00e1tima"},"content":{"rendered":"<figure id=\"attachment_77395\" aria-describedby=\"caption-attachment-77395\" style=\"width: 728px\" class=\"wp-caption alignnone\"><img data-recalc-dims=\"1\" decoding=\"async\" class=\"wp-image-77395 size-full\" title=\"(Foto: TV Globo\/Vale Tudo)\" src=\"https:\/\/i0.wp.com\/www.tvnovelas.com.br\/tvnews\/wp-content\/uploads\/2025\/06\/11355.jpg?resize=728%2C410&#038;ssl=1\" alt=\"Foto em Vale Tudo: Raquel descobre sobre roubo e enquadra F\u00e1tima\" width=\"728\" height=\"410\" srcset=\"https:\/\/i0.wp.com\/www.tvnovelas.com.br\/tvnews\/wp-content\/uploads\/2025\/06\/11355.jpg?w=728&amp;ssl=1 728w, https:\/\/i0.wp.com\/www.tvnovelas.com.br\/tvnews\/wp-content\/uploads\/2025\/06\/11355.jpg?resize=250%2C141&amp;ssl=1 250w\" sizes=\"(max-width: 728px) 100vw, 728px\" \/><figcaption id=\"caption-attachment-77395\" class=\"wp-caption-text\">Vale Tudo: Raquel descobre sobre roubo e enquadra F\u00e1tima<\/figcaption><\/figure>\n<p>Em Vale Tudo, faz um tempo, Raquel (Ta\u00eds Araujo) acredita que a filha se regenerou. E, como a boa atriz que \u00e9, Maria de F\u00e1tima (Bella Campos) tem interpretado o papel da mo\u00e7a \u00edntegra, que a m\u00e3e sempre desejou que ela fosse. Mas a cozinheira ter\u00e1 um choque de realidade ao descobrir que a herdeira continua a mesma bandida de sempre.<\/p>\n<p>La\u00eds (Lorena Lima) ir\u00e1 at\u00e9 o apartamento de Raquel e mostrar\u00e1 a ela imagens do circuito de seguran\u00e7a da pousada em Paraty, nas quais F\u00e1tima aparece abrindo o cofre e roubando os documentos da guarda de Sarita (Luara Telles), para entregar a Marco Aur\u00e9lio (Alexandre Nero).<\/p>\n<p>Raquel ligar\u00e1 imediatamente para F\u00e1tima, ordenando que ela v\u00e1 para casa.<\/p>\n<p>\u201cSe voc\u00ea n\u00e3o chegar em meia hora eu vou pra porta dessa casa e come\u00e7o a gritar o seu nome, entendeu?\u201d, dir\u00e1 a cozinheira.<\/p>\n<p>A jovem acatar\u00e1 \u00e0s ordens da m\u00e3e; ao chegar em casa, ela se far\u00e1 de sonsa, fingindo que n\u00e3o entende o porqu\u00ea do descontrole de Raquel.<\/p>\n<p>\u201cT\u00f4 doida de acreditar que voc\u00ea mudou, que voc\u00ea vai mudar. Meu deus do c\u00e9u! Como eu posso ser t\u00e3o idiota&#8230;?\u201d, dir\u00e1 Raquel, que come\u00e7ar\u00e1 a estapear F\u00e1tima.<\/p>\n<p>\u201cVoc\u00ea pode pelo menos me falar do que \u00e9 que eu t\u00f4 sendo acusada?\u201d, vai perguntar a mo\u00e7a, com a maior cara lavada do mundo.<\/p>\n<p>\u201cComo \u00e9 que voc\u00ea mente t\u00e3o bem, hein? Que vergonha, F\u00e1tima&#8230; Minha filha entrando na casa dos outros pra roubar coisa\u201d, continuar\u00e1 Raquel.<\/p>\n<p>\u201cEu roubar? Como assim, m\u00e3e? \u00c9 muito grave isso que voc\u00ea t\u00e1 me acusando\u201d, rebater\u00e1 a vil\u00e3.<\/p>\n<p>Raquel, ent\u00e3o, far\u00e1 quest\u00e3o de mostrar a F\u00e1tima as imagens em que ela aparece roubando os documentos de Sarita.<\/p>\n<p>\u201cM\u00e3e, eu posso te explicar tudo\u201d, dir\u00e1 a bandida.<\/p>\n<p>\u201cMe explicar como, F\u00e1tima? Porque eu quero entender como \u00e9 que minha filha virou uma ladra&#8230; Uma ladra que rouba pra prejudicar uma crian\u00e7a que foi adotada?\u201d<br \/>\n<!--FIM--><\/p>\n<div class=\"fb-comments\" data-width=\"100%\" data-order-by=\"reverse_time\" data-numposts=\"5\"><\/div>\n<p><h2>Mais:<\/h2>\r\n<p><a href=\"https:\/\/tvnovelas.com.br\/novelas\/resumos-de-vale-tudo\/\" target=\"_blank\" rel=\"noopener\">Confira os resumos da semana de Vale Tudo'<\/a><\/p>\r\n<p><a href=\"https:\/\/wp.me\/pfspD2-U7\" target=\"_blank\" rel=\"noopener\">Vale Tudo: Conflitos de princ\u00edpios e valores (Sinopse)<\/a>\r\n<p><a href=\"https:\/\/wp.me\/pfspD2-oI\" target=\"_blank\" rel=\"noopener\">Vale Tudo: Invers\u00e3o de valores no final dos anos 1980<\/a> (Sinopse)<\/p>\r\n<p><a href=\"https:\/\/pt.wikipedia.org\/wiki\/Vale_Tudo_(2025)\" target=\"_blank\" rel=\"noopener\">Sobre Vale Tudo (2025) na Wikipedia<\/a><\/p>\r\n<p><a href=\"https:\/\/tvnovelas.com.br\/novelas\/\" target=\"_blank\" rel=\"noopener\">Resumos de todas as novelas<\/a><\/p>\r\n<p><strong style=\"font-size: 120%;\">\u00daltimas not\u00edcias de 'Vale Tudo':<\/strong><\/p>\r\n<div class=\"pt-cv-wrapper\"><h2 class='pt-cv-heading-container heading2' data-blockid='d7366c1g0j'><span class='pt-cv-heading'> \u00daltimas da novela <\/span><\/h2><div class=\"pt-cv-view pt-cv-grid pt-cv-colsys\" id=\"pt-cv-view-d7366c1g0j\"><div data-id=\"pt-cv-page-1\" class=\"pt-cv-page\" data-cvc=\"1\"><div class=\"col-md-12 col-sm-12 col-xs-12 pt-cv-content-item pt-cv-1-col\" ><div class='pt-cv-ifield'><h4 class=\"pt-cv-title\"><a href=\"https:\/\/www.tvnovelas.com.br\/tvnews\/vale-tudo-casamento-de-raquel-e-ivan-entre-os-finais\/\" class=\"_self\" target=\"_self\" >Vale Tudo: Casamento de Raquel e Ivan entre os finais<\/a><\/h4><\/div><\/div>\n<div class=\"col-md-12 col-sm-12 col-xs-12 pt-cv-content-item pt-cv-1-col\" ><div class='pt-cv-ifield'><h4 class=\"pt-cv-title\"><a href=\"https:\/\/www.tvnovelas.com.br\/tvnews\/vale-tudo-fatima-decide-entregar-o-filho-para-a-adocao\/\" class=\"_self\" target=\"_self\" >Vale Tudo: F\u00e1tima decide entregar o filho para a ado\u00e7\u00e3o<\/a><\/h4><\/div><\/div>\n<div class=\"col-md-12 col-sm-12 col-xs-12 pt-cv-content-item pt-cv-1-col\" ><div class='pt-cv-ifield'><h4 class=\"pt-cv-title\"><a href=\"https:\/\/www.tvnovelas.com.br\/tvnews\/vale-tudo-cesar-e-fatima-se-reencontram\/\" class=\"_self\" target=\"_self\" >Vale Tudo: C\u00e9sar e F\u00e1tima se reencontram<\/a><\/h4><\/div><\/div><\/div><\/div><\/div>\r\n<p><strong style=\"font-size: 120%;\">\u00daltimas not\u00edcias deste site:<\/strong><\/p>\r\n<div class=\"pt-cv-wrapper\"><div class=\"pt-cv-view pt-cv-grid pt-cv-colsys\" id=\"pt-cv-view-90991035b3\"><div data-id=\"pt-cv-page-1\" class=\"pt-cv-page\" data-cvc=\"1\"><div class=\"col-md-12 col-sm-12 col-xs-12 pt-cv-content-item pt-cv-1-col\" ><div class='pt-cv-ifield'><h4 class=\"pt-cv-title\"><a href=\"https:\/\/www.tvnovelas.com.br\/tvnews\/guerra-das-rosas-omer-chama-gulru-vestida-de-noiva-para-fugir\/\" class=\"_self\" target=\"_self\" >Guerra das Rosas: Omer chama Gulru vestida de noiva para fugir<\/a><\/h4><\/div><\/div>\n<div class=\"col-md-12 col-sm-12 col-xs-12 pt-cv-content-item pt-cv-1-col\" ><div class='pt-cv-ifield'><h4 class=\"pt-cv-title\"><a href=\"https:\/\/www.tvnovelas.com.br\/tvnews\/coracao-de-mae-reha-sai-para-jantar-com-selvi\/\" class=\"_self\" target=\"_self\" >Cora\u00e7\u00e3o de M\u00e3e: Reha sai para jantar com Selvi<\/a><\/h4><\/div><\/div>\n<div class=\"col-md-12 col-sm-12 col-xs-12 pt-cv-content-item pt-cv-1-col\" ><div class='pt-cv-ifield'><h4 class=\"pt-cv-title\"><a href=\"https:\/\/www.tvnovelas.com.br\/tvnews\/coracao-acelerado-zila-se-preocupa-com-sua-situacao-apos-separacao\/\" class=\"_self\" target=\"_self\" >Cora\u00e7\u00e3o Acelerado: Zil\u00e1 se preocupa com sua situa\u00e7\u00e3o ap\u00f3s separa\u00e7\u00e3o<\/a><\/h4><\/div><\/div>\n<div class=\"col-md-12 col-sm-12 col-xs-12 pt-cv-content-item pt-cv-1-col\" ><div class='pt-cv-ifield'><h4 class=\"pt-cv-title\"><a href=\"https:\/\/www.tvnovelas.com.br\/tvnews\/a-nobreza-do-amor-tonho-nao-se-curva-diante-de-mirinho\/\" class=\"_self\" target=\"_self\" >A Nobreza do Amor: Tonho n\u00e3o se curva diante de Mirinho<\/a><\/h4><\/div><\/div>\n<div class=\"col-md-12 col-sm-12 col-xs-12 pt-cv-content-item pt-cv-1-col\" ><div class='pt-cv-ifield'><h4 class=\"pt-cv-title\"><a href=\"https:\/\/www.tvnovelas.com.br\/tvnews\/tres-gracas-arminda-surta-ao-confirmar-que-ferette-e-pai-de-raul\/\" class=\"_self\" target=\"_self\" >Tr\u00eas Gra\u00e7as:  Arminda surta ao confirmar que Ferette \u00e9 pai de Raul<\/a><\/h4><\/div><\/div>\n<div class=\"col-md-12 col-sm-12 col-xs-12 pt-cv-content-item pt-cv-1-col\" ><div class='pt-cv-ifield'><h4 class=\"pt-cv-title\"><a href=\"https:\/\/www.tvnovelas.com.br\/tvnews\/coracao-de-mae-atilla-confronta-hasan-e-exige-o-divorcio-de-lale\/\" class=\"_self\" target=\"_self\" >Cora\u00e7\u00e3o de M\u00e3e: Atilla confronta Hasan e exige o div\u00f3rcio de Lale<\/a><\/h4><\/div><\/div>\n<div class=\"col-md-12 col-sm-12 col-xs-12 pt-cv-content-item pt-cv-1-col\" ><div class='pt-cv-ifield'><h4 class=\"pt-cv-title\"><a href=\"https:\/\/www.tvnovelas.com.br\/tvnews\/guerra-das-rosas-gulfem-coloca-gulru-contra-a-parede\/\" class=\"_self\" target=\"_self\" >Guerra das Rosas: Gulfem coloca Gulru contra a parede<\/a><\/h4><\/div><\/div>\n<div class=\"col-md-12 col-sm-12 col-xs-12 pt-cv-content-item pt-cv-1-col\" ><div class='pt-cv-ifield'><h4 class=\"pt-cv-title\"><a href=\"https:\/\/www.tvnovelas.com.br\/tvnews\/coracao-de-mae-atilla-diz-a-lale-que-quer-o-divorcio\/\" class=\"_self\" target=\"_self\" >Cora\u00e7\u00e3o de M\u00e3e: Atilla diz a Lale que quer o div\u00f3rcio<\/a><\/h4><\/div><\/div>\n<div class=\"col-md-12 col-sm-12 col-xs-12 pt-cv-content-item pt-cv-1-col\" ><div class='pt-cv-ifield'><h4 class=\"pt-cv-title\"><a href=\"https:\/\/www.tvnovelas.com.br\/tvnews\/a-nobreza-do-amor-mirinho-garante-noivado-com-virginia-para-atrair-sogro-a-negocio\/\" class=\"_self\" target=\"_self\" >A Nobreza do Amor: Mirinho garante noivado com Virg\u00ednia para atrair sogro a neg\u00f3cio<\/a><\/h4><\/div><\/div>\n<div class=\"col-md-12 col-sm-12 col-xs-12 pt-cv-content-item pt-cv-1-col\" ><div class='pt-cv-ifield'><h4 class=\"pt-cv-title\"><a href=\"https:\/\/www.tvnovelas.com.br\/tvnews\/tres-gracas-joaquim-propoe-fuga-a-arminda-com-o-dinheiro-das-tres-gracas\/\" class=\"_self\" target=\"_self\" >Tr\u00eas Gra\u00e7as:  Joaquim prop\u00f5e fuga a Arminda com o dinheiro das Tr\u00eas Gra\u00e7as<\/a><\/h4><\/div><\/div><\/div><\/div><\/div>\r\n<h3>Confira tamb\u00e9m<\/h3>\r\n<p><a href=\"https:\/\/www.tvnovelas.com.br\/filmes\/\" target=\"_blank\" rel=\"noopener noreferrer\"><strong>Programa\u00e7\u00e3o de filmes na TV aberta<\/strong><\/a><\/p>\r\n<p><a href=\"https:\/\/caetenews.com.br\/semana\/filmes-da-globo-na-sessao-da-tarde-desta-semana\/\" target=\"_blank\" rel=\"noopener\"><strong>Confira os filmes da semana na Sess\u00e3o da Tarde<\/strong><\/a><\/p>\r\n<p><a href=\"https:\/\/www.tvnovelas.com.br\/novelas\/\"><strong>Confira os resumos da semana de todas novelas<\/strong><\/a><\/p><br \/>\n<a href=\"https:\/\/tvnovelas.com.br\/filmes\/filmes-na-tv-segunda\/\" target=\"_blank\" rel=\"noopener\">Confira a Progrma\u00e7\u00e3o de Filmes na TV aberta<\/a><br \/>\n<a href=\"https:\/\/www.tvnovelas.com.br\/tvnews\/\" target=\"_blank\" rel=\"noopener\">\u00daltimas not\u00edcias das novelas<\/a><\/p>\n","protected":false},"excerpt":{"rendered":"<p>Vale Tudo: Raquel descobre sobre roubo&#8230; Em Vale Tudo, faz um tempo, Raquel (Ta\u00eds Araujo) acredita que a filha se regenerou. E, como a boa atriz que \u00e9&#8230;<\/p>\n","protected":false},"author":1,"featured_media":77395,"comment_status":"closed","ping_status":"closed","sticky":false,"template":"","format":"standard","meta":{"_uf_show_specific_survey":0,"_uf_disable_surveys":false,"_jetpack_memberships_contains_paid_content":false,"footnotes":"","_wp_rev_ctl_limit":""},"categories":[871],"tags":[5,64,801],"class_list":["post-77394","post","type-post","status-publish","format-standard","has-post-thumbnail","hentry","category-vale-tudo","tag-globo","tag-novelas","tag-vale-tudo","wpcat-871-id"],"aioseo_notices":[],"jetpack_featured_media_url":"https:\/\/i0.wp.com\/www.tvnovelas.com.br\/tvnews\/wp-content\/uploads\/2025\/06\/11355.jpg?fit=728%2C410&ssl=1","jetpack_shortlink":"https:\/\/wp.me\/pdP2BO-k8i","jetpack_sharing_enabled":true,"_links":{"self":[{"href":"https:\/\/www.tvnovelas.com.br\/tvnews\/wp-json\/wp\/v2\/posts\/77394","targetHints":{"allow":["GET"]}}],"collection":[{"href":"https:\/\/www.tvnovelas.com.br\/tvnews\/wp-json\/wp\/v2\/posts"}],"about":[{"href":"https:\/\/www.tvnovelas.com.br\/tvnews\/wp-json\/wp\/v2\/types\/post"}],"author":[{"embeddable":true,"href":"https:\/\/www.tvnovelas.com.br\/tvnews\/wp-json\/wp\/v2\/users\/1"}],"replies":[{"embeddable":true,"href":"https:\/\/www.tvnovelas.com.br\/tvnews\/wp-json\/wp\/v2\/comments?post=77394"}],"version-history":[{"count":1,"href":"https:\/\/www.tvnovelas.com.br\/tvnews\/wp-json\/wp\/v2\/posts\/77394\/revisions"}],"predecessor-version":[{"id":77396,"href":"https:\/\/www.tvnovelas.com.br\/tvnews\/wp-json\/wp\/v2\/posts\/77394\/revisions\/77396"}],"wp:featuredmedia":[{"embeddable":true,"href":"https:\/\/www.tvnovelas.com.br\/tvnews\/wp-json\/wp\/v2\/media\/77395"}],"wp:attachment":[{"href":"https:\/\/www.tvnovelas.com.br\/tvnews\/wp-json\/wp\/v2\/media?parent=77394"}],"wp:term":[{"taxonomy":"category","embeddable":true,"href":"https:\/\/www.tvnovelas.com.br\/tvnews\/wp-json\/wp\/v2\/categories?post=77394"},{"taxonomy":"post_tag","embeddable":true,"href":"https:\/\/www.tvnovelas.com.br\/tvnews\/wp-json\/wp\/v2\/tags?post=77394"}],"curies":[{"name":"wp","href":"https:\/\/api.w.org\/{rel}","templated":true}]}}