{"id":77431,"date":"2025-06-23T12:25:13","date_gmt":"2025-06-23T15:25:13","guid":{"rendered":"https:\/\/www.tvnovelas.com.br\/tvnews\/?p=77431"},"modified":"2025-06-23T12:25:13","modified_gmt":"2025-06-23T15:25:13","slug":"o-rico-e-lazaro-zac-pode-prejudicar-a-propria-familia","status":"publish","type":"post","link":"https:\/\/www.tvnovelas.com.br\/tvnews\/o-rico-e-lazaro-zac-pode-prejudicar-a-propria-familia\/","title":{"rendered":"O Rico e L\u00e1zaro: Zac pode prejudicar a pr\u00f3pria fam\u00edlia"},"content":{"rendered":"<figure id=\"attachment_77432\" aria-describedby=\"caption-attachment-77432\" style=\"width: 727px\" class=\"wp-caption alignnone\"><img data-recalc-dims=\"1\" decoding=\"async\" class=\"wp-image-77432 size-full\" title=\"(Foto Reprodu\u00e7\u00e3o\/TV Record\/ O Rico e L\u00e1zaro)\" src=\"https:\/\/i0.wp.com\/www.tvnovelas.com.br\/tvnews\/wp-content\/uploads\/2025\/06\/11361.jpg?resize=727%2C410&#038;ssl=1\" alt=\"Foto em O Rico e L\u00e1zaro: Zac pode prejudicar a pr\u00f3pria fam\u00edlia\" width=\"727\" height=\"410\" srcset=\"https:\/\/i0.wp.com\/www.tvnovelas.com.br\/tvnews\/wp-content\/uploads\/2025\/06\/11361.jpg?w=727&amp;ssl=1 727w, https:\/\/i0.wp.com\/www.tvnovelas.com.br\/tvnews\/wp-content\/uploads\/2025\/06\/11361.jpg?resize=250%2C141&amp;ssl=1 250w\" sizes=\"(max-width: 727px) 100vw, 727px\" \/><figcaption id=\"caption-attachment-77432\" class=\"wp-caption-text\">O Rico e L\u00e1zaro: Zac pode prejudicar a pr\u00f3pria fam\u00edlia<\/figcaption><\/figure>\n<p>No cap\u00edtulo de O Rico e L\u00e1zaro desta segunda-feira, dia 23, Zac continua dividido entre sua ambi\u00e7\u00e3o e seus sentimentos, e suas decis\u00f5es podem acabar colocando a pr\u00f3pria fam\u00edlia em risco. Ao se envolver em tramas perigosas no pal\u00e1cio e manter alian\u00e7as duvidosas, Zac corre o risco de prejudicar aqueles que ama.<\/p>\n<p>Confira o resumo do cap\u00edtulo de hoje:<br \/>\nZac segue cada vez mais pressionado por suas escolhas e pelas consequ\u00eancias de suas atitudes no pal\u00e1cio. Ele tenta manter as apar\u00eancias diante da fam\u00edlia e de Asher, mas seus segredos come\u00e7am a pesar. Asher, por sua vez, desconfia de algumas atitudes de Zac e decide ficar atento. Joana sofre com a saudade de Asher e o medo de que algo aconte\u00e7a com ele. No pal\u00e1cio, Nebuzarad\u00e3 continua com seus planos cru\u00e9is, enquanto Sammu-Ramat manipula os acontecimentos em benef\u00edcio pr\u00f3prio. O clima entre os hebreus na Babil\u00f4nia fica tenso, e os justos continuam firmes em ora\u00e7\u00e3o, aguardando a liberta\u00e7\u00e3o prometida por Deus.<\/p>\n<div class=\"fb-comments\" data-width=\"100%\" data-order-by=\"reverse_time\" data-numposts=\"5\"><\/div>\n<h2>Saiba mais:<\/h2>\n<p><a href=\"https:\/\/tvnovelas.com.br\/filmes\/filmes-na-tv-segunda\/\" target=\"_blank\" rel=\"noopener\">Confira a Programa\u00e7\u00e3o de Filmes na TV aberta<\/a><br \/>\n<a href=\"https:\/\/www.facebook.com\/tevenovelas\/\" target=\"_blank\" rel=\"noopener\">As \u00faltimas not\u00edcias do TV Novelas no Facebook<\/a><br \/>\n<a href=\"https:\/\/tvnovelas.com.br\/novelas\/\">O que acontece nas outras novelas<\/a><\/p>\n<h2>\u00daltimas not\u00edcias das novelas<\/h2>\n<p>[wp-rss-aggregator feeds=&#8221;todas&#8221;]<\/p>\n<\/div>\n","protected":false},"excerpt":{"rendered":"<p>O Rico e L\u00e1zaro: Zac pode prejudicar a pr\u00f3pria fam\u00edlia&#8230;.<\/p>\n","protected":false},"author":1,"featured_media":77432,"comment_status":"closed","ping_status":"closed","sticky":false,"template":"","format":"standard","meta":{"_uf_show_specific_survey":0,"_uf_disable_surveys":false,"_jetpack_memberships_contains_paid_content":false,"footnotes":"","_wp_rev_ctl_limit":""},"categories":[912],"tags":[64,52,14],"class_list":["post-77431","post","type-post","status-publish","format-standard","has-post-thumbnail","hentry","category-o-rico-e-lazaro","tag-novelas","tag-o-rico-e-lazaro","tag-record","wpcat-912-id"],"aioseo_notices":[],"jetpack_featured_media_url":"https:\/\/i0.wp.com\/www.tvnovelas.com.br\/tvnews\/wp-content\/uploads\/2025\/06\/11361.jpg?fit=727%2C410&ssl=1","jetpack_shortlink":"https:\/\/wp.me\/pdP2BO-k8T","jetpack_sharing_enabled":true,"_links":{"self":[{"href":"https:\/\/www.tvnovelas.com.br\/tvnews\/wp-json\/wp\/v2\/posts\/77431","targetHints":{"allow":["GET"]}}],"collection":[{"href":"https:\/\/www.tvnovelas.com.br\/tvnews\/wp-json\/wp\/v2\/posts"}],"about":[{"href":"https:\/\/www.tvnovelas.com.br\/tvnews\/wp-json\/wp\/v2\/types\/post"}],"author":[{"embeddable":true,"href":"https:\/\/www.tvnovelas.com.br\/tvnews\/wp-json\/wp\/v2\/users\/1"}],"replies":[{"embeddable":true,"href":"https:\/\/www.tvnovelas.com.br\/tvnews\/wp-json\/wp\/v2\/comments?post=77431"}],"version-history":[{"count":2,"href":"https:\/\/www.tvnovelas.com.br\/tvnews\/wp-json\/wp\/v2\/posts\/77431\/revisions"}],"predecessor-version":[{"id":77435,"href":"https:\/\/www.tvnovelas.com.br\/tvnews\/wp-json\/wp\/v2\/posts\/77431\/revisions\/77435"}],"wp:featuredmedia":[{"embeddable":true,"href":"https:\/\/www.tvnovelas.com.br\/tvnews\/wp-json\/wp\/v2\/media\/77432"}],"wp:attachment":[{"href":"https:\/\/www.tvnovelas.com.br\/tvnews\/wp-json\/wp\/v2\/media?parent=77431"}],"wp:term":[{"taxonomy":"category","embeddable":true,"href":"https:\/\/www.tvnovelas.com.br\/tvnews\/wp-json\/wp\/v2\/categories?post=77431"},{"taxonomy":"post_tag","embeddable":true,"href":"https:\/\/www.tvnovelas.com.br\/tvnews\/wp-json\/wp\/v2\/tags?post=77431"}],"curies":[{"name":"wp","href":"https:\/\/api.w.org\/{rel}","templated":true}]}}