{"id":77480,"date":"2025-06-24T14:32:34","date_gmt":"2025-06-24T17:32:34","guid":{"rendered":"https:\/\/www.tvnovelas.com.br\/tvnews\/?p=77480"},"modified":"2025-06-24T14:32:34","modified_gmt":"2025-06-24T17:32:34","slug":"forca-de-mulher-arif-se-declara-para-bahar","status":"publish","type":"post","link":"https:\/\/www.tvnovelas.com.br\/tvnews\/forca-de-mulher-arif-se-declara-para-bahar\/","title":{"rendered":"For\u00e7a de Mulher: Arif se declara para Bahar"},"content":{"rendered":"<figure id=\"attachment_77481\" aria-describedby=\"caption-attachment-77481\" style=\"width: 728px\" class=\"wp-caption alignnone\"><img data-recalc-dims=\"1\" decoding=\"async\" class=\"wp-image-77481 size-full\" title=\"(Foto: Record TV\/For\u00e7a de Mulher)\" src=\"https:\/\/i0.wp.com\/www.tvnovelas.com.br\/tvnews\/wp-content\/uploads\/2025\/06\/11372.jpg?resize=728%2C410&#038;ssl=1\" alt=\"Foto em For\u00e7a de Mulher: Arif se declara para Bahar\" width=\"728\" height=\"410\" srcset=\"https:\/\/i0.wp.com\/www.tvnovelas.com.br\/tvnews\/wp-content\/uploads\/2025\/06\/11372.jpg?w=728&amp;ssl=1 728w, https:\/\/i0.wp.com\/www.tvnovelas.com.br\/tvnews\/wp-content\/uploads\/2025\/06\/11372.jpg?resize=250%2C141&amp;ssl=1 250w\" sizes=\"(max-width: 728px) 100vw, 728px\" \/><figcaption id=\"caption-attachment-77481\" class=\"wp-caption-text\">For\u00e7a de Mulher: Arif se declara para Bahar<\/figcaption><\/figure>\n<p>No cap\u00edtulo de For\u00e7a de Mulher, nesta ter\u00e7a, dia 24, Bahar e Arif conversam enquanto ela faz um caf\u00e9 em seu apartamento. Durante o papo, Bahar fica encantada ao ouvir Arif declarar todo o amor que sente por ela. E em um impulso, Bahar surpreende Arif com um beijo apaixonado. O mo\u00e7o fica deslumbrado e sem rea\u00e7\u00e3o.<\/p>\n<p>Tamb\u00e9m no cap\u00edtulo desta ter\u00e7a-feira, na casa de Emre, as crian\u00e7as brincam no quarto e Saltimis lembra das surras que levava do homem que o criou. Fazilet sonda Bahar sobre Ceyda e ela faz muitos elogios \u00e0 amiga. Yussuf cobra de Enver a taxa de manuten\u00e7\u00e3o do pr\u00e9dio. Raif cozinha com Ceyda e os dois se divertem.<\/p>\n<p>E ainda! Muito sem jeito, Arif conta para Enver que Emre demitiu Sirin da cafeteria e explica o motivo. Arif tamb\u00e9m diz que a jovem ficou irada e quebrou as lou\u00e7as do estabelecimento. Mais tarde, Arif e Ceyda v\u00e3o at\u00e9 o escrit\u00f3rio de Kesmet para falar sobre a situa\u00e7\u00e3o de Arda.<\/p>\n<p>Ap\u00f3s ouvir uma indireta de Ceyda, Sirin fica paranoica com a possibilidade de ser presa. Enquanto isso, Bahar sente um profundo al\u00edvio ao saber que est\u00e1 livre da d\u00edvida com Cem.<br \/>\n<!--FIM DO POST--><\/p>\n<div class=\"fb-comments\" data-width=\"100%\" data-order-by=\"reverse_time\" data-numposts=\"5\"><\/div>\n<h2>Saiba mais:<\/h2>\n<p><a href=\"https:\/\/tvnovelas.com.br\/novelas\/resumos-de-forca-de-mulher\/\" target=\"_blank\" rel=\"noopener\">Resumos da semana de For\u00e7a de Mulher<\/a><br \/>\n<a href=\"https:\/\/tvnovelas.com.br\/page2\/arquivo\/forca-de-mulher-as-lutas-de-bahar\/\" target=\"_blank\" rel=\"noopener\">For\u00e7a de Mulher: As lutas de Bahar (Sinopse)<\/a><br \/>\n<a href=\"https:\/\/pt.wikipedia.org\/wiki\/Kad%C4%B1n\" target=\"_blank\" rel=\"noopener\">Sobre For\u00e7a de Mulher na Wikipedia<\/a><br \/>\n<a href=\"https:\/\/www.facebook.com\/tevenovelas\/\">\u00daltimas not\u00edcias do TV Novelas no Facebook<\/a><br \/>\n<a href=\"https:\/\/tvnovelas.com.br\/novelas\/\">Resumos de todas as novelas<\/a><\/p>\n<h2>\u00daltimas not\u00edcias das novelas<\/h2>\n<p>[wp-rss-aggregator feeds=&#8221;todas&#8221;]<\/p>\n","protected":false},"excerpt":{"rendered":"<p>For\u00e7a de Mulher: Arif se declara para Bahar&#8230; No cap\u00edtulo de For\u00e7a de Mulher, nesta ter\u00e7a, dia 24, Bahar e Arif conversam enquanto ela faz um caf\u00e9&#8230;<\/p>\n","protected":false},"author":1,"featured_media":77481,"comment_status":"closed","ping_status":"closed","sticky":false,"template":"","format":"standard","meta":{"_uf_show_specific_survey":0,"_uf_disable_surveys":false,"_jetpack_memberships_contains_paid_content":false,"footnotes":"","_wp_rev_ctl_limit":""},"categories":[803],"tags":[805,5,64],"class_list":["post-77480","post","type-post","status-publish","format-standard","has-post-thumbnail","hentry","category-forca-de-mulher","tag-forca-de-mulher","tag-globo","tag-novelas","wpcat-803-id"],"aioseo_notices":[],"jetpack_featured_media_url":"https:\/\/i0.wp.com\/www.tvnovelas.com.br\/tvnews\/wp-content\/uploads\/2025\/06\/11372.jpg?fit=728%2C410&ssl=1","jetpack_shortlink":"https:\/\/wp.me\/pdP2BO-k9G","jetpack_sharing_enabled":true,"_links":{"self":[{"href":"https:\/\/www.tvnovelas.com.br\/tvnews\/wp-json\/wp\/v2\/posts\/77480","targetHints":{"allow":["GET"]}}],"collection":[{"href":"https:\/\/www.tvnovelas.com.br\/tvnews\/wp-json\/wp\/v2\/posts"}],"about":[{"href":"https:\/\/www.tvnovelas.com.br\/tvnews\/wp-json\/wp\/v2\/types\/post"}],"author":[{"embeddable":true,"href":"https:\/\/www.tvnovelas.com.br\/tvnews\/wp-json\/wp\/v2\/users\/1"}],"replies":[{"embeddable":true,"href":"https:\/\/www.tvnovelas.com.br\/tvnews\/wp-json\/wp\/v2\/comments?post=77480"}],"version-history":[{"count":1,"href":"https:\/\/www.tvnovelas.com.br\/tvnews\/wp-json\/wp\/v2\/posts\/77480\/revisions"}],"predecessor-version":[{"id":77482,"href":"https:\/\/www.tvnovelas.com.br\/tvnews\/wp-json\/wp\/v2\/posts\/77480\/revisions\/77482"}],"wp:featuredmedia":[{"embeddable":true,"href":"https:\/\/www.tvnovelas.com.br\/tvnews\/wp-json\/wp\/v2\/media\/77481"}],"wp:attachment":[{"href":"https:\/\/www.tvnovelas.com.br\/tvnews\/wp-json\/wp\/v2\/media?parent=77480"}],"wp:term":[{"taxonomy":"category","embeddable":true,"href":"https:\/\/www.tvnovelas.com.br\/tvnews\/wp-json\/wp\/v2\/categories?post=77480"},{"taxonomy":"post_tag","embeddable":true,"href":"https:\/\/www.tvnovelas.com.br\/tvnews\/wp-json\/wp\/v2\/tags?post=77480"}],"curies":[{"name":"wp","href":"https:\/\/api.w.org\/{rel}","templated":true}]}}