{"id":77497,"date":"2025-06-24T15:47:35","date_gmt":"2025-06-24T18:47:35","guid":{"rendered":"https:\/\/www.tvnovelas.com.br\/tvnews\/?p=77497"},"modified":"2025-06-24T15:49:11","modified_gmt":"2025-06-24T18:49:11","slug":"dona-de-mim-filha-de-filipa-chega-ao-brasil-apos-desaparecer-em-portugal","status":"publish","type":"post","link":"https:\/\/www.tvnovelas.com.br\/tvnews\/dona-de-mim-filha-de-filipa-chega-ao-brasil-apos-desaparecer-em-portugal\/","title":{"rendered":"Dona de Mim: Filha de Filipa chega ao Brasil, ap\u00f3s desaparecer em Portugal"},"content":{"rendered":"<figure id=\"attachment_77498\" aria-describedby=\"caption-attachment-77498\" style=\"width: 728px\" class=\"wp-caption alignnone\"><img data-recalc-dims=\"1\" decoding=\"async\" class=\"wp-image-77498 size-full\" title=\"(Foto: TV Globo\/Dona de Mim)\" src=\"https:\/\/i0.wp.com\/www.tvnovelas.com.br\/tvnews\/wp-content\/uploads\/2025\/06\/11374.jpg?resize=728%2C410&#038;ssl=1\" alt=\"Foto em Dona de Mim: Filha de Filipa chega ao Brasil, ap\u00f3s desaparecer em Portugal\" width=\"728\" height=\"410\" srcset=\"https:\/\/i0.wp.com\/www.tvnovelas.com.br\/tvnews\/wp-content\/uploads\/2025\/06\/11374.jpg?w=728&amp;ssl=1 728w, https:\/\/i0.wp.com\/www.tvnovelas.com.br\/tvnews\/wp-content\/uploads\/2025\/06\/11374.jpg?resize=250%2C141&amp;ssl=1 250w\" sizes=\"(max-width: 728px) 100vw, 728px\" \/><figcaption id=\"caption-attachment-77498\" class=\"wp-caption-text\">Dona de Mim: Filha de Filipa chega ao Brasil, ap\u00f3s desaparecer em Portugal<\/figcaption><\/figure>\n<p>Em Dona de Mim, a emo\u00e7\u00e3o tamb\u00e9m toma conta de Filipa no cap\u00edtulo previsto para ir ao ar no s\u00e1bado (28). Ap\u00f3s desaparecer misteriosamente em Portugal, Nina (Flavia Camolese), filha da esposa de Abel, retorna ao Brasil. Sozinha, com um mochil\u00e3o nas costas e uma express\u00e3o determinada, ela atravessa a mata que cerca a mans\u00e3o dos Boaz, e se depara com Vanderson (Armando Babaioff) rondando a resid\u00eancia da fam\u00edlia.<\/p>\n<p>O encontro com o pai biol\u00f3gico de Sofia \u00e9 tenso, mas Nina demonstra coragem diante do homem que ela desconhece. Ao chegar \u00e0 mans\u00e3o, ela entra sem ser notada, confundindo os funcion\u00e1rios com sua naturalidade, e invade o quarto da irm\u00e3 mais nova. Leo (Clara Moneke) entra de repente e , assustada, chama ajuda. \u00c9 nesse momento que Filipa aparece e reconhece a filha, emocionada.<\/p>\n<p>Enquanto Filipa corre para abra\u00e7\u00e1-la, aliviada por ela estar bem, Nina permanece fria, ainda protegida por sua armadura emocional, j\u00e1 que a rela\u00e7\u00e3o entre m\u00e3e e filha \u00e9 marcada por m\u00e1goas profundas. Mais tarde, durante o jantar com a fam\u00edlia, Nina revela que se deparou com um homem suspeito na mata, o que gera alarme entre os adultos.<br \/>\n<!--FIM--><br \/>\n<a href=\"https:\/\/wp.me\/pfspD2-UO\" target=\"_blank\" rel=\"noopener\">Dona de Mim: A trama da novela<\/a><br \/>\n<a href=\"https:\/\/wp.me\/pfspD2-UG\" target=\"_blank\" rel=\"noopener\">Dona de Mim: A fam\u00edlia Boaz e seu imp\u00e9rio de lingerie<\/a><br \/>\n<a href=\"https:\/\/pt.wikipedia.org\/wiki\/Dona_de_Mim_(telenovela)\" target=\"_blank\" rel=\"noopener\">Sobre Dona de Mim na Wikipedia<\/a><br \/>\n<strong>\u00daltimas not\u00edcias de Dona de Mim:<\/strong><br \/>\n<div class=\"pt-cv-wrapper\"><div class=\"pt-cv-view pt-cv-grid pt-cv-colsys\" id=\"pt-cv-view-53ef48buaf\"><div data-id=\"pt-cv-page-1\" class=\"pt-cv-page\" data-cvc=\"1\"><div class=\"col-md-12 col-sm-12 col-xs-12 pt-cv-content-item pt-cv-1-col\" ><div class='pt-cv-ifield'><h4 class=\"pt-cv-title\"><a href=\"https:\/\/www.tvnovelas.com.br\/tvnews\/dona-de-mim-abel-aparece-e-salva-sofia-do-incendio\/\" class=\"_blank\" target=\"_blank\" >Dona de Mim: Abel \u2018aparece&#8217; e salva Sofia do inc\u00eandio<\/a><\/h4><\/div><\/div>\n<div class=\"col-md-12 col-sm-12 col-xs-12 pt-cv-content-item pt-cv-1-col\" ><div class='pt-cv-ifield'><h4 class=\"pt-cv-title\"><a href=\"https:\/\/www.tvnovelas.com.br\/tvnews\/dona-de-mim-jaques-coloca-fogo-na-boaz\/\" class=\"_blank\" target=\"_blank\" >Dona de Mim: Jaques coloca fogo na Boaz<\/a><\/h4><\/div><\/div>\n<div class=\"col-md-12 col-sm-12 col-xs-12 pt-cv-content-item pt-cv-1-col\" ><div class='pt-cv-ifield'><h4 class=\"pt-cv-title\"><a href=\"https:\/\/www.tvnovelas.com.br\/tvnews\/dona-de-mim-davi-e-barbara-sofrem-grave-acidente\/\" class=\"_blank\" target=\"_blank\" >Dona de Mim: Davi e B\u00e1rbara sofrem grave acidente<\/a><\/h4><\/div><\/div>\n<div class=\"col-md-12 col-sm-12 col-xs-12 pt-cv-content-item pt-cv-1-col\" ><div class='pt-cv-ifield'><h4 class=\"pt-cv-title\"><a href=\"https:\/\/www.tvnovelas.com.br\/tvnews\/dona-de-mim-ellen-e-presa-e-sofia-volta-para-casa\/\" class=\"_blank\" target=\"_blank\" >Dona de Mim: Ellen \u00e9 presa, e Sofia volta para casa<\/a><\/h4><\/div><\/div>\n<div class=\"col-md-12 col-sm-12 col-xs-12 pt-cv-content-item pt-cv-1-col\" ><div class='pt-cv-ifield'><h4 class=\"pt-cv-title\"><a href=\"https:\/\/www.tvnovelas.com.br\/tvnews\/dona-de-mim-na-ultima-semana-05-a-10-01\/\" class=\"_blank\" target=\"_blank\" >Dona de Mim na \u00faltima semana (05 a 10\/01)<\/a><\/h4><\/div><\/div><\/div><\/div><\/div><br \/>\n<strong>\u00daltimas not\u00edcias das novelas<\/strong><br \/>\n<div class=\"pt-cv-wrapper\"><div class=\"pt-cv-view pt-cv-grid pt-cv-colsys\" id=\"pt-cv-view-440a179we1\"><div data-id=\"pt-cv-page-1\" class=\"pt-cv-page\" data-cvc=\"2\"><div class=\"col-md-6 col-sm-12 col-xs-12 pt-cv-content-item pt-cv-1-col\" ><div class='pt-cv-ifield'><a href=\"https:\/\/www.tvnovelas.com.br\/tvnews\/guerra-das-rosas-omer-chama-gulru-vestida-de-noiva-para-fugir\/\" class=\"_blank pt-cv-href-thumbnail pt-cv-thumb-default\" target=\"_blank\" ><img decoding=\"async\" width=\"728\" height=\"410\" src=\"https:\/\/i0.wp.com\/www.tvnovelas.com.br\/tvnews\/wp-content\/uploads\/2026\/04\/13190.jpg?fit=728%2C410&amp;ssl=1\" class=\"pt-cv-thumbnail\" alt=\"Foto em Guerra das Rosas: Omer chama Gulru vestida de noiva para fugir\" srcset=\"https:\/\/i0.wp.com\/www.tvnovelas.com.br\/tvnews\/wp-content\/uploads\/2026\/04\/13190.jpg?w=728&amp;ssl=1 728w, https:\/\/i0.wp.com\/www.tvnovelas.com.br\/tvnews\/wp-content\/uploads\/2026\/04\/13190.jpg?resize=250%2C141&amp;ssl=1 250w\" sizes=\"(max-width: 728px) 100vw, 728px\" \/><\/a>\n<h4 class=\"pt-cv-title\"><a href=\"https:\/\/www.tvnovelas.com.br\/tvnews\/guerra-das-rosas-omer-chama-gulru-vestida-de-noiva-para-fugir\/\" class=\"_blank\" target=\"_blank\" >Guerra das Rosas: Omer chama Gulru vestida de noiva para fugir<\/a><\/h4><\/div><\/div>\n<div class=\"col-md-6 col-sm-12 col-xs-12 pt-cv-content-item pt-cv-1-col\" ><div class='pt-cv-ifield'><a href=\"https:\/\/www.tvnovelas.com.br\/tvnews\/coracao-de-mae-reha-sai-para-jantar-com-selvi\/\" class=\"_blank pt-cv-href-thumbnail pt-cv-thumb-default\" target=\"_blank\" ><img decoding=\"async\" width=\"728\" height=\"410\" src=\"https:\/\/i0.wp.com\/www.tvnovelas.com.br\/tvnews\/wp-content\/uploads\/2026\/04\/13189.jpg?fit=728%2C410&amp;ssl=1\" class=\"pt-cv-thumbnail\" alt=\"Foto em Cora\u00e7\u00e3o de M\u00e3e: Reha sai para jantar com Selvi\" srcset=\"https:\/\/i0.wp.com\/www.tvnovelas.com.br\/tvnews\/wp-content\/uploads\/2026\/04\/13189.jpg?w=728&amp;ssl=1 728w, https:\/\/i0.wp.com\/www.tvnovelas.com.br\/tvnews\/wp-content\/uploads\/2026\/04\/13189.jpg?resize=250%2C141&amp;ssl=1 250w\" sizes=\"(max-width: 728px) 100vw, 728px\" \/><\/a>\n<h4 class=\"pt-cv-title\"><a href=\"https:\/\/www.tvnovelas.com.br\/tvnews\/coracao-de-mae-reha-sai-para-jantar-com-selvi\/\" class=\"_blank\" target=\"_blank\" >Cora\u00e7\u00e3o de M\u00e3e: Reha sai para jantar com Selvi<\/a><\/h4><\/div><\/div>\n<div class=\"col-md-6 col-sm-12 col-xs-12 pt-cv-content-item pt-cv-1-col\" ><div class='pt-cv-ifield'><a href=\"https:\/\/www.tvnovelas.com.br\/tvnews\/coracao-acelerado-zila-se-preocupa-com-sua-situacao-apos-separacao\/\" class=\"_blank pt-cv-href-thumbnail pt-cv-thumb-default\" target=\"_blank\" ><img decoding=\"async\" width=\"728\" height=\"410\" src=\"https:\/\/i0.wp.com\/www.tvnovelas.com.br\/tvnews\/wp-content\/uploads\/2026\/04\/13188.jpg?fit=728%2C410&amp;ssl=1\" class=\"pt-cv-thumbnail\" alt=\"Foto em Cora\u00e7\u00e3o Acelerado: Zil\u00e1 se preocupa com sua situa\u00e7\u00e3o ap\u00f3s separa\u00e7\u00e3o\" srcset=\"https:\/\/i0.wp.com\/www.tvnovelas.com.br\/tvnews\/wp-content\/uploads\/2026\/04\/13188.jpg?w=728&amp;ssl=1 728w, https:\/\/i0.wp.com\/www.tvnovelas.com.br\/tvnews\/wp-content\/uploads\/2026\/04\/13188.jpg?resize=250%2C141&amp;ssl=1 250w\" sizes=\"(max-width: 728px) 100vw, 728px\" \/><\/a>\n<h4 class=\"pt-cv-title\"><a href=\"https:\/\/www.tvnovelas.com.br\/tvnews\/coracao-acelerado-zila-se-preocupa-com-sua-situacao-apos-separacao\/\" class=\"_blank\" target=\"_blank\" >Cora\u00e7\u00e3o Acelerado: Zil\u00e1 se preocupa com sua situa\u00e7\u00e3o ap\u00f3s separa\u00e7\u00e3o<\/a><\/h4><\/div><\/div>\n<div class=\"col-md-6 col-sm-12 col-xs-12 pt-cv-content-item pt-cv-1-col\" ><div class='pt-cv-ifield'><a href=\"https:\/\/www.tvnovelas.com.br\/tvnews\/a-nobreza-do-amor-tonho-nao-se-curva-diante-de-mirinho\/\" class=\"_blank pt-cv-href-thumbnail pt-cv-thumb-default\" target=\"_blank\" ><img decoding=\"async\" width=\"728\" height=\"410\" src=\"https:\/\/i0.wp.com\/www.tvnovelas.com.br\/tvnews\/wp-content\/uploads\/2026\/04\/13187.jpg?fit=728%2C410&amp;ssl=1\" class=\"pt-cv-thumbnail\" alt=\"Foto em A Nobreza do Amor: Tonho n\u00e3o se curva diante de Mirinho\" srcset=\"https:\/\/i0.wp.com\/www.tvnovelas.com.br\/tvnews\/wp-content\/uploads\/2026\/04\/13187.jpg?w=728&amp;ssl=1 728w, https:\/\/i0.wp.com\/www.tvnovelas.com.br\/tvnews\/wp-content\/uploads\/2026\/04\/13187.jpg?resize=250%2C141&amp;ssl=1 250w\" sizes=\"(max-width: 728px) 100vw, 728px\" \/><\/a>\n<h4 class=\"pt-cv-title\"><a href=\"https:\/\/www.tvnovelas.com.br\/tvnews\/a-nobreza-do-amor-tonho-nao-se-curva-diante-de-mirinho\/\" class=\"_blank\" target=\"_blank\" >A Nobreza do Amor: Tonho n\u00e3o se curva diante de Mirinho<\/a><\/h4><\/div><\/div>\n<div class=\"col-md-6 col-sm-12 col-xs-12 pt-cv-content-item pt-cv-1-col\" ><div class='pt-cv-ifield'><a href=\"https:\/\/www.tvnovelas.com.br\/tvnews\/tres-gracas-arminda-surta-ao-confirmar-que-ferette-e-pai-de-raul\/\" class=\"_blank pt-cv-href-thumbnail pt-cv-thumb-default\" target=\"_blank\" ><img decoding=\"async\" width=\"728\" height=\"410\" src=\"https:\/\/i0.wp.com\/www.tvnovelas.com.br\/tvnews\/wp-content\/uploads\/2026\/04\/13186.jpg?fit=728%2C410&amp;ssl=1\" class=\"pt-cv-thumbnail\" alt=\"Foto em Tr\u00eas Gra\u00e7as: Arminda surta ao confirmar que Ferette \u00e9 pai de Raul\" srcset=\"https:\/\/i0.wp.com\/www.tvnovelas.com.br\/tvnews\/wp-content\/uploads\/2026\/04\/13186.jpg?w=728&amp;ssl=1 728w, https:\/\/i0.wp.com\/www.tvnovelas.com.br\/tvnews\/wp-content\/uploads\/2026\/04\/13186.jpg?resize=250%2C141&amp;ssl=1 250w\" sizes=\"(max-width: 728px) 100vw, 728px\" \/><\/a>\n<h4 class=\"pt-cv-title\"><a href=\"https:\/\/www.tvnovelas.com.br\/tvnews\/tres-gracas-arminda-surta-ao-confirmar-que-ferette-e-pai-de-raul\/\" class=\"_blank\" target=\"_blank\" >Tr\u00eas Gra\u00e7as:  Arminda surta ao confirmar que Ferette \u00e9 pai de Raul<\/a><\/h4><\/div><\/div>\n<div class=\"col-md-6 col-sm-12 col-xs-12 pt-cv-content-item pt-cv-1-col\" ><div class='pt-cv-ifield'><a href=\"https:\/\/www.tvnovelas.com.br\/tvnews\/coracao-de-mae-atilla-confronta-hasan-e-exige-o-divorcio-de-lale\/\" class=\"_blank pt-cv-href-thumbnail pt-cv-thumb-default\" target=\"_blank\" ><\/a>\n<h4 class=\"pt-cv-title\"><a href=\"https:\/\/www.tvnovelas.com.br\/tvnews\/coracao-de-mae-atilla-confronta-hasan-e-exige-o-divorcio-de-lale\/\" class=\"_blank\" target=\"_blank\" >Cora\u00e7\u00e3o de M\u00e3e: Atilla confronta Hasan e exige o div\u00f3rcio de Lale<\/a><\/h4><\/div><\/div>\n<div class=\"col-md-6 col-sm-12 col-xs-12 pt-cv-content-item pt-cv-1-col\" ><div class='pt-cv-ifield'><a href=\"https:\/\/www.tvnovelas.com.br\/tvnews\/guerra-das-rosas-gulfem-coloca-gulru-contra-a-parede\/\" class=\"_blank pt-cv-href-thumbnail pt-cv-thumb-default\" target=\"_blank\" ><img decoding=\"async\" width=\"728\" height=\"410\" src=\"https:\/\/i0.wp.com\/www.tvnovelas.com.br\/tvnews\/wp-content\/uploads\/2026\/04\/13184.jpg?fit=728%2C410&amp;ssl=1\" class=\"pt-cv-thumbnail\" alt=\"Foto em Guerra das Rosas: Gulfem coloca Gulru contra a parede\" srcset=\"https:\/\/i0.wp.com\/www.tvnovelas.com.br\/tvnews\/wp-content\/uploads\/2026\/04\/13184.jpg?w=728&amp;ssl=1 728w, https:\/\/i0.wp.com\/www.tvnovelas.com.br\/tvnews\/wp-content\/uploads\/2026\/04\/13184.jpg?resize=250%2C141&amp;ssl=1 250w\" sizes=\"(max-width: 728px) 100vw, 728px\" \/><\/a>\n<h4 class=\"pt-cv-title\"><a href=\"https:\/\/www.tvnovelas.com.br\/tvnews\/guerra-das-rosas-gulfem-coloca-gulru-contra-a-parede\/\" class=\"_blank\" target=\"_blank\" >Guerra das Rosas: Gulfem coloca Gulru contra a parede<\/a><\/h4><\/div><\/div>\n<div class=\"col-md-6 col-sm-12 col-xs-12 pt-cv-content-item pt-cv-1-col\" ><div class='pt-cv-ifield'><a href=\"https:\/\/www.tvnovelas.com.br\/tvnews\/coracao-de-mae-atilla-diz-a-lale-que-quer-o-divorcio\/\" class=\"_blank pt-cv-href-thumbnail pt-cv-thumb-default\" target=\"_blank\" ><img decoding=\"async\" width=\"728\" height=\"410\" src=\"https:\/\/i0.wp.com\/www.tvnovelas.com.br\/tvnews\/wp-content\/uploads\/2026\/04\/13183.jpg?fit=728%2C410&amp;ssl=1\" class=\"pt-cv-thumbnail\" alt=\"Foto em Cora\u00e7\u00e3o de M\u00e3e: Atilla diz a Lale que quer o div\u00f3rcio\" srcset=\"https:\/\/i0.wp.com\/www.tvnovelas.com.br\/tvnews\/wp-content\/uploads\/2026\/04\/13183.jpg?w=728&amp;ssl=1 728w, https:\/\/i0.wp.com\/www.tvnovelas.com.br\/tvnews\/wp-content\/uploads\/2026\/04\/13183.jpg?resize=250%2C141&amp;ssl=1 250w\" sizes=\"(max-width: 728px) 100vw, 728px\" \/><\/a>\n<h4 class=\"pt-cv-title\"><a href=\"https:\/\/www.tvnovelas.com.br\/tvnews\/coracao-de-mae-atilla-diz-a-lale-que-quer-o-divorcio\/\" class=\"_blank\" target=\"_blank\" >Cora\u00e7\u00e3o de M\u00e3e: Atilla diz a Lale que quer o div\u00f3rcio<\/a><\/h4><\/div><\/div>\n<div class=\"col-md-6 col-sm-12 col-xs-12 pt-cv-content-item pt-cv-1-col\" ><div class='pt-cv-ifield'><a href=\"https:\/\/www.tvnovelas.com.br\/tvnews\/a-nobreza-do-amor-mirinho-garante-noivado-com-virginia-para-atrair-sogro-a-negocio\/\" class=\"_blank pt-cv-href-thumbnail pt-cv-thumb-default\" target=\"_blank\" ><img decoding=\"async\" width=\"728\" height=\"410\" src=\"https:\/\/i0.wp.com\/www.tvnovelas.com.br\/tvnews\/wp-content\/uploads\/2026\/04\/13182.jpg?fit=728%2C410&amp;ssl=1\" class=\"pt-cv-thumbnail\" alt=\"Foto em A Nobreza do Amor: Mirinho garante noivado com Virg\u00ednia para atrair sogro a neg\u00f3cio\" srcset=\"https:\/\/i0.wp.com\/www.tvnovelas.com.br\/tvnews\/wp-content\/uploads\/2026\/04\/13182.jpg?w=728&amp;ssl=1 728w, https:\/\/i0.wp.com\/www.tvnovelas.com.br\/tvnews\/wp-content\/uploads\/2026\/04\/13182.jpg?resize=250%2C141&amp;ssl=1 250w\" sizes=\"(max-width: 728px) 100vw, 728px\" \/><\/a>\n<h4 class=\"pt-cv-title\"><a href=\"https:\/\/www.tvnovelas.com.br\/tvnews\/a-nobreza-do-amor-mirinho-garante-noivado-com-virginia-para-atrair-sogro-a-negocio\/\" class=\"_blank\" target=\"_blank\" >A Nobreza do Amor: Mirinho garante noivado com Virg\u00ednia para atrair sogro a neg\u00f3cio<\/a><\/h4><\/div><\/div>\n<div class=\"col-md-6 col-sm-12 col-xs-12 pt-cv-content-item pt-cv-1-col\" ><div class='pt-cv-ifield'><a href=\"https:\/\/www.tvnovelas.com.br\/tvnews\/tres-gracas-joaquim-propoe-fuga-a-arminda-com-o-dinheiro-das-tres-gracas\/\" class=\"_blank pt-cv-href-thumbnail pt-cv-thumb-default\" target=\"_blank\" ><img decoding=\"async\" width=\"728\" height=\"410\" src=\"https:\/\/i0.wp.com\/www.tvnovelas.com.br\/tvnews\/wp-content\/uploads\/2026\/04\/13181.jpg?fit=728%2C410&amp;ssl=1\" class=\"pt-cv-thumbnail\" alt=\"Foto em Tr\u00eas Gra\u00e7as: Joaquim prop\u00f5e fuga a Arminda com o dinheiro das Tr\u00eas Gra\u00e7as\" srcset=\"https:\/\/i0.wp.com\/www.tvnovelas.com.br\/tvnews\/wp-content\/uploads\/2026\/04\/13181.jpg?w=728&amp;ssl=1 728w, https:\/\/i0.wp.com\/www.tvnovelas.com.br\/tvnews\/wp-content\/uploads\/2026\/04\/13181.jpg?resize=250%2C141&amp;ssl=1 250w\" sizes=\"(max-width: 728px) 100vw, 728px\" \/><\/a>\n<h4 class=\"pt-cv-title\"><a href=\"https:\/\/www.tvnovelas.com.br\/tvnews\/tres-gracas-joaquim-propoe-fuga-a-arminda-com-o-dinheiro-das-tres-gracas\/\" class=\"_blank\" target=\"_blank\" >Tr\u00eas Gra\u00e7as:  Joaquim prop\u00f5e fuga a Arminda com o dinheiro das Tr\u00eas Gra\u00e7as<\/a><\/h4><\/div><\/div><\/div><\/div><\/div><br \/>\n<a href=\"https:\/\/tvnovelas.com.br\/filmes\/filmes-na-tv-segunda\/\" target=\"_blank\" rel=\"noopener\">Confira a Programa\u00e7\u00e3o de Filmes na TV aberta<\/a><\/p>\n","protected":false},"excerpt":{"rendered":"<p>Dona de Mim: Filha de Filipa chega ao Brasil&#8230; Em Dona de Mim, a emo\u00e7\u00e3o tamb\u00e9m toma conta de Filipa no cap\u00edtulo previsto para ir ao ar no s\u00e1bado&#8230;<\/p>\n","protected":false},"author":1,"featured_media":77498,"comment_status":"closed","ping_status":"closed","sticky":false,"template":"","format":"standard","meta":{"_uf_show_specific_survey":0,"_uf_disable_surveys":false,"_jetpack_memberships_contains_paid_content":false,"footnotes":"","_wp_rev_ctl_limit":""},"categories":[884],"tags":[883,5,64],"class_list":["post-77497","post","type-post","status-publish","format-standard","has-post-thumbnail","hentry","category-dona-de-mim","tag-dona-de-mim","tag-globo","tag-novelas","wpcat-884-id"],"aioseo_notices":[],"jetpack_featured_media_url":"https:\/\/i0.wp.com\/www.tvnovelas.com.br\/tvnews\/wp-content\/uploads\/2025\/06\/11374.jpg?fit=728%2C410&ssl=1","jetpack_shortlink":"https:\/\/wp.me\/pdP2BO-k9X","jetpack_sharing_enabled":true,"_links":{"self":[{"href":"https:\/\/www.tvnovelas.com.br\/tvnews\/wp-json\/wp\/v2\/posts\/77497","targetHints":{"allow":["GET"]}}],"collection":[{"href":"https:\/\/www.tvnovelas.com.br\/tvnews\/wp-json\/wp\/v2\/posts"}],"about":[{"href":"https:\/\/www.tvnovelas.com.br\/tvnews\/wp-json\/wp\/v2\/types\/post"}],"author":[{"embeddable":true,"href":"https:\/\/www.tvnovelas.com.br\/tvnews\/wp-json\/wp\/v2\/users\/1"}],"replies":[{"embeddable":true,"href":"https:\/\/www.tvnovelas.com.br\/tvnews\/wp-json\/wp\/v2\/comments?post=77497"}],"version-history":[{"count":2,"href":"https:\/\/www.tvnovelas.com.br\/tvnews\/wp-json\/wp\/v2\/posts\/77497\/revisions"}],"predecessor-version":[{"id":77500,"href":"https:\/\/www.tvnovelas.com.br\/tvnews\/wp-json\/wp\/v2\/posts\/77497\/revisions\/77500"}],"wp:featuredmedia":[{"embeddable":true,"href":"https:\/\/www.tvnovelas.com.br\/tvnews\/wp-json\/wp\/v2\/media\/77498"}],"wp:attachment":[{"href":"https:\/\/www.tvnovelas.com.br\/tvnews\/wp-json\/wp\/v2\/media?parent=77497"}],"wp:term":[{"taxonomy":"category","embeddable":true,"href":"https:\/\/www.tvnovelas.com.br\/tvnews\/wp-json\/wp\/v2\/categories?post=77497"},{"taxonomy":"post_tag","embeddable":true,"href":"https:\/\/www.tvnovelas.com.br\/tvnews\/wp-json\/wp\/v2\/tags?post=77497"}],"curies":[{"name":"wp","href":"https:\/\/api.w.org\/{rel}","templated":true}]}}