{"id":77520,"date":"2025-06-25T09:51:45","date_gmt":"2025-06-25T12:51:45","guid":{"rendered":"https:\/\/www.tvnovelas.com.br\/tvnews\/?p=77520"},"modified":"2025-06-25T09:51:45","modified_gmt":"2025-06-25T12:51:45","slug":"vale-tudo-heleninha-desabafa-com-ivan-sobre-ciumes-de-raquel","status":"publish","type":"post","link":"https:\/\/www.tvnovelas.com.br\/tvnews\/vale-tudo-heleninha-desabafa-com-ivan-sobre-ciumes-de-raquel\/","title":{"rendered":"Vale Tudo: Heleninha desabafa com Ivan sobre ci\u00fames de Raquel"},"content":{"rendered":"<figure id=\"attachment_77521\" aria-describedby=\"caption-attachment-77521\" style=\"width: 728px\" class=\"wp-caption alignnone\"><img data-recalc-dims=\"1\" decoding=\"async\" class=\"wp-image-77521 size-full\" title=\"(Foto: TV Globo\/Vale Tudo)\" src=\"https:\/\/i0.wp.com\/www.tvnovelas.com.br\/tvnews\/wp-content\/uploads\/2025\/06\/11377.jpg?resize=728%2C410&#038;ssl=1\" alt=\"Foto em Vale Tudo: Heleninha desabafa com Ivan sobre ci\u00fames de Raquel\" width=\"728\" height=\"410\" srcset=\"https:\/\/i0.wp.com\/www.tvnovelas.com.br\/tvnews\/wp-content\/uploads\/2025\/06\/11377.jpg?w=728&amp;ssl=1 728w, https:\/\/i0.wp.com\/www.tvnovelas.com.br\/tvnews\/wp-content\/uploads\/2025\/06\/11377.jpg?resize=250%2C141&amp;ssl=1 250w\" sizes=\"(max-width: 728px) 100vw, 728px\" \/><figcaption id=\"caption-attachment-77521\" class=\"wp-caption-text\">Vale Tudo: Heleninha desabafa com Ivan sobre ci\u00fames de Raquel<\/figcaption><\/figure>\n<p>Em Vale Tudo, Heleninha (Paolla Oliveira) ainda n\u00e3o sabe, mas a foto que circula na imprensa em que ela aparece alcoolizada foi plantada pela pr\u00f3pria m\u00e3e, Odete Roitman (Debora Bloch). Em Vale Tudo, a vil\u00e3 decidiu sabotar o namoro da irm\u00e3, Celina (Malu Galli), e viu na possibilidade de explorar a filha fragilizada a melhor alternativa.<\/p>\n<p>Ap\u00f3s este epis\u00f3dio, Heleninha ficar\u00e1 reclusa em seu quarto, o que deixar\u00e1 Ivan (Renato G\u00f3es) preocupado. Depois de v\u00e1rias liga\u00e7\u00f5es n\u00e3o atendidas, ela ir\u00e1 \u00e0 casa da namorada, conferir como ela est\u00e1.<\/p>\n<p>\u201cHeleninha, \u00e9 um absurdo terem publicado aquela foto\u201d, dir\u00e1 ele, acolhendo a pintora.<\/p>\n<p>\u201cEu t\u00f4 bem. Sabia? Estranhamente at\u00e9 eu t\u00f4 bem\u201d, responder\u00e1 ela.<\/p>\n<p>Helena explicar\u00e1 que h\u00e1 uma din\u00e2mica disfuncional na fam\u00edlia, e a \u00faltima reca\u00edda apenas reafirmou o papel dela como v\u00edtima. Ivan ir\u00e1 se desculpar pela aus\u00eancia na festa, o que causou a crise de ci\u00fames respons\u00e1vel pela reca\u00edda da pintora. A conversa, ent\u00e3o, trar\u00e1 Raquel (Ta\u00eds Araujo) de volta \u00e0 discuss\u00e3o, como causa de inseguran\u00e7a da pintora.<\/p>\n<p>\u201cVoc\u00ea n\u00e3o tem culpa\u201d, dir\u00e1 ela. \u201cVoc\u00ea t\u00e1 fora do jogo. Eu constru\u00ed uma hist\u00f3ria na minha cabe\u00e7a. Eu tinha tido um sonho que voc\u00ea terminava comigo, que tinha voltado com a Raquel&#8230; A\u00ed, na hora que voc\u00ea sumiu, o sonho virou premoni\u00e7\u00e3o\u201d<\/p>\n<p>\u201cHeleninha, a minha hist\u00f3ria com a Raquel acabou\u201d, vai afirmar Ivan. \u201cHoje em dia, o \u00fanico lugar onde ela sobrevive \u00e9 dentro da sua cabe\u00e7a.\u201d<br \/>\n<!--FIM--><\/p>\n<div class=\"fb-comments\" data-width=\"100%\" data-order-by=\"reverse_time\" data-numposts=\"5\"><\/div>\n<p><h2>Mais:<\/h2>\r\n<p><a href=\"https:\/\/tvnovelas.com.br\/novelas\/resumos-de-vale-tudo\/\" target=\"_blank\" rel=\"noopener\">Confira os resumos da semana de Vale Tudo'<\/a><\/p>\r\n<p><a href=\"https:\/\/wp.me\/pfspD2-U7\" target=\"_blank\" rel=\"noopener\">Vale Tudo: Conflitos de princ\u00edpios e valores (Sinopse)<\/a>\r\n<p><a href=\"https:\/\/wp.me\/pfspD2-oI\" target=\"_blank\" rel=\"noopener\">Vale Tudo: Invers\u00e3o de valores no final dos anos 1980<\/a> (Sinopse)<\/p>\r\n<p><a href=\"https:\/\/pt.wikipedia.org\/wiki\/Vale_Tudo_(2025)\" target=\"_blank\" rel=\"noopener\">Sobre Vale Tudo (2025) na Wikipedia<\/a><\/p>\r\n<p><a href=\"https:\/\/tvnovelas.com.br\/novelas\/\" target=\"_blank\" rel=\"noopener\">Resumos de todas as novelas<\/a><\/p>\r\n<p><strong style=\"font-size: 120%;\">\u00daltimas not\u00edcias de 'Vale Tudo':<\/strong><\/p>\r\n<div class=\"pt-cv-wrapper\"><h2 class='pt-cv-heading-container heading2' data-blockid='d7366c1g0j'><span class='pt-cv-heading'> \u00daltimas da novela <\/span><\/h2><div class=\"pt-cv-view pt-cv-grid pt-cv-colsys\" id=\"pt-cv-view-d7366c1g0j\"><div data-id=\"pt-cv-page-1\" class=\"pt-cv-page\" data-cvc=\"1\"><div class=\"col-md-12 col-sm-12 col-xs-12 pt-cv-content-item pt-cv-1-col\" ><div class='pt-cv-ifield'><h4 class=\"pt-cv-title\"><a href=\"https:\/\/www.tvnovelas.com.br\/tvnews\/vale-tudo-casamento-de-raquel-e-ivan-entre-os-finais\/\" class=\"_self\" target=\"_self\" >Vale Tudo: Casamento de Raquel e Ivan entre os finais<\/a><\/h4><\/div><\/div>\n<div class=\"col-md-12 col-sm-12 col-xs-12 pt-cv-content-item pt-cv-1-col\" ><div class='pt-cv-ifield'><h4 class=\"pt-cv-title\"><a href=\"https:\/\/www.tvnovelas.com.br\/tvnews\/vale-tudo-fatima-decide-entregar-o-filho-para-a-adocao\/\" class=\"_self\" target=\"_self\" >Vale Tudo: F\u00e1tima decide entregar o filho para a ado\u00e7\u00e3o<\/a><\/h4><\/div><\/div>\n<div class=\"col-md-12 col-sm-12 col-xs-12 pt-cv-content-item pt-cv-1-col\" ><div class='pt-cv-ifield'><h4 class=\"pt-cv-title\"><a href=\"https:\/\/www.tvnovelas.com.br\/tvnews\/vale-tudo-cesar-e-fatima-se-reencontram\/\" class=\"_self\" target=\"_self\" >Vale Tudo: C\u00e9sar e F\u00e1tima se reencontram<\/a><\/h4><\/div><\/div><\/div><\/div><\/div>\r\n<p><strong style=\"font-size: 120%;\">\u00daltimas not\u00edcias deste site:<\/strong><\/p>\r\n<div class=\"pt-cv-wrapper\"><div class=\"pt-cv-view pt-cv-grid pt-cv-colsys\" id=\"pt-cv-view-90991035b3\"><div data-id=\"pt-cv-page-1\" class=\"pt-cv-page\" data-cvc=\"1\"><div class=\"col-md-12 col-sm-12 col-xs-12 pt-cv-content-item pt-cv-1-col\" ><div class='pt-cv-ifield'><h4 class=\"pt-cv-title\"><a href=\"https:\/\/www.tvnovelas.com.br\/tvnews\/coracao-de-mae-irmak-inicia-jogo-arriscado-contra-adnan\/\" class=\"_self\" target=\"_self\" >Cora\u00e7\u00e3o de M\u00e3e: Irmak inicia jogo arriscado contra Adnan<\/a><\/h4><\/div><\/div>\n<div class=\"col-md-12 col-sm-12 col-xs-12 pt-cv-content-item pt-cv-1-col\" ><div class='pt-cv-ifield'><h4 class=\"pt-cv-title\"><a href=\"https:\/\/www.tvnovelas.com.br\/tvnews\/guerra-das-rosas-omer-chama-gulru-vestida-de-noiva-para-fugir\/\" class=\"_self\" target=\"_self\" >Guerra das Rosas: Omer chama Gulru vestida de noiva para fugir<\/a><\/h4><\/div><\/div>\n<div class=\"col-md-12 col-sm-12 col-xs-12 pt-cv-content-item pt-cv-1-col\" ><div class='pt-cv-ifield'><h4 class=\"pt-cv-title\"><a href=\"https:\/\/www.tvnovelas.com.br\/tvnews\/coracao-de-mae-reha-sai-para-jantar-com-selvi\/\" class=\"_self\" target=\"_self\" >Cora\u00e7\u00e3o de M\u00e3e: Reha sai para jantar com Selvi<\/a><\/h4><\/div><\/div>\n<div class=\"col-md-12 col-sm-12 col-xs-12 pt-cv-content-item pt-cv-1-col\" ><div class='pt-cv-ifield'><h4 class=\"pt-cv-title\"><a href=\"https:\/\/www.tvnovelas.com.br\/tvnews\/coracao-acelerado-zila-se-preocupa-com-sua-situacao-apos-separacao\/\" class=\"_self\" target=\"_self\" >Cora\u00e7\u00e3o Acelerado: Zil\u00e1 se preocupa com sua situa\u00e7\u00e3o ap\u00f3s separa\u00e7\u00e3o<\/a><\/h4><\/div><\/div>\n<div class=\"col-md-12 col-sm-12 col-xs-12 pt-cv-content-item pt-cv-1-col\" ><div class='pt-cv-ifield'><h4 class=\"pt-cv-title\"><a href=\"https:\/\/www.tvnovelas.com.br\/tvnews\/a-nobreza-do-amor-tonho-nao-se-curva-diante-de-mirinho\/\" class=\"_self\" target=\"_self\" >A Nobreza do Amor: Tonho n\u00e3o se curva diante de Mirinho<\/a><\/h4><\/div><\/div>\n<div class=\"col-md-12 col-sm-12 col-xs-12 pt-cv-content-item pt-cv-1-col\" ><div class='pt-cv-ifield'><h4 class=\"pt-cv-title\"><a href=\"https:\/\/www.tvnovelas.com.br\/tvnews\/tres-gracas-arminda-surta-ao-confirmar-que-ferette-e-pai-de-raul\/\" class=\"_self\" target=\"_self\" >Tr\u00eas Gra\u00e7as:  Arminda surta ao confirmar que Ferette \u00e9 pai de Raul<\/a><\/h4><\/div><\/div>\n<div class=\"col-md-12 col-sm-12 col-xs-12 pt-cv-content-item pt-cv-1-col\" ><div class='pt-cv-ifield'><h4 class=\"pt-cv-title\"><a href=\"https:\/\/www.tvnovelas.com.br\/tvnews\/coracao-de-mae-atilla-confronta-hasan-e-exige-o-divorcio-de-lale\/\" class=\"_self\" target=\"_self\" >Cora\u00e7\u00e3o de M\u00e3e: Atilla confronta Hasan e exige o div\u00f3rcio de Lale<\/a><\/h4><\/div><\/div>\n<div class=\"col-md-12 col-sm-12 col-xs-12 pt-cv-content-item pt-cv-1-col\" ><div class='pt-cv-ifield'><h4 class=\"pt-cv-title\"><a href=\"https:\/\/www.tvnovelas.com.br\/tvnews\/guerra-das-rosas-gulfem-coloca-gulru-contra-a-parede\/\" class=\"_self\" target=\"_self\" >Guerra das Rosas: Gulfem coloca Gulru contra a parede<\/a><\/h4><\/div><\/div>\n<div class=\"col-md-12 col-sm-12 col-xs-12 pt-cv-content-item pt-cv-1-col\" ><div class='pt-cv-ifield'><h4 class=\"pt-cv-title\"><a href=\"https:\/\/www.tvnovelas.com.br\/tvnews\/coracao-de-mae-atilla-diz-a-lale-que-quer-o-divorcio\/\" class=\"_self\" target=\"_self\" >Cora\u00e7\u00e3o de M\u00e3e: Atilla diz a Lale que quer o div\u00f3rcio<\/a><\/h4><\/div><\/div>\n<div class=\"col-md-12 col-sm-12 col-xs-12 pt-cv-content-item pt-cv-1-col\" ><div class='pt-cv-ifield'><h4 class=\"pt-cv-title\"><a href=\"https:\/\/www.tvnovelas.com.br\/tvnews\/a-nobreza-do-amor-mirinho-garante-noivado-com-virginia-para-atrair-sogro-a-negocio\/\" class=\"_self\" target=\"_self\" >A Nobreza do Amor: Mirinho garante noivado com Virg\u00ednia para atrair sogro a neg\u00f3cio<\/a><\/h4><\/div><\/div><\/div><\/div><\/div>\r\n<h3>Confira tamb\u00e9m<\/h3>\r\n<p><a href=\"https:\/\/www.tvnovelas.com.br\/filmes\/\" target=\"_blank\" rel=\"noopener noreferrer\"><strong>Programa\u00e7\u00e3o de filmes na TV aberta<\/strong><\/a><\/p>\r\n<p><a href=\"https:\/\/caetenews.com.br\/semana\/filmes-da-globo-na-sessao-da-tarde-desta-semana\/\" target=\"_blank\" rel=\"noopener\"><strong>Confira os filmes da semana na Sess\u00e3o da Tarde<\/strong><\/a><\/p>\r\n<p><a href=\"https:\/\/www.tvnovelas.com.br\/novelas\/\"><strong>Confira os resumos da semana de todas novelas<\/strong><\/a><\/p><br \/>\n<a href=\"https:\/\/tvnovelas.com.br\/filmes\/filmes-na-tv-segunda\/\" target=\"_blank\" rel=\"noopener\">Confira a Progrma\u00e7\u00e3o de Filmes na TV aberta<\/a><br \/>\n<a href=\"https:\/\/www.tvnovelas.com.br\/tvnews\/\" target=\"_blank\" rel=\"noopener\">\u00daltimas not\u00edcias das novelas<\/a><\/p>\n","protected":false},"excerpt":{"rendered":"<p>Vale Tudo: Heleninha desabafa&#8230; Em Vale Tudo, Heleninha (Paolla Oliveira) ainda n\u00e3o sabe, mas a foto que circula na imprensa em que ela aparece alcoolizada&#8230;<\/p>\n","protected":false},"author":1,"featured_media":77521,"comment_status":"closed","ping_status":"closed","sticky":false,"template":"","format":"standard","meta":{"_uf_show_specific_survey":0,"_uf_disable_surveys":false,"_jetpack_memberships_contains_paid_content":false,"footnotes":"","_wp_rev_ctl_limit":""},"categories":[871],"tags":[5,64,801],"class_list":["post-77520","post","type-post","status-publish","format-standard","has-post-thumbnail","hentry","category-vale-tudo","tag-globo","tag-novelas","tag-vale-tudo","wpcat-871-id"],"aioseo_notices":[],"jetpack_featured_media_url":"https:\/\/i0.wp.com\/www.tvnovelas.com.br\/tvnews\/wp-content\/uploads\/2025\/06\/11377.jpg?fit=728%2C410&ssl=1","jetpack_shortlink":"https:\/\/wp.me\/pdP2BO-kak","jetpack_sharing_enabled":true,"_links":{"self":[{"href":"https:\/\/www.tvnovelas.com.br\/tvnews\/wp-json\/wp\/v2\/posts\/77520","targetHints":{"allow":["GET"]}}],"collection":[{"href":"https:\/\/www.tvnovelas.com.br\/tvnews\/wp-json\/wp\/v2\/posts"}],"about":[{"href":"https:\/\/www.tvnovelas.com.br\/tvnews\/wp-json\/wp\/v2\/types\/post"}],"author":[{"embeddable":true,"href":"https:\/\/www.tvnovelas.com.br\/tvnews\/wp-json\/wp\/v2\/users\/1"}],"replies":[{"embeddable":true,"href":"https:\/\/www.tvnovelas.com.br\/tvnews\/wp-json\/wp\/v2\/comments?post=77520"}],"version-history":[{"count":1,"href":"https:\/\/www.tvnovelas.com.br\/tvnews\/wp-json\/wp\/v2\/posts\/77520\/revisions"}],"predecessor-version":[{"id":77522,"href":"https:\/\/www.tvnovelas.com.br\/tvnews\/wp-json\/wp\/v2\/posts\/77520\/revisions\/77522"}],"wp:featuredmedia":[{"embeddable":true,"href":"https:\/\/www.tvnovelas.com.br\/tvnews\/wp-json\/wp\/v2\/media\/77521"}],"wp:attachment":[{"href":"https:\/\/www.tvnovelas.com.br\/tvnews\/wp-json\/wp\/v2\/media?parent=77520"}],"wp:term":[{"taxonomy":"category","embeddable":true,"href":"https:\/\/www.tvnovelas.com.br\/tvnews\/wp-json\/wp\/v2\/categories?post=77520"},{"taxonomy":"post_tag","embeddable":true,"href":"https:\/\/www.tvnovelas.com.br\/tvnews\/wp-json\/wp\/v2\/tags?post=77520"}],"curies":[{"name":"wp","href":"https:\/\/api.w.org\/{rel}","templated":true}]}}