{"id":77649,"date":"2025-06-27T14:38:01","date_gmt":"2025-06-27T17:38:01","guid":{"rendered":"https:\/\/www.tvnovelas.com.br\/tvnews\/?p=77649"},"modified":"2025-06-27T14:39:04","modified_gmt":"2025-06-27T17:39:04","slug":"o-que-se-passa-em-dona-de-mim-na-semana-30-6-a-05-de-julho","status":"publish","type":"post","link":"https:\/\/www.tvnovelas.com.br\/tvnews\/o-que-se-passa-em-dona-de-mim-na-semana-30-6-a-05-de-julho\/","title":{"rendered":"O que se passa em Dona de Mim na semana 30\/6 a 05 de julho"},"content":{"rendered":"<p>.<br \/>\n<figure id=\"attachment_45343\" aria-describedby=\"caption-attachment-45343\" style=\"width: 728px\" class=\"wp-caption alignnone\"><img data-recalc-dims=\"1\" decoding=\"async\" src=\"https:\/\/i0.wp.com\/tvnovelas.com.br\/novelas\/wp-content\/uploads\/2025\/06\/11390dmf.jpg?resize=728%2C410&#038;ssl=1\" alt=\"Foto em Dona de Mim de 23\/06 a 05 de julho\" title=\"(Foto: TV Globo\/Dona de Mim)\" width=\"728\" height=\"410\" class=\"size-full wp-image-45343\" \/><figcaption id=\"caption-attachment-45343\" class=\"wp-caption-text\">Dona de Mim de 23\/06 a 05 de julho<\/figcaption><\/figure><\/p>\n<blockquote><p><strong style=\"color: #511D43;\">Nos pr\u00f3ximos cap\u00edtulos de Dona de Mim, <\/strong>T\u00e2nia confronta Jaques por contratar Vanderson para segui-la; Jaques grava confiss\u00e3o de Abel para Rebeca que registrou Sofia sabendo que n\u00e3o era seu pai biol\u00f3gico,; Danilo passa informa\u00e7\u00f5es da mans\u00e3o para Jaques; Leo pede que Vanderson se afaste de Sofia&#8230;<\/p><\/blockquote>\n<\/div>\n<figure id=\"attachment_45343\" aria-describedby=\"caption-attachment-45343\" style=\"width: 728px\" class=\"wp-caption alignnone\"><img data-recalc-dims=\"1\" decoding=\"async\" src=\"https:\/\/i0.wp.com\/tvnovelas.com.br\/novelas\/wp-content\/uploads\/2025\/06\/11390dma.jpg?resize=728%2C410&#038;ssl=1\" alt=\"Foto em Dona de Mim de 23\/06 a 05 de julho\" title=\"(Foto: TV Globo\/Dona de Mim)\" width=\"728\" height=\"410\" class=\"size-full wp-image-45343\" \/><figcaption id=\"caption-attachment-45343\" class=\"wp-caption-text\">Dona de Mim de 30\/06 a 05 de julho<\/figcaption><\/figure>\n<h2 style=\"color: #511D43;\">Resumo de segunda-feira, 30 de junho<\/h2>\n<p>Jaques desconfia da inten\u00e7\u00e3o de Abel ao contratar Rebeca e dispensar Ricardo no caso de Vanderson. Alan mant\u00e9m a deten\u00e7\u00e3o de Marlon e Adriano. Ryan deixa a pris\u00e3o com Yuri. Kami espera por Marlon na festa junina. Jaques afirma que Abel n\u00e3o confia mais em Ricardo. Nina observa Filipa com Sofia. Lucas beija Dara. Filipa decide fazer uma festa de boas-vindas para Nina. T\u00e2nia confronta Jaques por contratar Vanderson para segui-la. Ryan surge no meio da festa junina, e todos se surpreendem. Kami tenta falar com Marlon. Fabiana pede que Ryan limpe o sal\u00e3o. Lucas encontra Ryan. Kami pede para conversar com Ryan.\u00a0<br \/>\n<figure id=\"attachment_45343\" aria-describedby=\"caption-attachment-45343\" style=\"width: 728px\" class=\"wp-caption alignnone\"><img data-recalc-dims=\"1\" decoding=\"async\" src=\"https:\/\/i0.wp.com\/tvnovelas.com.br\/novelas\/wp-content\/uploads\/2025\/06\/11390dmb.jpg?resize=728%2C410&#038;ssl=1\" alt=\"Foto em Dona de Mim de 23\/06 a 05 de julho\" title=\"(Foto: TV Globo\/Dona de Mim)\" width=\"728\" height=\"410\" class=\"size-full wp-image-45343\" \/><figcaption id=\"caption-attachment-45343\" class=\"wp-caption-text\">Dona de Mim de 30\/06 a 05 de julho<\/figcaption><\/figure><\/p>\n<h2 style=\"color: #511D43;\">Resumo de ter\u00e7a-feira, 1\u00ba de julho<\/h2>\n<p>Kami afirma a Ryan que n\u00e3o quer se reaproximar dele. Rosa se surpreende com a defesa que Jaques faz de Vanderson. Jaques provoca Sofia, e Leo o ataca. Samuel aprova a atitude de Leo. Nina disfar\u00e7a sua liga\u00e7\u00e3o com Deco. Leo encontra um novo poema de Samuel e o questiona sobre seus sentimentos. Rosa pede que Abel e Jaques parem de brigar. Davi promove uma festa na casa de Ayla e Gisele, sem o consentimento do casal. Marlon e Adriano s\u00e3o liberados da deten\u00e7\u00e3o. Jaques prop\u00f5e que Danilo seja o motorista de Rosa. Ded\u00e9 conta a Marlon que conheceu Ryan. Leo confessa a Stephany que acredita que Samuel goste dela. Abel descobre que Vanderson est\u00e1 movendo uma a\u00e7\u00e3o pelo reconhecimento da paternidade de Sofia.\u00a0<br \/>\n<figure id=\"attachment_45343\" aria-describedby=\"caption-attachment-45343\" style=\"width: 728px\" class=\"wp-caption alignnone\"><img data-recalc-dims=\"1\" decoding=\"async\" src=\"https:\/\/i0.wp.com\/tvnovelas.com.br\/novelas\/wp-content\/uploads\/2025\/06\/11390dmc.jpg?resize=728%2C410&#038;ssl=1\" alt=\"Foto em Dona de Mim de 23\/06 a 05 de julho\" title=\"(Foto: TV Globo\/Dona de Mim)\" width=\"728\" height=\"410\" class=\"size-full wp-image-45343\" \/><figcaption id=\"caption-attachment-45343\" class=\"wp-caption-text\">Dona de Mim de 30\/06 a 05 de julho<\/figcaption><\/figure><\/p>\n<h2 style=\"color: #511D43;\">Resumo de quarta-feira, 02 de julho<\/h2>\n<p>Abel confronta Jaques sobre o processo movido por Vanderson. Nina conversa sobre o comportamento de Filipa. L\u00facio rouba Danilo, que pede ajuda a Marlon. Filipa acompanha Rosa \u00e0 consulta com Let\u00edcia. Deco amea\u00e7a Nina. Abel confessa para Rebeca que registrou Sofia sabendo que n\u00e3o era seu pai biol\u00f3gico, e Jaques grava o depoimento do irm\u00e3o. Danilo comenta com Pam que pensa em aceitar a proposta de Jaques. Leo e Samuel seguem Vanderson, e acabam discutindo. Marlon leva Ded\u00e9 para encontrar Ryan. Ded\u00e9 chama Marlon de pai na frente de Ryan.\u00a0<br \/>\n<figure id=\"attachment_45343\" aria-describedby=\"caption-attachment-45343\" style=\"width: 728px\" class=\"wp-caption alignnone\"><img data-recalc-dims=\"1\" decoding=\"async\" src=\"https:\/\/i0.wp.com\/tvnovelas.com.br\/novelas\/wp-content\/uploads\/2025\/06\/11390dme.jpg?resize=728%2C410&#038;ssl=1\" alt=\"Foto em Dona de Mim de 23\/06 a 05 de julho\" title=\"(Foto: TV Globo\/Dona de Mim)\" width=\"728\" height=\"410\" class=\"size-full wp-image-45343\" \/><figcaption id=\"caption-attachment-45343\" class=\"wp-caption-text\">Dona de Mim de 23\/06 a 05 de julho<\/figcaption><\/figure><\/p>\n<h2 style=\"color: #511D43;\">Resumo de quinta-feira, 03 de julho<\/h2>\n<p>Marlon refor\u00e7a com Ded\u00e9 que \u00e9 seu tio. Ryan agradece a ajuda de Marlon. Danilo pede para ser contratado novamente por Abel, como motorista de Rosa. Ryan corta o cabelo de Ded\u00e9, e Fabiana se preocupa com a rea\u00e7\u00e3o de Kami. Nina aceita ir \u00e0 praia com Rosa e Danilo, e Filipa se surpreende. Kami repreende Ryan por cortar o cabelo de Ded\u00e9. Ayla apoia Davi junto a Samuel. Adriano decide filmar mais uma ocorr\u00eancia policial, e Marlon n\u00e3o gosta. Nina furta um item na praia, e Danilo a ajuda. Filipa e Nina discutem. Davi sai com Letty e Thelma, e acaba as levando para a mans\u00e3o dos Boaz.\u00a0<br \/>\n<figure id=\"attachment_45343\" aria-describedby=\"caption-attachment-45343\" style=\"width: 728px\" class=\"wp-caption alignnone\"><img data-recalc-dims=\"1\" decoding=\"async\" src=\"https:\/\/i0.wp.com\/tvnovelas.com.br\/novelas\/wp-content\/uploads\/2025\/06\/11390dmg.jpg?resize=728%2C410&#038;ssl=1\" alt=\"Foto em Dona de Mim de 23\/06 a 05 de julho\" title=\"(Foto: TV Globo\/Dona de Mim)\" width=\"728\" height=\"410\" class=\"size-full wp-image-45343\" \/><figcaption id=\"caption-attachment-45343\" class=\"wp-caption-text\">Dona de Mim de 30\/06 a 05 de julho<\/figcaption><\/figure><\/p>\n<h2 style=\"color: #511D43;\">Resumo de sexta-feira, 04 de julho<\/h2>\n<p>Davi pede que Letty e Thelma fiquem em sil\u00eancio para n\u00e3o serem percebidas na mans\u00e3o. Leo v\u00ea Nina se tatuando. Kami confronta Marlon por conta do corte de cabelo de Ded\u00e9. Patr\u00edcia agride Vanderson, e Ricardo gosta. Filipa sugere que Nina lhe fa\u00e7a uma tatuagem. Samuel revela a Abel que descobriu que Patr\u00edcia \u00e9 irm\u00e3 de Ricardo. Rebeca anuncia que a audi\u00eancia sobre a paternidade de Sofia foi marcada. Abel pede que Samuel descubra se Jaques desvia dinheiro da Boaz. Danilo passa informa\u00e7\u00f5es da mans\u00e3o para Jaques. Kami recebe uma carta de Ryan. Vanderson conhece Sofia.\u00a0<br \/>\n<figure id=\"attachment_45343\" aria-describedby=\"caption-attachment-45343\" style=\"width: 728px\" class=\"wp-caption alignnone\"><img data-recalc-dims=\"1\" decoding=\"async\" src=\"https:\/\/i0.wp.com\/tvnovelas.com.br\/novelas\/wp-content\/uploads\/2025\/06\/11390dmd.jpg?resize=728%2C410&#038;ssl=1\" alt=\"Foto em Dona de Mim de 23\/06 a 05 de julho\" title=\"(Foto: TV Globo\/Dona de Mim)\" width=\"728\" height=\"410\" class=\"size-full wp-image-45343\" \/><figcaption id=\"caption-attachment-45343\" class=\"wp-caption-text\">Dona de Mim de 30\/06 a 05 de julho<\/figcaption><\/figure><\/p>\n<h2 style=\"color: #511D43;\">Resumo de s\u00e1bado, 05 de julho<\/h2>\n<p>Leo pede que Vanderson se afaste de Sofia. Abel e Sofia fazem o teste de DNA. Sofia diz a Leo que est\u00e1 com medo de ir para a escola, e pede para ficar com Rosa. Filipa sugere que Sofia fa\u00e7a terapia, e pede que Danilo a leve. Danilo alerta Jaques sobre a movimenta\u00e7\u00e3o na mans\u00e3o. Niina confronta Danilo sobre Filipa. Abel faz uma proposta para Vanderson na frente de Jaques. Marlon pede que Adriano n\u00e3o o filme. Nina conversa com Denise sobre Filipa. Filipa recebe as amigas de Nina na mans\u00e3o, e se preocupa com o sumi\u00e7o da filha. Ded\u00e9 vai com Kami visitar Ryan no sal\u00e3o. Danilo ajuda Filipa a procurar por Nina. Stephany, Peter, Dara, Jeff e Ivy avistam Nina.<br \/>\n<!--FIM--><br \/>\n<a href=\"https:\/\/wp.me\/pfspD2-UO\" rel=\"noopener\" target=\"_blank\">Dona de Mim: A trama da novela<\/a><br \/>\n<a href=\"https:\/\/wp.me\/pfspD2-UG\" rel=\"noopener\" target=\"_blank\">Dona de Mim: A fam\u00edlia Boaz e seu imp\u00e9rio de lingerie<\/a><br \/>\n<a href=\"https:\/\/pt.wikipedia.org\/wiki\/Dona_de_Mim_(telenovela)\" target=\"_blank\" rel=\"noopener\">Sobre Dona de Mim na Wikipedia<\/a><br \/>\n<strong>\u00daltimas not\u00edcias de Dona de Mim:<\/strong><br \/>\n<div class=\"pt-cv-wrapper\"><div class=\"pt-cv-view pt-cv-grid pt-cv-colsys\" id=\"pt-cv-view-53ef48buaf\"><div data-id=\"pt-cv-page-1\" class=\"pt-cv-page\" data-cvc=\"1\"><div class=\"col-md-12 col-sm-12 col-xs-12 pt-cv-content-item pt-cv-1-col\" ><div class='pt-cv-ifield'><h4 class=\"pt-cv-title\"><a href=\"https:\/\/www.tvnovelas.com.br\/tvnews\/dona-de-mim-abel-aparece-e-salva-sofia-do-incendio\/\" class=\"_blank\" target=\"_blank\" >Dona de Mim: Abel \u2018aparece&#8217; e salva Sofia do inc\u00eandio<\/a><\/h4><\/div><\/div>\n<div class=\"col-md-12 col-sm-12 col-xs-12 pt-cv-content-item pt-cv-1-col\" ><div class='pt-cv-ifield'><h4 class=\"pt-cv-title\"><a href=\"https:\/\/www.tvnovelas.com.br\/tvnews\/dona-de-mim-jaques-coloca-fogo-na-boaz\/\" class=\"_blank\" target=\"_blank\" >Dona de Mim: Jaques coloca fogo na Boaz<\/a><\/h4><\/div><\/div>\n<div class=\"col-md-12 col-sm-12 col-xs-12 pt-cv-content-item pt-cv-1-col\" ><div class='pt-cv-ifield'><h4 class=\"pt-cv-title\"><a href=\"https:\/\/www.tvnovelas.com.br\/tvnews\/dona-de-mim-davi-e-barbara-sofrem-grave-acidente\/\" class=\"_blank\" target=\"_blank\" >Dona de Mim: Davi e B\u00e1rbara sofrem grave acidente<\/a><\/h4><\/div><\/div>\n<div class=\"col-md-12 col-sm-12 col-xs-12 pt-cv-content-item pt-cv-1-col\" ><div class='pt-cv-ifield'><h4 class=\"pt-cv-title\"><a href=\"https:\/\/www.tvnovelas.com.br\/tvnews\/dona-de-mim-ellen-e-presa-e-sofia-volta-para-casa\/\" class=\"_blank\" target=\"_blank\" >Dona de Mim: Ellen \u00e9 presa, e Sofia volta para casa<\/a><\/h4><\/div><\/div>\n<div class=\"col-md-12 col-sm-12 col-xs-12 pt-cv-content-item pt-cv-1-col\" ><div class='pt-cv-ifield'><h4 class=\"pt-cv-title\"><a href=\"https:\/\/www.tvnovelas.com.br\/tvnews\/dona-de-mim-na-ultima-semana-05-a-10-01\/\" class=\"_blank\" target=\"_blank\" >Dona de Mim na \u00faltima semana (05 a 10\/01)<\/a><\/h4><\/div><\/div><\/div><\/div><\/div><br \/>\n<strong>\u00daltimas not\u00edcias das novelas<\/strong><br \/>\n<div class=\"pt-cv-wrapper\"><div class=\"pt-cv-view pt-cv-grid pt-cv-colsys\" id=\"pt-cv-view-440a179we1\"><div data-id=\"pt-cv-page-1\" class=\"pt-cv-page\" data-cvc=\"2\"><div class=\"col-md-6 col-sm-12 col-xs-12 pt-cv-content-item pt-cv-1-col\" ><div class='pt-cv-ifield'><a href=\"https:\/\/www.tvnovelas.com.br\/tvnews\/guerra-das-rosas-omer-chama-gulru-vestida-de-noiva-para-fugir\/\" class=\"_blank pt-cv-href-thumbnail pt-cv-thumb-default\" target=\"_blank\" ><img decoding=\"async\" width=\"728\" height=\"410\" src=\"https:\/\/i0.wp.com\/www.tvnovelas.com.br\/tvnews\/wp-content\/uploads\/2026\/04\/13190.jpg?fit=728%2C410&amp;ssl=1\" class=\"pt-cv-thumbnail\" alt=\"Foto em Guerra das Rosas: Omer chama Gulru vestida de noiva para fugir\" srcset=\"https:\/\/i0.wp.com\/www.tvnovelas.com.br\/tvnews\/wp-content\/uploads\/2026\/04\/13190.jpg?w=728&amp;ssl=1 728w, https:\/\/i0.wp.com\/www.tvnovelas.com.br\/tvnews\/wp-content\/uploads\/2026\/04\/13190.jpg?resize=250%2C141&amp;ssl=1 250w\" sizes=\"(max-width: 728px) 100vw, 728px\" \/><\/a>\n<h4 class=\"pt-cv-title\"><a href=\"https:\/\/www.tvnovelas.com.br\/tvnews\/guerra-das-rosas-omer-chama-gulru-vestida-de-noiva-para-fugir\/\" class=\"_blank\" target=\"_blank\" >Guerra das Rosas: Omer chama Gulru vestida de noiva para fugir<\/a><\/h4><\/div><\/div>\n<div class=\"col-md-6 col-sm-12 col-xs-12 pt-cv-content-item pt-cv-1-col\" ><div class='pt-cv-ifield'><a href=\"https:\/\/www.tvnovelas.com.br\/tvnews\/coracao-de-mae-reha-sai-para-jantar-com-selvi\/\" class=\"_blank pt-cv-href-thumbnail pt-cv-thumb-default\" target=\"_blank\" ><img decoding=\"async\" width=\"728\" height=\"410\" src=\"https:\/\/i0.wp.com\/www.tvnovelas.com.br\/tvnews\/wp-content\/uploads\/2026\/04\/13189.jpg?fit=728%2C410&amp;ssl=1\" class=\"pt-cv-thumbnail\" alt=\"Foto em Cora\u00e7\u00e3o de M\u00e3e: Reha sai para jantar com Selvi\" srcset=\"https:\/\/i0.wp.com\/www.tvnovelas.com.br\/tvnews\/wp-content\/uploads\/2026\/04\/13189.jpg?w=728&amp;ssl=1 728w, https:\/\/i0.wp.com\/www.tvnovelas.com.br\/tvnews\/wp-content\/uploads\/2026\/04\/13189.jpg?resize=250%2C141&amp;ssl=1 250w\" sizes=\"(max-width: 728px) 100vw, 728px\" \/><\/a>\n<h4 class=\"pt-cv-title\"><a href=\"https:\/\/www.tvnovelas.com.br\/tvnews\/coracao-de-mae-reha-sai-para-jantar-com-selvi\/\" class=\"_blank\" target=\"_blank\" >Cora\u00e7\u00e3o de M\u00e3e: Reha sai para jantar com Selvi<\/a><\/h4><\/div><\/div>\n<div class=\"col-md-6 col-sm-12 col-xs-12 pt-cv-content-item pt-cv-1-col\" ><div class='pt-cv-ifield'><a href=\"https:\/\/www.tvnovelas.com.br\/tvnews\/coracao-acelerado-zila-se-preocupa-com-sua-situacao-apos-separacao\/\" class=\"_blank pt-cv-href-thumbnail pt-cv-thumb-default\" target=\"_blank\" ><img decoding=\"async\" width=\"728\" height=\"410\" src=\"https:\/\/i0.wp.com\/www.tvnovelas.com.br\/tvnews\/wp-content\/uploads\/2026\/04\/13188.jpg?fit=728%2C410&amp;ssl=1\" class=\"pt-cv-thumbnail\" alt=\"Foto em Cora\u00e7\u00e3o Acelerado: Zil\u00e1 se preocupa com sua situa\u00e7\u00e3o ap\u00f3s separa\u00e7\u00e3o\" srcset=\"https:\/\/i0.wp.com\/www.tvnovelas.com.br\/tvnews\/wp-content\/uploads\/2026\/04\/13188.jpg?w=728&amp;ssl=1 728w, https:\/\/i0.wp.com\/www.tvnovelas.com.br\/tvnews\/wp-content\/uploads\/2026\/04\/13188.jpg?resize=250%2C141&amp;ssl=1 250w\" sizes=\"(max-width: 728px) 100vw, 728px\" \/><\/a>\n<h4 class=\"pt-cv-title\"><a href=\"https:\/\/www.tvnovelas.com.br\/tvnews\/coracao-acelerado-zila-se-preocupa-com-sua-situacao-apos-separacao\/\" class=\"_blank\" target=\"_blank\" >Cora\u00e7\u00e3o Acelerado: Zil\u00e1 se preocupa com sua situa\u00e7\u00e3o ap\u00f3s separa\u00e7\u00e3o<\/a><\/h4><\/div><\/div>\n<div class=\"col-md-6 col-sm-12 col-xs-12 pt-cv-content-item pt-cv-1-col\" ><div class='pt-cv-ifield'><a href=\"https:\/\/www.tvnovelas.com.br\/tvnews\/a-nobreza-do-amor-tonho-nao-se-curva-diante-de-mirinho\/\" class=\"_blank pt-cv-href-thumbnail pt-cv-thumb-default\" target=\"_blank\" ><img decoding=\"async\" width=\"728\" height=\"410\" src=\"https:\/\/i0.wp.com\/www.tvnovelas.com.br\/tvnews\/wp-content\/uploads\/2026\/04\/13187.jpg?fit=728%2C410&amp;ssl=1\" class=\"pt-cv-thumbnail\" alt=\"Foto em A Nobreza do Amor: Tonho n\u00e3o se curva diante de Mirinho\" srcset=\"https:\/\/i0.wp.com\/www.tvnovelas.com.br\/tvnews\/wp-content\/uploads\/2026\/04\/13187.jpg?w=728&amp;ssl=1 728w, https:\/\/i0.wp.com\/www.tvnovelas.com.br\/tvnews\/wp-content\/uploads\/2026\/04\/13187.jpg?resize=250%2C141&amp;ssl=1 250w\" sizes=\"(max-width: 728px) 100vw, 728px\" \/><\/a>\n<h4 class=\"pt-cv-title\"><a href=\"https:\/\/www.tvnovelas.com.br\/tvnews\/a-nobreza-do-amor-tonho-nao-se-curva-diante-de-mirinho\/\" class=\"_blank\" target=\"_blank\" >A Nobreza do Amor: Tonho n\u00e3o se curva diante de Mirinho<\/a><\/h4><\/div><\/div>\n<div class=\"col-md-6 col-sm-12 col-xs-12 pt-cv-content-item pt-cv-1-col\" ><div class='pt-cv-ifield'><a href=\"https:\/\/www.tvnovelas.com.br\/tvnews\/tres-gracas-arminda-surta-ao-confirmar-que-ferette-e-pai-de-raul\/\" class=\"_blank pt-cv-href-thumbnail pt-cv-thumb-default\" target=\"_blank\" ><img decoding=\"async\" width=\"728\" height=\"410\" src=\"https:\/\/i0.wp.com\/www.tvnovelas.com.br\/tvnews\/wp-content\/uploads\/2026\/04\/13186.jpg?fit=728%2C410&amp;ssl=1\" class=\"pt-cv-thumbnail\" alt=\"Foto em Tr\u00eas Gra\u00e7as: Arminda surta ao confirmar que Ferette \u00e9 pai de Raul\" srcset=\"https:\/\/i0.wp.com\/www.tvnovelas.com.br\/tvnews\/wp-content\/uploads\/2026\/04\/13186.jpg?w=728&amp;ssl=1 728w, https:\/\/i0.wp.com\/www.tvnovelas.com.br\/tvnews\/wp-content\/uploads\/2026\/04\/13186.jpg?resize=250%2C141&amp;ssl=1 250w\" sizes=\"(max-width: 728px) 100vw, 728px\" \/><\/a>\n<h4 class=\"pt-cv-title\"><a href=\"https:\/\/www.tvnovelas.com.br\/tvnews\/tres-gracas-arminda-surta-ao-confirmar-que-ferette-e-pai-de-raul\/\" class=\"_blank\" target=\"_blank\" >Tr\u00eas Gra\u00e7as:  Arminda surta ao confirmar que Ferette \u00e9 pai de Raul<\/a><\/h4><\/div><\/div>\n<div class=\"col-md-6 col-sm-12 col-xs-12 pt-cv-content-item pt-cv-1-col\" ><div class='pt-cv-ifield'><a href=\"https:\/\/www.tvnovelas.com.br\/tvnews\/coracao-de-mae-atilla-confronta-hasan-e-exige-o-divorcio-de-lale\/\" class=\"_blank pt-cv-href-thumbnail pt-cv-thumb-default\" target=\"_blank\" ><\/a>\n<h4 class=\"pt-cv-title\"><a href=\"https:\/\/www.tvnovelas.com.br\/tvnews\/coracao-de-mae-atilla-confronta-hasan-e-exige-o-divorcio-de-lale\/\" class=\"_blank\" target=\"_blank\" >Cora\u00e7\u00e3o de M\u00e3e: Atilla confronta Hasan e exige o div\u00f3rcio de Lale<\/a><\/h4><\/div><\/div>\n<div class=\"col-md-6 col-sm-12 col-xs-12 pt-cv-content-item pt-cv-1-col\" ><div class='pt-cv-ifield'><a href=\"https:\/\/www.tvnovelas.com.br\/tvnews\/guerra-das-rosas-gulfem-coloca-gulru-contra-a-parede\/\" class=\"_blank pt-cv-href-thumbnail pt-cv-thumb-default\" target=\"_blank\" ><img decoding=\"async\" width=\"728\" height=\"410\" src=\"https:\/\/i0.wp.com\/www.tvnovelas.com.br\/tvnews\/wp-content\/uploads\/2026\/04\/13184.jpg?fit=728%2C410&amp;ssl=1\" class=\"pt-cv-thumbnail\" alt=\"Foto em Guerra das Rosas: Gulfem coloca Gulru contra a parede\" srcset=\"https:\/\/i0.wp.com\/www.tvnovelas.com.br\/tvnews\/wp-content\/uploads\/2026\/04\/13184.jpg?w=728&amp;ssl=1 728w, https:\/\/i0.wp.com\/www.tvnovelas.com.br\/tvnews\/wp-content\/uploads\/2026\/04\/13184.jpg?resize=250%2C141&amp;ssl=1 250w\" sizes=\"(max-width: 728px) 100vw, 728px\" \/><\/a>\n<h4 class=\"pt-cv-title\"><a href=\"https:\/\/www.tvnovelas.com.br\/tvnews\/guerra-das-rosas-gulfem-coloca-gulru-contra-a-parede\/\" class=\"_blank\" target=\"_blank\" >Guerra das Rosas: Gulfem coloca Gulru contra a parede<\/a><\/h4><\/div><\/div>\n<div class=\"col-md-6 col-sm-12 col-xs-12 pt-cv-content-item pt-cv-1-col\" ><div class='pt-cv-ifield'><a href=\"https:\/\/www.tvnovelas.com.br\/tvnews\/coracao-de-mae-atilla-diz-a-lale-que-quer-o-divorcio\/\" class=\"_blank pt-cv-href-thumbnail pt-cv-thumb-default\" target=\"_blank\" ><img decoding=\"async\" width=\"728\" height=\"410\" src=\"https:\/\/i0.wp.com\/www.tvnovelas.com.br\/tvnews\/wp-content\/uploads\/2026\/04\/13183.jpg?fit=728%2C410&amp;ssl=1\" class=\"pt-cv-thumbnail\" alt=\"Foto em Cora\u00e7\u00e3o de M\u00e3e: Atilla diz a Lale que quer o div\u00f3rcio\" srcset=\"https:\/\/i0.wp.com\/www.tvnovelas.com.br\/tvnews\/wp-content\/uploads\/2026\/04\/13183.jpg?w=728&amp;ssl=1 728w, https:\/\/i0.wp.com\/www.tvnovelas.com.br\/tvnews\/wp-content\/uploads\/2026\/04\/13183.jpg?resize=250%2C141&amp;ssl=1 250w\" sizes=\"(max-width: 728px) 100vw, 728px\" \/><\/a>\n<h4 class=\"pt-cv-title\"><a href=\"https:\/\/www.tvnovelas.com.br\/tvnews\/coracao-de-mae-atilla-diz-a-lale-que-quer-o-divorcio\/\" class=\"_blank\" target=\"_blank\" >Cora\u00e7\u00e3o de M\u00e3e: Atilla diz a Lale que quer o div\u00f3rcio<\/a><\/h4><\/div><\/div>\n<div class=\"col-md-6 col-sm-12 col-xs-12 pt-cv-content-item pt-cv-1-col\" ><div class='pt-cv-ifield'><a href=\"https:\/\/www.tvnovelas.com.br\/tvnews\/a-nobreza-do-amor-mirinho-garante-noivado-com-virginia-para-atrair-sogro-a-negocio\/\" class=\"_blank pt-cv-href-thumbnail pt-cv-thumb-default\" target=\"_blank\" ><img decoding=\"async\" width=\"728\" height=\"410\" src=\"https:\/\/i0.wp.com\/www.tvnovelas.com.br\/tvnews\/wp-content\/uploads\/2026\/04\/13182.jpg?fit=728%2C410&amp;ssl=1\" class=\"pt-cv-thumbnail\" alt=\"Foto em A Nobreza do Amor: Mirinho garante noivado com Virg\u00ednia para atrair sogro a neg\u00f3cio\" srcset=\"https:\/\/i0.wp.com\/www.tvnovelas.com.br\/tvnews\/wp-content\/uploads\/2026\/04\/13182.jpg?w=728&amp;ssl=1 728w, https:\/\/i0.wp.com\/www.tvnovelas.com.br\/tvnews\/wp-content\/uploads\/2026\/04\/13182.jpg?resize=250%2C141&amp;ssl=1 250w\" sizes=\"(max-width: 728px) 100vw, 728px\" \/><\/a>\n<h4 class=\"pt-cv-title\"><a href=\"https:\/\/www.tvnovelas.com.br\/tvnews\/a-nobreza-do-amor-mirinho-garante-noivado-com-virginia-para-atrair-sogro-a-negocio\/\" class=\"_blank\" target=\"_blank\" >A Nobreza do Amor: Mirinho garante noivado com Virg\u00ednia para atrair sogro a neg\u00f3cio<\/a><\/h4><\/div><\/div>\n<div class=\"col-md-6 col-sm-12 col-xs-12 pt-cv-content-item pt-cv-1-col\" ><div class='pt-cv-ifield'><a href=\"https:\/\/www.tvnovelas.com.br\/tvnews\/tres-gracas-joaquim-propoe-fuga-a-arminda-com-o-dinheiro-das-tres-gracas\/\" class=\"_blank pt-cv-href-thumbnail pt-cv-thumb-default\" target=\"_blank\" ><img decoding=\"async\" width=\"728\" height=\"410\" src=\"https:\/\/i0.wp.com\/www.tvnovelas.com.br\/tvnews\/wp-content\/uploads\/2026\/04\/13181.jpg?fit=728%2C410&amp;ssl=1\" class=\"pt-cv-thumbnail\" alt=\"Foto em Tr\u00eas Gra\u00e7as: Joaquim prop\u00f5e fuga a Arminda com o dinheiro das Tr\u00eas Gra\u00e7as\" srcset=\"https:\/\/i0.wp.com\/www.tvnovelas.com.br\/tvnews\/wp-content\/uploads\/2026\/04\/13181.jpg?w=728&amp;ssl=1 728w, https:\/\/i0.wp.com\/www.tvnovelas.com.br\/tvnews\/wp-content\/uploads\/2026\/04\/13181.jpg?resize=250%2C141&amp;ssl=1 250w\" sizes=\"(max-width: 728px) 100vw, 728px\" \/><\/a>\n<h4 class=\"pt-cv-title\"><a href=\"https:\/\/www.tvnovelas.com.br\/tvnews\/tres-gracas-joaquim-propoe-fuga-a-arminda-com-o-dinheiro-das-tres-gracas\/\" class=\"_blank\" target=\"_blank\" >Tr\u00eas Gra\u00e7as:  Joaquim prop\u00f5e fuga a Arminda com o dinheiro das Tr\u00eas Gra\u00e7as<\/a><\/h4><\/div><\/div><\/div><\/div><\/div><br \/>\n<a href=\"https:\/\/tvnovelas.com.br\/filmes\/filmes-na-tv-segunda\/\" target=\"_blank\" rel=\"noopener\">Confira a Programa\u00e7\u00e3o de Filmes na TV aberta<\/a><\/p>\n","protected":false},"excerpt":{"rendered":"<p>Dona de Mim na semana 30\/6 a 05 de julho, Nos pr\u00f3ximos cap\u00edtulos de Dona de Mim, T\u00e2nia confronta Jaques por contratar Vanderson para segui-la; Jaques grava confiss\u00e3o de Abel&#8230;<\/p>\n","protected":false},"author":1,"featured_media":77650,"comment_status":"closed","ping_status":"closed","sticky":false,"template":"","format":"standard","meta":{"_uf_show_specific_survey":0,"_uf_disable_surveys":false,"_jetpack_memberships_contains_paid_content":false,"footnotes":"","_wp_rev_ctl_limit":""},"categories":[884],"tags":[883,5,64],"class_list":["post-77649","post","type-post","status-publish","format-standard","has-post-thumbnail","hentry","category-dona-de-mim","tag-dona-de-mim","tag-globo","tag-novelas","wpcat-884-id"],"aioseo_notices":[],"jetpack_featured_media_url":"https:\/\/i0.wp.com\/www.tvnovelas.com.br\/tvnews\/wp-content\/uploads\/2025\/06\/11390dmf.jpg?fit=728%2C410&ssl=1","jetpack_shortlink":"https:\/\/wp.me\/pdP2BO-kcp","jetpack_sharing_enabled":true,"_links":{"self":[{"href":"https:\/\/www.tvnovelas.com.br\/tvnews\/wp-json\/wp\/v2\/posts\/77649","targetHints":{"allow":["GET"]}}],"collection":[{"href":"https:\/\/www.tvnovelas.com.br\/tvnews\/wp-json\/wp\/v2\/posts"}],"about":[{"href":"https:\/\/www.tvnovelas.com.br\/tvnews\/wp-json\/wp\/v2\/types\/post"}],"author":[{"embeddable":true,"href":"https:\/\/www.tvnovelas.com.br\/tvnews\/wp-json\/wp\/v2\/users\/1"}],"replies":[{"embeddable":true,"href":"https:\/\/www.tvnovelas.com.br\/tvnews\/wp-json\/wp\/v2\/comments?post=77649"}],"version-history":[{"count":1,"href":"https:\/\/www.tvnovelas.com.br\/tvnews\/wp-json\/wp\/v2\/posts\/77649\/revisions"}],"predecessor-version":[{"id":77651,"href":"https:\/\/www.tvnovelas.com.br\/tvnews\/wp-json\/wp\/v2\/posts\/77649\/revisions\/77651"}],"wp:featuredmedia":[{"embeddable":true,"href":"https:\/\/www.tvnovelas.com.br\/tvnews\/wp-json\/wp\/v2\/media\/77650"}],"wp:attachment":[{"href":"https:\/\/www.tvnovelas.com.br\/tvnews\/wp-json\/wp\/v2\/media?parent=77649"}],"wp:term":[{"taxonomy":"category","embeddable":true,"href":"https:\/\/www.tvnovelas.com.br\/tvnews\/wp-json\/wp\/v2\/categories?post=77649"},{"taxonomy":"post_tag","embeddable":true,"href":"https:\/\/www.tvnovelas.com.br\/tvnews\/wp-json\/wp\/v2\/tags?post=77649"}],"curies":[{"name":"wp","href":"https:\/\/api.w.org\/{rel}","templated":true}]}}