{"id":77652,"date":"2025-06-27T15:07:24","date_gmt":"2025-06-27T18:07:24","guid":{"rendered":"https:\/\/www.tvnovelas.com.br\/tvnews\/?p=77652"},"modified":"2025-06-27T15:07:24","modified_gmt":"2025-06-27T18:07:24","slug":"o-que-rola-em-vale-tudo-na-semana-30-06-a-05-de-julho","status":"publish","type":"post","link":"https:\/\/www.tvnovelas.com.br\/tvnews\/o-que-rola-em-vale-tudo-na-semana-30-06-a-05-de-julho\/","title":{"rendered":"O que rola em Vale Tudo na semana 30\/06 a 05 de julho"},"content":{"rendered":"<div style=\"background-color: #FFF287;\">\n.<br \/>\n<figure id=\"attachment_45351\" aria-describedby=\"caption-attachment-45351\" style=\"width: 728px\" class=\"wp-caption alignnone\"><img data-recalc-dims=\"1\" decoding=\"async\" src=\"https:\/\/i0.wp.com\/tvnovelas.com.br\/novelas\/wp-content\/uploads\/2025\/06\/11391vtg.jpg?resize=728%2C410&#038;ssl=1\" alt=\"Foto em  Vale Tudo de 30\/06\/6 a 05 de julho\" title=\"(Foto: TV Globo\/Vale Tudo) \"width=\"728\" height=\"410\" class=\"size-full wp-image-45351\" \/><figcaption id=\"caption-attachment-45351\" class=\"wp-caption-text\">Vale Tudo de 30\/06\/6 a 05 de julho<\/figcaption><\/figure><\/p>\n<blockquote><p><strong style=\"color: #511D43;\">Nos pr\u00f3ximos cap\u00edtulos de Vale Tudo, <\/strong>Afonso pede Maria de F\u00e1tima em casamento; C\u00e9sar amea\u00e7a Maria de F\u00e1tima, prometendo contar a Afonso sobre a parceria do casal; Ivan descobre que Marco Aur\u00e9lio conseguiu a mala de um milh\u00e3o de d\u00f3lares de volta; Ivan afirma a Raquel que Maria de F\u00e1tima pegou os d\u00f3lares e devolveu para Marco Aur\u00e9lio&#8230;<\/p><\/blockquote>\n<\/div>\n<p>\u00a0<br \/>\n<figure id=\"attachment_45351\" aria-describedby=\"caption-attachment-45351\" style=\"width: 728px\" class=\"wp-caption alignnone\"><img data-recalc-dims=\"1\" decoding=\"async\" src=\"https:\/\/i0.wp.com\/tvnovelas.com.br\/novelas\/wp-content\/uploads\/2025\/06\/11391vta.jpg?resize=728%2C410&#038;ssl=1\" alt=\"Foto em  Vale Tudo de 30\/06\/6 a 05 de julho\" title=\"(Foto: TV Globo\/Vale Tudo) \"width=\"728\" height=\"410\" class=\"size-full wp-image-45351\" \/><figcaption id=\"caption-attachment-45351\" class=\"wp-caption-text\">Vale Tudo de 30\/06\/6 a 05 de julho<\/figcaption><\/figure><\/p>\n<h2 style=\"color: #511D43;\">Resumo de segunda-feira, 30 de junho<\/h2>\n<p>Afonso convida Maria de F\u00e1tima para ficar uns dias em sua casa. Maria de F\u00e1tima manda Marco Aur\u00e9lio cancelar a demiss\u00e3o de C\u00e9sar. Leila demonstra insatisfa\u00e7\u00e3o com a presen\u00e7a de Maria de F\u00e1tima na casa de Marco Aur\u00e9lio. Renato comunica a Bartolomeu que o cliente deseja que o jornalista assuma a campanha da sua marca. Heleninha fica empolgada com a ideia de ir para Roma fazer uma exposi\u00e7\u00e3o ao saber que Ivan a acompanharia como diretor da nova unidade da TCA na cidade. Raquel diz a Laudelino que pretende conseguir o dinheiro necess\u00e1rio para comprar a Paladar. Andr\u00e9 flagra Fernanda com Tiago. Laudelino pede Alde\u00edde em casamento. Maria de F\u00e1tima anuncia a Raquel que Ivan poder\u00e1 se casar com Heleninha.<\/p>\n<figure id=\"attachment_45351\" aria-describedby=\"caption-attachment-45351\" style=\"width: 728px\" class=\"wp-caption alignnone\"><img data-recalc-dims=\"1\" decoding=\"async\" src=\"https:\/\/i0.wp.com\/tvnovelas.com.br\/novelas\/wp-content\/uploads\/2025\/06\/11391vtb.jpg?resize=728%2C410&#038;ssl=1\" alt=\"Foto em  Vale Tudo de 30\/06\/6 a 05 de julho\" title=\"(Foto: TV Globo\/Vale Tudo) \"width=\"728\" height=\"410\" class=\"size-full wp-image-45351\" \/><figcaption id=\"caption-attachment-45351\" class=\"wp-caption-text\">Vale Tudo de 30\/06\/6 a 05 de julho<\/figcaption><\/figure>\n<h2 style=\"color: #511D43;\">Resumo de ter\u00e7a-feira, 1\u00ba de julho<\/h2>\n<p>Maria de F\u00e1tima aconselha Raquel a esquecer Ivan. Eug\u00eanio acredita na mentira contada por Marina a mando de Maria de F\u00e1tima, e alerta Afonso sobre a suposta amea\u00e7a sofrida por sua namorada. Odete prop\u00f5e executar o projeto de Afonso para a TCA, caso o filho se mude para Paris. Solange e Sardinha pedem para M\u00e1rio S\u00e9rgio deixar a casa. Eug\u00eanio cede ao pedido de Maria de F\u00e1tima para deix\u00e1-la sozinha com Afonso. Renato demite M\u00e1rio S\u00e9rgio. Afonso se surpreende com a resposta negativa de Maria de F\u00e1tima, ao convid\u00e1-la para morar com ele em Paris.<br \/>\n<figure id=\"attachment_45351\" aria-describedby=\"caption-attachment-45351\" style=\"width: 728px\" class=\"wp-caption alignnone\"><img data-recalc-dims=\"1\" decoding=\"async\" src=\"https:\/\/i0.wp.com\/tvnovelas.com.br\/novelas\/wp-content\/uploads\/2025\/06\/11391vtc.jpg?resize=728%2C410&#038;ssl=1\" alt=\"Foto em  Vale Tudo de 30\/06\/6 a 05 de julho\" title=\"(Foto: TV Globo\/Vale Tudo) \"width=\"728\" height=\"410\" class=\"size-full wp-image-45351\" \/><figcaption id=\"caption-attachment-45351\" class=\"wp-caption-text\">Vale Tudo de 30\/06\/6 a 05 de julho<\/figcaption><\/figure><\/p>\n<h2 style=\"color: #511D43;\">Resumo de quarta-feira, 02 de julho<\/h2>\n<p>C\u00e9sar repreende Maria de F\u00e1tima por ter recusado a proposta de Afonso. Odete diz a Afonso que Maria de F\u00e1tima est\u00e1 esperando outro tipo de pedido de casamento. Maria de F\u00e1tima fica incr\u00e9dula ao ser pedida em casamento por Afonso. Poliana diz a Pascoal que Gilda est\u00e1 interessada nele. Maria de F\u00e1tima sugere a Raquel que fa\u00e7a um jantar para conhecer Afonso. Ivan cede sua casa a Luciano, enquanto ele estiver em Roma com Heleninha. Raquel sustenta as mentiras que Maria de F\u00e1tima conta a Afonso sobre sua fam\u00edlia. Afonso v\u00ea uma foto de Rubinho e Raquel tirada no evento de Paraty.<br \/>\n<figure id=\"attachment_45351\" aria-describedby=\"caption-attachment-45351\" style=\"width: 728px\" class=\"wp-caption alignnone\"><img data-recalc-dims=\"1\" decoding=\"async\" src=\"https:\/\/i0.wp.com\/tvnovelas.com.br\/novelas\/wp-content\/uploads\/2025\/06\/11391vtd.jpg?resize=728%2C410&#038;ssl=1\" alt=\"Foto em  Vale Tudo de 30\/06\/6 a 05 de julho\" title=\"(Foto: TV Globo\/Vale Tudo) \"width=\"728\" height=\"410\" class=\"size-full wp-image-45351\" \/><figcaption id=\"caption-attachment-45351\" class=\"wp-caption-text\">Vale Tudo de 30\/06\/6 a 05 de julho<\/figcaption><\/figure><\/p>\n<h2 style=\"color: #511D43;\">Resumo de quinta-feira, 03 de julho<\/h2>\n<p>Raquel fica constrangida por mentir a Afonso sobre Rubinho. Odete ajuda Maria de F\u00e1tima a se sentir mais valorizada em sua fam\u00edlia. C\u00e9sar amea\u00e7a Maria de F\u00e1tima, prometendo contar a Afonso sobre a parceria do casal. Maria de F\u00e1tima pede a Marco Aur\u00e9lio que transfira C\u00e9sar para a TCA em Paris. Odete deixa claro para Maria de F\u00e1tima que seu casamento com Afonso ser\u00e1 feito com acordo pr\u00e9-nupcial. Marco Aur\u00e9lio comunica a Ivan a rela\u00e7\u00e3o dos funcion\u00e1rios que ir\u00e3o com ele para Paris, e, entre eles, est\u00e1 o de C\u00e9sar Ribeiro.<br \/>\n<figure id=\"attachment_45351\" aria-describedby=\"caption-attachment-45351\" style=\"width: 728px\" class=\"wp-caption alignnone\"><img data-recalc-dims=\"1\" decoding=\"async\" src=\"https:\/\/i0.wp.com\/tvnovelas.com.br\/novelas\/wp-content\/uploads\/2025\/06\/11391vtf.jpg?resize=728%2C410&#038;ssl=1\" alt=\"Foto em  Vale Tudo de 30\/06\/6 a 05 de julho\" title=\"(Foto: TV Globo\/Vale Tudo) \"width=\"728\" height=\"410\" class=\"size-full wp-image-45351\" \/><figcaption id=\"caption-attachment-45351\" class=\"wp-caption-text\">Vale Tudo de 30\/06\/6 a 05 de julho<\/figcaption><\/figure><\/p>\n<h2 style=\"color: #511D43;\">Resumo de sexta-feira, 04 de julho<\/h2>\n<p>Ivan omite para M\u00e1rio S\u00e9rgio que conhece C\u00e9sar. Bartolomeu aconselha Ivan a focar no trabalho e na viagem. Ivan diz a Raquel que ela se arrepender\u00e1 muito por cada acusa\u00e7\u00e3o que fez a ele. Cec\u00edlia se oferece para ajudar Celina a se desvencilhar da depend\u00eancia financeira de Odete. Tiago avisa a Fernanda que precisa conversar com Andr\u00e9. Marco Aur\u00e9lio contrata M\u00e1rio S\u00e9rgio como diretor da TCA. Ivan nota a fragilidade de Freitas e o convida para sair, descobrindo que Marco Aur\u00e9lio conseguiu a mala de um milh\u00e3o de d\u00f3lares de volta. Ivan afirma a Raquel que Maria de F\u00e1tima pegou os d\u00f3lares e devolveu para Marco Aur\u00e9lio.<br \/>\n<figure id=\"attachment_45351\" aria-describedby=\"caption-attachment-45351\" style=\"width: 728px\" class=\"wp-caption alignnone\"><img data-recalc-dims=\"1\" decoding=\"async\" src=\"https:\/\/i0.wp.com\/tvnovelas.com.br\/novelas\/wp-content\/uploads\/2025\/06\/11391vth.jpg?resize=728%2C410&#038;ssl=1\" alt=\"Foto em  Vale Tudo de 30\/06\/6 a 05 de julho\" title=\"(Foto: TV Globo\/Vale Tudo) \"width=\"728\" height=\"410\" class=\"size-full wp-image-45351\" \/><figcaption id=\"caption-attachment-45351\" class=\"wp-caption-text\">Vale Tudo de 30\/06\/6 a 05 de julho<\/figcaption><\/figure><\/p>\n<h2 style=\"color: #511D43;\">Resumo de s\u00e1bado, 05 de julho<\/h2>\n<p>Poliana fica preocupado com o estado de Raquel. Gilda reconhece Olavo e conta a Pascoal que o respons\u00e1vel por seu atropelamento estava na piscina da h\u00edpica com C\u00e9sar. Heleninha e Ivan perdem o voo para Roma. Ap\u00f3s enfrentar Marco Aur\u00e9lio, Alde\u00edde pede demiss\u00e3o. Poliana fica nervoso no dia do casamento de Alde\u00edde. Alde\u00edde e Laudelino se casam e v\u00e3o para Portugal. Pascoal e Gilda veem Maria de F\u00e1tima com C\u00e9sar.<br \/>\n<!--FIM--><\/p>\n<div class=\"fb-comments\" data-width=\"100%\" data-order-by=\"reverse_time\" data-numposts=\"5\"><\/div>\n<p><h2>Mais:<\/h2>\r\n<p><a href=\"https:\/\/tvnovelas.com.br\/novelas\/resumos-de-vale-tudo\/\" target=\"_blank\" rel=\"noopener\">Confira os resumos da semana de Vale Tudo'<\/a><\/p>\r\n<p><a href=\"https:\/\/wp.me\/pfspD2-U7\" target=\"_blank\" rel=\"noopener\">Vale Tudo: Conflitos de princ\u00edpios e valores (Sinopse)<\/a>\r\n<p><a href=\"https:\/\/wp.me\/pfspD2-oI\" target=\"_blank\" rel=\"noopener\">Vale Tudo: Invers\u00e3o de valores no final dos anos 1980<\/a> (Sinopse)<\/p>\r\n<p><a href=\"https:\/\/pt.wikipedia.org\/wiki\/Vale_Tudo_(2025)\" target=\"_blank\" rel=\"noopener\">Sobre Vale Tudo (2025) na Wikipedia<\/a><\/p>\r\n<p><a href=\"https:\/\/tvnovelas.com.br\/novelas\/\" target=\"_blank\" rel=\"noopener\">Resumos de todas as novelas<\/a><\/p>\r\n<p><strong style=\"font-size: 120%;\">\u00daltimas not\u00edcias de 'Vale Tudo':<\/strong><\/p>\r\n<div class=\"pt-cv-wrapper\"><h2 class='pt-cv-heading-container heading2' data-blockid='d7366c1g0j'><span class='pt-cv-heading'> \u00daltimas da novela <\/span><\/h2><div class=\"pt-cv-view pt-cv-grid pt-cv-colsys\" id=\"pt-cv-view-d7366c1g0j\"><div data-id=\"pt-cv-page-1\" class=\"pt-cv-page\" data-cvc=\"1\"><div class=\"col-md-12 col-sm-12 col-xs-12 pt-cv-content-item pt-cv-1-col\" ><div class='pt-cv-ifield'><h4 class=\"pt-cv-title\"><a href=\"https:\/\/www.tvnovelas.com.br\/tvnews\/vale-tudo-casamento-de-raquel-e-ivan-entre-os-finais\/\" class=\"_self\" target=\"_self\" >Vale Tudo: Casamento de Raquel e Ivan entre os finais<\/a><\/h4><\/div><\/div>\n<div class=\"col-md-12 col-sm-12 col-xs-12 pt-cv-content-item pt-cv-1-col\" ><div class='pt-cv-ifield'><h4 class=\"pt-cv-title\"><a href=\"https:\/\/www.tvnovelas.com.br\/tvnews\/vale-tudo-fatima-decide-entregar-o-filho-para-a-adocao\/\" class=\"_self\" target=\"_self\" >Vale Tudo: F\u00e1tima decide entregar o filho para a ado\u00e7\u00e3o<\/a><\/h4><\/div><\/div>\n<div class=\"col-md-12 col-sm-12 col-xs-12 pt-cv-content-item pt-cv-1-col\" ><div class='pt-cv-ifield'><h4 class=\"pt-cv-title\"><a href=\"https:\/\/www.tvnovelas.com.br\/tvnews\/vale-tudo-cesar-e-fatima-se-reencontram\/\" class=\"_self\" target=\"_self\" >Vale Tudo: C\u00e9sar e F\u00e1tima se reencontram<\/a><\/h4><\/div><\/div><\/div><\/div><\/div>\r\n<p><strong style=\"font-size: 120%;\">\u00daltimas not\u00edcias deste site:<\/strong><\/p>\r\n<div class=\"pt-cv-wrapper\"><div class=\"pt-cv-view pt-cv-grid pt-cv-colsys\" id=\"pt-cv-view-90991035b3\"><div data-id=\"pt-cv-page-1\" class=\"pt-cv-page\" data-cvc=\"1\"><div class=\"col-md-12 col-sm-12 col-xs-12 pt-cv-content-item pt-cv-1-col\" ><div class='pt-cv-ifield'><h4 class=\"pt-cv-title\"><a href=\"https:\/\/www.tvnovelas.com.br\/tvnews\/guerra-das-rosas-omer-chama-gulru-vestida-de-noiva-para-fugir\/\" class=\"_self\" target=\"_self\" >Guerra das Rosas: Omer chama Gulru vestida de noiva para fugir<\/a><\/h4><\/div><\/div>\n<div class=\"col-md-12 col-sm-12 col-xs-12 pt-cv-content-item pt-cv-1-col\" ><div class='pt-cv-ifield'><h4 class=\"pt-cv-title\"><a href=\"https:\/\/www.tvnovelas.com.br\/tvnews\/coracao-de-mae-reha-sai-para-jantar-com-selvi\/\" class=\"_self\" target=\"_self\" >Cora\u00e7\u00e3o de M\u00e3e: Reha sai para jantar com Selvi<\/a><\/h4><\/div><\/div>\n<div class=\"col-md-12 col-sm-12 col-xs-12 pt-cv-content-item pt-cv-1-col\" ><div class='pt-cv-ifield'><h4 class=\"pt-cv-title\"><a href=\"https:\/\/www.tvnovelas.com.br\/tvnews\/coracao-acelerado-zila-se-preocupa-com-sua-situacao-apos-separacao\/\" class=\"_self\" target=\"_self\" >Cora\u00e7\u00e3o Acelerado: Zil\u00e1 se preocupa com sua situa\u00e7\u00e3o ap\u00f3s separa\u00e7\u00e3o<\/a><\/h4><\/div><\/div>\n<div class=\"col-md-12 col-sm-12 col-xs-12 pt-cv-content-item pt-cv-1-col\" ><div class='pt-cv-ifield'><h4 class=\"pt-cv-title\"><a href=\"https:\/\/www.tvnovelas.com.br\/tvnews\/a-nobreza-do-amor-tonho-nao-se-curva-diante-de-mirinho\/\" class=\"_self\" target=\"_self\" >A Nobreza do Amor: Tonho n\u00e3o se curva diante de Mirinho<\/a><\/h4><\/div><\/div>\n<div class=\"col-md-12 col-sm-12 col-xs-12 pt-cv-content-item pt-cv-1-col\" ><div class='pt-cv-ifield'><h4 class=\"pt-cv-title\"><a href=\"https:\/\/www.tvnovelas.com.br\/tvnews\/tres-gracas-arminda-surta-ao-confirmar-que-ferette-e-pai-de-raul\/\" class=\"_self\" target=\"_self\" >Tr\u00eas Gra\u00e7as:  Arminda surta ao confirmar que Ferette \u00e9 pai de Raul<\/a><\/h4><\/div><\/div>\n<div class=\"col-md-12 col-sm-12 col-xs-12 pt-cv-content-item pt-cv-1-col\" ><div class='pt-cv-ifield'><h4 class=\"pt-cv-title\"><a href=\"https:\/\/www.tvnovelas.com.br\/tvnews\/coracao-de-mae-atilla-confronta-hasan-e-exige-o-divorcio-de-lale\/\" class=\"_self\" target=\"_self\" >Cora\u00e7\u00e3o de M\u00e3e: Atilla confronta Hasan e exige o div\u00f3rcio de Lale<\/a><\/h4><\/div><\/div>\n<div class=\"col-md-12 col-sm-12 col-xs-12 pt-cv-content-item pt-cv-1-col\" ><div class='pt-cv-ifield'><h4 class=\"pt-cv-title\"><a href=\"https:\/\/www.tvnovelas.com.br\/tvnews\/guerra-das-rosas-gulfem-coloca-gulru-contra-a-parede\/\" class=\"_self\" target=\"_self\" >Guerra das Rosas: Gulfem coloca Gulru contra a parede<\/a><\/h4><\/div><\/div>\n<div class=\"col-md-12 col-sm-12 col-xs-12 pt-cv-content-item pt-cv-1-col\" ><div class='pt-cv-ifield'><h4 class=\"pt-cv-title\"><a href=\"https:\/\/www.tvnovelas.com.br\/tvnews\/coracao-de-mae-atilla-diz-a-lale-que-quer-o-divorcio\/\" class=\"_self\" target=\"_self\" >Cora\u00e7\u00e3o de M\u00e3e: Atilla diz a Lale que quer o div\u00f3rcio<\/a><\/h4><\/div><\/div>\n<div class=\"col-md-12 col-sm-12 col-xs-12 pt-cv-content-item pt-cv-1-col\" ><div class='pt-cv-ifield'><h4 class=\"pt-cv-title\"><a href=\"https:\/\/www.tvnovelas.com.br\/tvnews\/a-nobreza-do-amor-mirinho-garante-noivado-com-virginia-para-atrair-sogro-a-negocio\/\" class=\"_self\" target=\"_self\" >A Nobreza do Amor: Mirinho garante noivado com Virg\u00ednia para atrair sogro a neg\u00f3cio<\/a><\/h4><\/div><\/div>\n<div class=\"col-md-12 col-sm-12 col-xs-12 pt-cv-content-item pt-cv-1-col\" ><div class='pt-cv-ifield'><h4 class=\"pt-cv-title\"><a href=\"https:\/\/www.tvnovelas.com.br\/tvnews\/tres-gracas-joaquim-propoe-fuga-a-arminda-com-o-dinheiro-das-tres-gracas\/\" class=\"_self\" target=\"_self\" >Tr\u00eas Gra\u00e7as:  Joaquim prop\u00f5e fuga a Arminda com o dinheiro das Tr\u00eas Gra\u00e7as<\/a><\/h4><\/div><\/div><\/div><\/div><\/div>\r\n<h3>Confira tamb\u00e9m<\/h3>\r\n<p><a href=\"https:\/\/www.tvnovelas.com.br\/filmes\/\" target=\"_blank\" rel=\"noopener noreferrer\"><strong>Programa\u00e7\u00e3o de filmes na TV aberta<\/strong><\/a><\/p>\r\n<p><a href=\"https:\/\/caetenews.com.br\/semana\/filmes-da-globo-na-sessao-da-tarde-desta-semana\/\" target=\"_blank\" rel=\"noopener\"><strong>Confira os filmes da semana na Sess\u00e3o da Tarde<\/strong><\/a><\/p>\r\n<p><a href=\"https:\/\/www.tvnovelas.com.br\/novelas\/\"><strong>Confira os resumos da semana de todas novelas<\/strong><\/a><\/p><br \/>\n<a href=\"https:\/\/tvnovelas.com.br\/filmes\/filmes-na-tv-segunda\/\" target=\"_blank\" rel=\"noopener\">Confira a Progrma\u00e7\u00e3o de Filmes na TV aberta<\/a><br \/>\n<a href=\"https:\/\/www.tvnovelas.com.br\/tvnews\/\" target=\"_blank\" rel=\"noopener\">\u00daltimas not\u00edcias das novelas<\/a><\/p>\n","protected":false},"excerpt":{"rendered":"<p>Vale Tudo na semana 30\/06 a 05 de julho&#8230;<\/p>\n","protected":false},"author":1,"featured_media":77655,"comment_status":"closed","ping_status":"closed","sticky":false,"template":"","format":"standard","meta":{"_uf_show_specific_survey":0,"_uf_disable_surveys":false,"_jetpack_memberships_contains_paid_content":false,"footnotes":"","_wp_rev_ctl_limit":""},"categories":[353,871],"tags":[5,64,801],"class_list":["post-77652","post","type-post","status-publish","format-standard","has-post-thumbnail","hentry","category-resumos-de-novelas","category-vale-tudo","tag-globo","tag-novelas","tag-vale-tudo","wpcat-353-id","wpcat-871-id"],"aioseo_notices":[],"jetpack_featured_media_url":"https:\/\/i0.wp.com\/www.tvnovelas.com.br\/tvnews\/wp-content\/uploads\/2025\/06\/11391vtg.jpg?fit=728%2C410&ssl=1","jetpack_shortlink":"https:\/\/wp.me\/pdP2BO-kcs","jetpack_sharing_enabled":true,"_links":{"self":[{"href":"https:\/\/www.tvnovelas.com.br\/tvnews\/wp-json\/wp\/v2\/posts\/77652","targetHints":{"allow":["GET"]}}],"collection":[{"href":"https:\/\/www.tvnovelas.com.br\/tvnews\/wp-json\/wp\/v2\/posts"}],"about":[{"href":"https:\/\/www.tvnovelas.com.br\/tvnews\/wp-json\/wp\/v2\/types\/post"}],"author":[{"embeddable":true,"href":"https:\/\/www.tvnovelas.com.br\/tvnews\/wp-json\/wp\/v2\/users\/1"}],"replies":[{"embeddable":true,"href":"https:\/\/www.tvnovelas.com.br\/tvnews\/wp-json\/wp\/v2\/comments?post=77652"}],"version-history":[{"count":2,"href":"https:\/\/www.tvnovelas.com.br\/tvnews\/wp-json\/wp\/v2\/posts\/77652\/revisions"}],"predecessor-version":[{"id":77656,"href":"https:\/\/www.tvnovelas.com.br\/tvnews\/wp-json\/wp\/v2\/posts\/77652\/revisions\/77656"}],"wp:featuredmedia":[{"embeddable":true,"href":"https:\/\/www.tvnovelas.com.br\/tvnews\/wp-json\/wp\/v2\/media\/77655"}],"wp:attachment":[{"href":"https:\/\/www.tvnovelas.com.br\/tvnews\/wp-json\/wp\/v2\/media?parent=77652"}],"wp:term":[{"taxonomy":"category","embeddable":true,"href":"https:\/\/www.tvnovelas.com.br\/tvnews\/wp-json\/wp\/v2\/categories?post=77652"},{"taxonomy":"post_tag","embeddable":true,"href":"https:\/\/www.tvnovelas.com.br\/tvnews\/wp-json\/wp\/v2\/tags?post=77652"}],"curies":[{"name":"wp","href":"https:\/\/api.w.org\/{rel}","templated":true}]}}