{"id":77673,"date":"2025-06-28T11:24:29","date_gmt":"2025-06-28T14:24:29","guid":{"rendered":"https:\/\/www.tvnovelas.com.br\/tvnews\/?p=77673"},"modified":"2025-06-29T11:45:26","modified_gmt":"2025-06-29T14:45:26","slug":"o-que-em-eta-mundo-melhor-na-semana-de-estreia","status":"publish","type":"post","link":"https:\/\/www.tvnovelas.com.br\/tvnews\/o-que-em-eta-mundo-melhor-na-semana-de-estreia\/","title":{"rendered":"O que vem em \u00cata Mundo Melhor! na semana de estreia"},"content":{"rendered":"<p>\u00a0<\/p>\n<div style=\"background-color: #FFF287;\">\n.<br \/>\n<figure id=\"attachment_45371\" aria-describedby=\"caption-attachment-45371\" style=\"width: 728px\" class=\"wp-caption alignnone\"><img data-recalc-dims=\"1\" decoding=\"async\" src=\"https:\/\/i0.wp.com\/tvnovelas.com.br\/novelas\/wp-content\/uploads\/2025\/06\/11400a.jpg?resize=728%2C410&#038;ssl=1\" alt=\"Foto em \u00cata Mundo Melhor! de 30\/6 a 05 de julho\" title=\"(Foto: TV Globo\/\u00cata Mundo Melhor!)\" width=\"728\" height=\"410\" class=\"size-full wp-image-45371\" \/><figcaption id=\"caption-attachment-45371\" class=\"wp-caption-text\">\u00cata Mundo Melhor! de 30\/6 a 05 de julho<\/figcaption><\/figure><\/p>\n<blockquote><p><strong style=\"color: #511D43;\">Nos primeiros cap\u00edtulos de \u00cata Mundo Melhor!, <\/strong>Ernesto sequestra Junior, filho de Candinho, e ele se desespera; Jacira e Dami\u00e3o d\u00e3o o beb\u00ea de Candinho para a cigana Carmem; Anast\u00e1cia, m\u00e3e de Candinho, morre com a not\u00edcia do desaparecimento do neto&#8230;<\/p><\/blockquote>\n<\/div>\n<figure id=\"attachment_45371\" aria-describedby=\"caption-attachment-45371\" style=\"width: 728px\" class=\"wp-caption alignnone\"><img data-recalc-dims=\"1\" decoding=\"async\" src=\"https:\/\/i0.wp.com\/tvnovelas.com.br\/novelas\/wp-content\/uploads\/2025\/06\/11400g.jpg?resize=728%2C410&#038;ssl=1\" alt=\"Foto em \u00cata Mundo Melhor! de 30\/6 a 05 de julho\" title=\"(Foto: TV Globo\/\u00cata Mundo Melhor!)\" width=\"728\" height=\"410\" class=\"size-full wp-image-45371\" \/><figcaption id=\"caption-attachment-45371\" class=\"wp-caption-text\">\u00cata Mundo Melhor! de 30\/6 a 05 de julho<\/figcaption><\/figure>\n<h2 style=\"color: #511D43;\">Resumo de segunda-feira, 30 de junho<\/h2>\n<p>Ernesto sequestra Junior, filho de Candinho, e ele se desespera. Ernesto descobre que Fil\u00f3 morreu no inc\u00eandio e deixa o beb\u00ea com roceiros. Candinho afirma a Celso que encontrar\u00e1 seu filho. Estela cuida de Anabela. Na estrada, Candinho cruza com os roceiros Dami\u00e3o e Jacira e acredita ter ouvido um choro de crian\u00e7a, mas Sabi\u00e1 o distrai. Jacira e Dami\u00e3o d\u00e3o o beb\u00ea de Candinho para a cigana Carmem. Carmem entrega o beb\u00ea a Zulma. Candinho se desespera por n\u00e3o encontrar seu filho.<br \/>\n<figure id=\"attachment_45371\" aria-describedby=\"caption-attachment-45371\" style=\"width: 728px\" class=\"wp-caption alignnone\"><img data-recalc-dims=\"1\" decoding=\"async\" src=\"https:\/\/i0.wp.com\/tvnovelas.com.br\/novelas\/wp-content\/uploads\/2025\/06\/11400h.jpg?resize=728%2C410&#038;ssl=1\" alt=\"Foto em \u00cata Mundo Melhor! de 30\/6 a 05 de julho\" title=\"(Foto: TV Globo\/\u00cata Mundo Melhor!)\" width=\"728\" height=\"410\" class=\"size-full wp-image-45371\" \/><figcaption id=\"caption-attachment-45371\" class=\"wp-caption-text\">\u00cata Mundo Melhor! de 30\/6 a 05 de julho<\/figcaption><\/figure><\/p>\n<h2 style=\"color: #511D43;\">Resumo de ter\u00e7a-feira, 1\u00ba de julho<\/h2>\n<p>Candinho descobre que o beb\u00ea foi entregue a Carmem e a procura, com a ajuda de Celso e Sabi\u00e1. Zulma afirma a Zenaide que o beb\u00ea de Candinho \u00e9 sua mina de ouro. Anast\u00e1cia, m\u00e3e de Candinho, morre com a not\u00edcia do desaparecimento do neto. Passagem de alguns dias. Celso fica indignado com o testamento de Anast\u00e1cia. Estela leva Anabela para o hospital. Zulma aplica golpes usando o beb\u00ea de Candinho. Celso visita Sandra no reformat\u00f3rio. Um telegrama com a not\u00edcia da morte de Filomena chega ao s\u00edtio, e Dita diz a Cunegundes que ir\u00e1 a S\u00e3o Paulo buscar mais informa\u00e7\u00f5es. Celso v\u00ea Zulma na porta da igreja com um beb\u00ea.<br \/>\n<figure id=\"attachment_45371\" aria-describedby=\"caption-attachment-45371\" style=\"width: 728px\" class=\"wp-caption alignnone\"><img data-recalc-dims=\"1\" decoding=\"async\" src=\"https:\/\/i0.wp.com\/tvnovelas.com.br\/novelas\/wp-content\/uploads\/2025\/06\/11400e.jpg?resize=728%2C410&#038;ssl=1\" alt=\"Foto em \u00cata Mundo Melhor! de 30\/6 a 05 de julho\" title=\"(Foto: TV Globo\/\u00cata Mundo Melhor!)\" width=\"728\" height=\"410\" class=\"size-full wp-image-45371\" \/><figcaption id=\"caption-attachment-45371\" class=\"wp-caption-text\">\u00cata Mundo Melhor! de 30\/6 a 05 de julho<\/figcaption><\/figure><\/p>\n<h2 style=\"color: #511D43;\">Resumo de quarta-feira, 02 de julho<\/h2>\n<p>Zulma despista Celso, que afirma a Sandra que encontrou o beb\u00ea de Candinho. Dita \u00e9 roubada durante a viagem para S\u00e3o Paulo. Z\u00e9 dos Porcos chora ao constatar que Mafalda o deixou. Quinzinho recebe uma carta de Med\u00e9ia anunciando sua chegada, e Cunegundes se desespera. Estela fica nervosa ao receber flores, o que intriga Aurora. Dita chega ao cemit\u00e9rio para confirmar a morte de Fil\u00f3, e acaba se assustando com Candinho e Policarpo, sem identificar que eram eles. Celso procura Zulma.<br \/>\n<figure id=\"attachment_45371\" aria-describedby=\"caption-attachment-45371\" style=\"width: 728px\" class=\"wp-caption alignnone\"><img data-recalc-dims=\"1\" decoding=\"async\" src=\"https:\/\/i0.wp.com\/tvnovelas.com.br\/novelas\/wp-content\/uploads\/2025\/06\/11400d.jpg?resize=728%2C410&#038;ssl=1\" alt=\"Foto em \u00cata Mundo Melhor! de 30\/6 a 05 de julho\" title=\"(Foto: TV Globo\/\u00cata Mundo Melhor!)\" width=\"728\" height=\"410\" class=\"size-full wp-image-45371\" \/><figcaption id=\"caption-attachment-45371\" class=\"wp-caption-text\">\u00cata Mundo Melhor! de 30\/6 a 05 de julho<\/figcaption><\/figure><\/p>\n<h2 style=\"color: #511D43;\">Resumo de quinta-feira, 03 de julho<\/h2>\n<p>Celso faz um acordo com Zulma para esconder o beb\u00ea de Candinho. Cunegundes garante a Quinzinho que n\u00e3o ir\u00e1 aturar os desaforos de Med\u00e9ia. Candinho conhece Asdr\u00fabal. Cunegundes planeja ficar com o beb\u00ea de Fil\u00f3 para arrancar dinheiro de Candinho. Celso visita Sandra e afirma que dar\u00e1 um jeito de afastar Ernesto. Ernesto vai ao encontro de Tamires. Celso diz a Tamires que pensa em comprar o dancing para Sandra. Maria se irrita com a demora de Celso. Margarida acolhe Dita em sua pens\u00e3o. Zulma fantasia sobre a origem do beb\u00ea que tem nos bra\u00e7os. Dita encontra Candinho.<br \/>\n<figure id=\"attachment_45371\" aria-describedby=\"caption-attachment-45371\" style=\"width: 728px\" class=\"wp-caption alignnone\"><img data-recalc-dims=\"1\" decoding=\"async\" src=\"https:\/\/i0.wp.com\/tvnovelas.com.br\/novelas\/wp-content\/uploads\/2025\/06\/11400b.jpg?resize=728%2C410&#038;ssl=1\" alt=\"Foto em \u00cata Mundo Melhor! de 30\/6 a 05 de julho\" title=\"(Foto: TV Globo\/\u00cata Mundo Melhor!)\" width=\"728\" height=\"410\" class=\"size-full wp-image-45371\" \/><figcaption id=\"caption-attachment-45371\" class=\"wp-caption-text\">\u00cata Mundo Melhor! de 30\/6 a 05 de julho<\/figcaption><\/figure><\/p>\n<h2 style=\"color: #511D43;\">Resumo de sexta-feira, 04 de julho<\/h2>\n<p>Candinho conta para Dita e Margarida sobre a morte de Fil\u00f3 e o desaparecimento do beb\u00ea. Ara\u00fajo acusa Celso de lhe propor um neg\u00f3cio escuso. Z\u00e9 dos Porcos afirma a Quincas que jamais se casar\u00e1 novamente. Med\u00e9ia chega \u00e0 casa de Quinzinho e Cunegundes. Olga comenta com Ara\u00fajo sobre a necessidade de interna\u00e7\u00e3o de seu filho, que est\u00e1 em tratamento no Exterior. Estela pede que Aurora impe\u00e7a o homem que a procurou de voltar \u00e0 sua casa. Tamires diz a Celso que sua prima negou a proposta de compra do dancing. Z\u00e9 dos Porcos conhece Maria Divina. Maria flagra Celso com Tamires no dancing. Candinho leva Dita de volta \u00e0 fazenda. Cunegundes cobra dinheiro de Candinho.<br \/>\n<figure id=\"attachment_45371\" aria-describedby=\"caption-attachment-45371\" style=\"width: 728px\" class=\"wp-caption alignnone\"><img data-recalc-dims=\"1\" decoding=\"async\" src=\"https:\/\/i0.wp.com\/tvnovelas.com.br\/novelas\/wp-content\/uploads\/2025\/06\/11400f.jpg?resize=728%2C410&#038;ssl=1\" alt=\"Foto em \u00cata Mundo Melhor! de 30\/6 a 05 de julho\" title=\"(Foto: TV Globo\/\u00cata Mundo Melhor!)\" width=\"728\" height=\"410\" class=\"size-full wp-image-45371\" \/><figcaption id=\"caption-attachment-45371\" class=\"wp-caption-text\">\u00cata Mundo Melhor! de 30\/6 a 05 de julho<\/figcaption><\/figure><\/p>\n<h2 style=\"color: #511D43;\">Resumo de s\u00e1bado, 05 de julho<\/h2>\n<p>Cunegundes diz a Candinho que precisa receber a heran\u00e7a de Fil\u00f3. Dita fica magoada com Quincas. Zenaide anuncia a Zulma que n\u00e3o h\u00e1 mais mantimentos na despensa. Zulma leva outra crian\u00e7a para aplicar golpes. Margarida gosta dos galanteios de Asdr\u00fabal. Selma amea\u00e7a Sandra, e a vil\u00e3 enfrenta a detenta sem que ningu\u00e9m veja. Estela se preocupa quando v\u00ea Aurora com dores. Tamires desconfia de Ernesto. Dita pensa em deixar Quincas. Sabi\u00e1 anuncia que encontrou uma pista do beb\u00ea de Candinho. Dita e Manoela deixam a fazenda e v\u00e3o para S\u00e3o Paulo. Candinho acredita ter encontrado seu filho.\u00a0 Maria de F\u00e1tima com C\u00e9sar.<br \/>\n<!--FIM DOS RESUMOS--><br \/>\n<i>Os Resumos de Garota do Momento, como das demais novelas, est\u00e3o sujeitos a mudan\u00e7as em fun\u00e7\u00e3o da edi\u00e7\u00e3o das novelas.<\/i><\/p>\n<h2>Coment\u00e1rios em Resumos de \u00cata Mundo Melhor!<\/h2>\n<div class=\"fb-comments\" data-width=\"100%\" data-order-by=\"reverse_time\" data-numposts=\"5\"><\/div>\n<h2>Saiba mais sobre \u00cata Mundo Melhor!:<\/h2>\n<blockquote><p><a href=https:\/\/tvnovelas.com.br\/page2\/arquivo\/eta-mundo-melhor-a-volta-de-candinho-e-policarpo\/\" target=\"_blank\" rel=\"noopener\"><strong>\u00cata Mundo Melhor!: A volta de Candinho e Policarpo<\/strong><\/a> (Sinopse)<\/p><\/blockquote>\n<h2>Outros resumos atualizados<\/h2>\n<div class=\"pt-cv-wrapper\">Erro: visualiza\u00e7\u00e3o <strong>662bf56ijm<\/strong> pode n\u00e3o existir<\/div>\n<h2>\u00daltimas not\u00edcias das novelas<\/h2>\n<p>[wp-rss-aggregator feeds=&#8221;todas&#8221;]<\/p>\n<h2>Mais:<\/h2>\n<p><a href=\"https:\/\/pt.wikipedia.org\/wiki\/%C3%8Ata_Mundo_Melhor!\" target=\"_blank\" rel=\"noopener\">Sobre \u00cata Mundo Melhor!, na Wikipedia<\/a><br \/>\n<a href=\"https:\/\/tvnovelas.com.br\/filmes\/filmes-na-tv-segunda\/\" target=\"_blank\" rel=\"noopener\">Confira a Programa\u00e7\u00e3o de Filmes na TV aberta<\/a><br \/>\n<a href=\"https:\/\/tvnovelas.com.br\/novelas\/\" target=\"_blank\" rel=\"noopener\">Resumos de todas as novelas<\/a><\/p>\n","protected":false},"excerpt":{"rendered":"<p>\u00cata Mundo Melhor! na semana de estreia&#8230; Nos primeiros cap\u00edtulos de \u00cata Mundo Melhor!&#8230;Ernesto sequestra Junior, filho de Candinho, e ele se desespera&#8230;<\/p>\n","protected":false},"author":1,"featured_media":77679,"comment_status":"closed","ping_status":"closed","sticky":false,"template":"","format":"standard","meta":{"_uf_show_specific_survey":0,"_uf_disable_surveys":false,"_jetpack_memberships_contains_paid_content":false,"footnotes":"","_wp_rev_ctl_limit":""},"categories":[920],"tags":[921,5,64],"class_list":["post-77673","post","type-post","status-publish","format-standard","has-post-thumbnail","hentry","category-eta-mundo-melhor","tag-eta-mundo-melhor","tag-globo","tag-novelas","wpcat-920-id"],"aioseo_notices":[],"jetpack_featured_media_url":"https:\/\/i0.wp.com\/www.tvnovelas.com.br\/tvnews\/wp-content\/uploads\/2025\/06\/11400g.jpg?fit=728%2C410&ssl=1","jetpack_shortlink":"https:\/\/wp.me\/pdP2BO-kcN","jetpack_sharing_enabled":true,"_links":{"self":[{"href":"https:\/\/www.tvnovelas.com.br\/tvnews\/wp-json\/wp\/v2\/posts\/77673","targetHints":{"allow":["GET"]}}],"collection":[{"href":"https:\/\/www.tvnovelas.com.br\/tvnews\/wp-json\/wp\/v2\/posts"}],"about":[{"href":"https:\/\/www.tvnovelas.com.br\/tvnews\/wp-json\/wp\/v2\/types\/post"}],"author":[{"embeddable":true,"href":"https:\/\/www.tvnovelas.com.br\/tvnews\/wp-json\/wp\/v2\/users\/1"}],"replies":[{"embeddable":true,"href":"https:\/\/www.tvnovelas.com.br\/tvnews\/wp-json\/wp\/v2\/comments?post=77673"}],"version-history":[{"count":5,"href":"https:\/\/www.tvnovelas.com.br\/tvnews\/wp-json\/wp\/v2\/posts\/77673\/revisions"}],"predecessor-version":[{"id":77725,"href":"https:\/\/www.tvnovelas.com.br\/tvnews\/wp-json\/wp\/v2\/posts\/77673\/revisions\/77725"}],"wp:featuredmedia":[{"embeddable":true,"href":"https:\/\/www.tvnovelas.com.br\/tvnews\/wp-json\/wp\/v2\/media\/77679"}],"wp:attachment":[{"href":"https:\/\/www.tvnovelas.com.br\/tvnews\/wp-json\/wp\/v2\/media?parent=77673"}],"wp:term":[{"taxonomy":"category","embeddable":true,"href":"https:\/\/www.tvnovelas.com.br\/tvnews\/wp-json\/wp\/v2\/categories?post=77673"},{"taxonomy":"post_tag","embeddable":true,"href":"https:\/\/www.tvnovelas.com.br\/tvnews\/wp-json\/wp\/v2\/tags?post=77673"}],"curies":[{"name":"wp","href":"https:\/\/api.w.org\/{rel}","templated":true}]}}