{"id":77685,"date":"2025-06-28T15:02:08","date_gmt":"2025-06-28T18:02:08","guid":{"rendered":"https:\/\/www.tvnovelas.com.br\/tvnews\/?p=77685"},"modified":"2025-06-28T15:02:08","modified_gmt":"2025-06-28T18:02:08","slug":"o-que-acontece-em-a-caverna-encantada-de-30-6-a-04-07","status":"publish","type":"post","link":"https:\/\/www.tvnovelas.com.br\/tvnews\/o-que-acontece-em-a-caverna-encantada-de-30-6-a-04-07\/","title":{"rendered":"O que acontece em A Caverna Encantada de 30\/6 a 04\/07"},"content":{"rendered":"<p>(Foto: SBT\/A Caverna Encantada)<\/p>\n<div style=\"background-color: #FFF287;\">\n.<br \/>\n<figure id=\"attachment_77686\" aria-describedby=\"caption-attachment-77686\" style=\"width: 728px\" class=\"wp-caption alignnone\"><img data-recalc-dims=\"1\" decoding=\"async\" src=\"https:\/\/i0.wp.com\/www.tvnovelas.com.br\/tvnews\/wp-content\/uploads\/2025\/06\/11406.jpg?resize=728%2C410&#038;ssl=1\" alt=\"Foto em A Caverna Encantada de 30\/6 a 04\/07\" width=\"728\" height=\"410\" class=\"size-full wp-image-77686\" srcset=\"https:\/\/i0.wp.com\/www.tvnovelas.com.br\/tvnews\/wp-content\/uploads\/2025\/06\/11406.jpg?w=728&amp;ssl=1 728w, https:\/\/i0.wp.com\/www.tvnovelas.com.br\/tvnews\/wp-content\/uploads\/2025\/06\/11406.jpg?resize=250%2C141&amp;ssl=1 250w\" sizes=\"(max-width: 728px) 100vw, 728px\" \/><figcaption id=\"caption-attachment-77686\" class=\"wp-caption-text\">A Caverna Encantada de 30\/6 a 04\/07<\/figcaption><\/figure><\/p>\n<blockquote><p><strong style=\"color: #511D43;\">Nos pr\u00f3ximos cap\u00edtulos de A Caverna Encantada, <\/strong>Lav\u00ednia organiza uma opera\u00e7\u00e3o de resgate, com dois helic\u00f3pteros da fam\u00edlia para encontrar Paulo; Lav\u00ednia alega que fingiu ser amiga e que Paulo n\u00e3o ser\u00e1 resgatado; Decepcionada com todos, Anna se isola, trancando-se dentro da caverna&#8230;<\/p><\/blockquote>\n<\/div>\n<h2 style=\"color: #511D43;\">Resumo de segunda-feira, 30 de junho<\/h2>\n<p>Tonico conta a Gabriel que j\u00e1 foi abandonado no altar. Isadora e Manu pressionam Elisa para que revele a verdade sobre a b\u00fassola a Anna. Cristina mostra uma nova m\u00fasica para Dalete, que promete apresent\u00e1-la \u00e0 sua afilhada, a cantora Ana Castela. Elisa cai e, de forma suspeita, finge ter perdido a mem\u00f3ria. Lav\u00ednia organiza uma opera\u00e7\u00e3o de resgate para encontrar Paulo e envia dois helic\u00f3pteros da fam\u00edlia para a regi\u00e3o de Perua\u00e7u, Minas Gerais.<\/p>\n<h2 style=\"color: #511D43;\">Resumo de ter\u00e7a-feira, 1\u00ba de julho<\/h2>\n<p>Durante uma liga\u00e7\u00e3o com Lav\u00ednia, o comandante do helic\u00f3ptero avista um acampamento com fuma\u00e7a em Perua\u00e7u, mas n\u00e3o h\u00e1 sinal de Paulo; Anna marca a localiza\u00e7\u00e3o no mapa. Norma pro\u00edbe Anna de se aproximar de Lav\u00ednia. Lav\u00ednia se emociona ao tentar explicar que s\u00f3 queria ajudar no resgate, e Anna, comovida, reconhece o gesto. Flora aborda Lav\u00ednia e a confronta perguntando at\u00e9 quando ela vai fingir ser amiga de Anna. Mais tarde, Lav\u00ednia revela a Norma que deseja continuar as buscas de Paulo.<\/p>\n<h2 style=\"color: #511D43;\">Resumo de quarta-feira, 02 de julho<\/h2>\n<p>Norma fica obcecada em encontrar o mapa de Anna com pistas sobre Paulo. Na caverna, Safira provoca Lav\u00ednia e afirma que ela perdeu o foco original com Anna. Pressionada, Lav\u00ednia alega que fingiu ser amiga e que Paulo n\u00e3o ser\u00e1 resgatado; sem saber, Anna ouve tudo e fica magoada. Elisa, por sua vez, revela que mentiu para Anna a mando de Lav\u00ednia. Mois\u00e9s volta a trocar de quarto com Senor, desta vez sem permiss\u00e3o de Norma.<\/p>\n<h2 style=\"color: #511D43;\">Resumo de quinta-feira, 03 de julho<\/h2>\n<p>Lav\u00ednia tenta convencer Anna de que agiu por amizade, mas Manu e Isadora desconfiam sobre o que realmente motivou a briga entre as duas. Shirley e Wanda entregam a Felipe um relat\u00f3rio decisivo sobre Perebad\u00e1. Enquanto isso, Senor discute com Lucas e Binho se algu\u00e9m o viu trocando de quarto com Mois\u00e9s. Pilar testemunha Anna machucando Isadora e Lav\u00ednia. Mois\u00e9s pede ajuda a Thomas sobre as trocas no quarto, mas Thomas acaba revelando tudo a Dalete. Com o cora\u00e7\u00e3o partido e decepcionada com todos, Anna se isola, trancando-se dentro da caverna.<\/p>\n<h2 style=\"color: #511D43;\">Resumo de sexta-feira, 04 de julho<\/h2>\n<p>Felipe inicia sess\u00f5es de terapia com Wanda, que tamb\u00e9m \u00e9 psic\u00f3loga. Norma ordena que Elisa minta sobre o paradeiro de Anna, dizendo que ela n\u00e3o desapareceu. Dentro da caverna, Anna lan\u00e7a no lago o carimbo que \u00e9 a \u00fanica chave para sair, e Moleza tenta recuper\u00e1-lo em v\u00e3o. Cansado, Goma decide interromper sua busca pelo \u201cdoce perfeito\u201d. Anna recebe uma ma\u00e7\u00e3 oferecida por Safira, mas recusa, desconfiada das inten\u00e7\u00f5es da cobra. Cristina \u00e9 chamada para uma reuni\u00e3o com produtores da gravadora, que querem apostar em seu talento. Thomas ouve a conversa \u00e0 dist\u00e2ncia e percebe o quanto sua namorada est\u00e1 se afastando.<br \/>\n<!--FIM--><\/p>\n<div class=\"fb-comments\" data-width=\"100%\" data-order-by=\"reverse_time\" data-numposts=\"5\"><\/div>\n<p><strong style=\"font-size: 120%;\">\u00daltimas not\u00edcias deste canal:<\/strong>\r\n<div class=\"pt-cv-wrapper\"><div class=\"pt-cv-view pt-cv-grid pt-cv-colsys\" id=\"pt-cv-view-90991035b3\"><div data-id=\"pt-cv-page-1\" class=\"pt-cv-page\" data-cvc=\"1\"><div class=\"col-md-12 col-sm-12 col-xs-12 pt-cv-content-item pt-cv-1-col\" ><div class='pt-cv-ifield'><h4 class=\"pt-cv-title\"><a href=\"https:\/\/www.tvnovelas.com.br\/tvnews\/coracao-de-mae-irmak-inicia-jogo-arriscado-contra-adnan\/\" class=\"_self\" target=\"_self\" >Cora\u00e7\u00e3o de M\u00e3e: Irmak inicia jogo arriscado contra Adnan<\/a><\/h4><\/div><\/div>\n<div class=\"col-md-12 col-sm-12 col-xs-12 pt-cv-content-item pt-cv-1-col\" ><div class='pt-cv-ifield'><h4 class=\"pt-cv-title\"><a href=\"https:\/\/www.tvnovelas.com.br\/tvnews\/guerra-das-rosas-omer-chama-gulru-vestida-de-noiva-para-fugir\/\" class=\"_self\" target=\"_self\" >Guerra das Rosas: Omer chama Gulru vestida de noiva para fugir<\/a><\/h4><\/div><\/div>\n<div class=\"col-md-12 col-sm-12 col-xs-12 pt-cv-content-item pt-cv-1-col\" ><div class='pt-cv-ifield'><h4 class=\"pt-cv-title\"><a href=\"https:\/\/www.tvnovelas.com.br\/tvnews\/coracao-de-mae-reha-sai-para-jantar-com-selvi\/\" class=\"_self\" target=\"_self\" >Cora\u00e7\u00e3o de M\u00e3e: Reha sai para jantar com Selvi<\/a><\/h4><\/div><\/div>\n<div class=\"col-md-12 col-sm-12 col-xs-12 pt-cv-content-item pt-cv-1-col\" ><div class='pt-cv-ifield'><h4 class=\"pt-cv-title\"><a href=\"https:\/\/www.tvnovelas.com.br\/tvnews\/coracao-acelerado-zila-se-preocupa-com-sua-situacao-apos-separacao\/\" class=\"_self\" target=\"_self\" >Cora\u00e7\u00e3o Acelerado: Zil\u00e1 se preocupa com sua situa\u00e7\u00e3o ap\u00f3s separa\u00e7\u00e3o<\/a><\/h4><\/div><\/div>\n<div class=\"col-md-12 col-sm-12 col-xs-12 pt-cv-content-item pt-cv-1-col\" ><div class='pt-cv-ifield'><h4 class=\"pt-cv-title\"><a href=\"https:\/\/www.tvnovelas.com.br\/tvnews\/a-nobreza-do-amor-tonho-nao-se-curva-diante-de-mirinho\/\" class=\"_self\" target=\"_self\" >A Nobreza do Amor: Tonho n\u00e3o se curva diante de Mirinho<\/a><\/h4><\/div><\/div>\n<div class=\"col-md-12 col-sm-12 col-xs-12 pt-cv-content-item pt-cv-1-col\" ><div class='pt-cv-ifield'><h4 class=\"pt-cv-title\"><a href=\"https:\/\/www.tvnovelas.com.br\/tvnews\/tres-gracas-arminda-surta-ao-confirmar-que-ferette-e-pai-de-raul\/\" class=\"_self\" target=\"_self\" >Tr\u00eas Gra\u00e7as:  Arminda surta ao confirmar que Ferette \u00e9 pai de Raul<\/a><\/h4><\/div><\/div>\n<div class=\"col-md-12 col-sm-12 col-xs-12 pt-cv-content-item pt-cv-1-col\" ><div class='pt-cv-ifield'><h4 class=\"pt-cv-title\"><a href=\"https:\/\/www.tvnovelas.com.br\/tvnews\/coracao-de-mae-atilla-confronta-hasan-e-exige-o-divorcio-de-lale\/\" class=\"_self\" target=\"_self\" >Cora\u00e7\u00e3o de M\u00e3e: Atilla confronta Hasan e exige o div\u00f3rcio de Lale<\/a><\/h4><\/div><\/div>\n<div class=\"col-md-12 col-sm-12 col-xs-12 pt-cv-content-item pt-cv-1-col\" ><div class='pt-cv-ifield'><h4 class=\"pt-cv-title\"><a href=\"https:\/\/www.tvnovelas.com.br\/tvnews\/guerra-das-rosas-gulfem-coloca-gulru-contra-a-parede\/\" class=\"_self\" target=\"_self\" >Guerra das Rosas: Gulfem coloca Gulru contra a parede<\/a><\/h4><\/div><\/div>\n<div class=\"col-md-12 col-sm-12 col-xs-12 pt-cv-content-item pt-cv-1-col\" ><div class='pt-cv-ifield'><h4 class=\"pt-cv-title\"><a href=\"https:\/\/www.tvnovelas.com.br\/tvnews\/coracao-de-mae-atilla-diz-a-lale-que-quer-o-divorcio\/\" class=\"_self\" target=\"_self\" >Cora\u00e7\u00e3o de M\u00e3e: Atilla diz a Lale que quer o div\u00f3rcio<\/a><\/h4><\/div><\/div>\n<div class=\"col-md-12 col-sm-12 col-xs-12 pt-cv-content-item pt-cv-1-col\" ><div class='pt-cv-ifield'><h4 class=\"pt-cv-title\"><a href=\"https:\/\/www.tvnovelas.com.br\/tvnews\/a-nobreza-do-amor-mirinho-garante-noivado-com-virginia-para-atrair-sogro-a-negocio\/\" class=\"_self\" target=\"_self\" >A Nobreza do Amor: Mirinho garante noivado com Virg\u00ednia para atrair sogro a neg\u00f3cio<\/a><\/h4><\/div><\/div><\/div><\/div><\/div>\r\n<a href=\"https:\/\/www.tvnovelas.com.br\/novelas\/\"><strong>Confira os resumos da semana de todas novelas<\/strong><\/a><\/br>\r\n<h3>Confira tamb\u00e9m<\/h3>\r\n<a href=\"https:\/\/www.tvnovelas.com.br\/filmes\/\" target=\"_blank\" rel=\"noopener noreferrer\"><strong>Programa\u00e7\u00e3o de filmes na TV aberta<\/strong><\/a><\/br>\r\n<a href=\"https:\/\/caetenews.com.br\/semana\/filmes-da-globo-na-sessao-da-tarde-desta-semana\/\" target=\"_blank\" rel=\"noopener\"><strong>Confira os filmes da semana na Sess\u00e3o da Tarde<\/strong><\/a><\/br>\r\n<a href=\"https:\/\/www.tvnovelas.com.br\/novelas\/\" target=\"_blank\" rel=\"noopener noreferrer\"><strong>Resumos de novelas<\/strong><\/a><\/br>\r\n<a href=\"https:\/\/tvnovelas.com.br\/news\/mundo\/\" rel=\"noopener\" target=\"_blank\"><strong>News: Turismo, Cultura, Lazer e Entretenimento<\/strong><\/a><br \/>\n<a href=\"https:\/\/tvnovelas.com.br\/novelas\/resumos-de-a-caverna-encantada\/\">Confira os resumos da semana de &#8216;A Caverna Encantada&#8217;<\/a><br \/>\n<a href=\"https:\/\/pt.wikipedia.org\/wiki\/A_Caverna_Encantada\" target=\"_blank\" rel=\"noopener\", >Sobre A Caverna Encantada na Wikipedia<\/a><br \/>\n<a href=\"https:\/\/www.facebook.com\/tevenovelas\/\">\u00daltimas not\u00edcias do TV Novelas no Facebook<\/a><br \/>\n<a href=\"https:\/\/www.tvnovelas.com.br\/tvnews\/\" rel=\"noopener\" target=\"_blank\">As \u00faltimas not\u00edcias das novelas<\/a><\/p>\n","protected":false},"excerpt":{"rendered":"<p>A Caverna Encantada de 30\/6 a 04\/07 Nos pr\u00f3ximos cap\u00edtulos de A Caverna Encantada, Lav\u00ednia organiza uma opera\u00e7\u00e3o de resgate, com dois helic\u00f3pteros da fam\u00edlia&#8230;<\/p>\n","protected":false},"author":1,"featured_media":77686,"comment_status":"closed","ping_status":"closed","sticky":false,"template":"","format":"standard","meta":{"_uf_show_specific_survey":0,"_uf_disable_surveys":false,"_jetpack_memberships_contains_paid_content":false,"footnotes":"","_wp_rev_ctl_limit":""},"categories":[766],"tags":[767,64,344,13],"class_list":["post-77685","post","type-post","status-publish","format-standard","has-post-thumbnail","hentry","category-a-caverna-encantada","tag-a-caverna-encantada","tag-novelas","tag-resumos-de-novelas","tag-sbt","wpcat-766-id"],"aioseo_notices":[],"jetpack_featured_media_url":"https:\/\/i0.wp.com\/www.tvnovelas.com.br\/tvnews\/wp-content\/uploads\/2025\/06\/11406.jpg?fit=728%2C410&ssl=1","jetpack_shortlink":"https:\/\/wp.me\/pdP2BO-kcZ","jetpack_sharing_enabled":true,"_links":{"self":[{"href":"https:\/\/www.tvnovelas.com.br\/tvnews\/wp-json\/wp\/v2\/posts\/77685","targetHints":{"allow":["GET"]}}],"collection":[{"href":"https:\/\/www.tvnovelas.com.br\/tvnews\/wp-json\/wp\/v2\/posts"}],"about":[{"href":"https:\/\/www.tvnovelas.com.br\/tvnews\/wp-json\/wp\/v2\/types\/post"}],"author":[{"embeddable":true,"href":"https:\/\/www.tvnovelas.com.br\/tvnews\/wp-json\/wp\/v2\/users\/1"}],"replies":[{"embeddable":true,"href":"https:\/\/www.tvnovelas.com.br\/tvnews\/wp-json\/wp\/v2\/comments?post=77685"}],"version-history":[{"count":2,"href":"https:\/\/www.tvnovelas.com.br\/tvnews\/wp-json\/wp\/v2\/posts\/77685\/revisions"}],"predecessor-version":[{"id":77688,"href":"https:\/\/www.tvnovelas.com.br\/tvnews\/wp-json\/wp\/v2\/posts\/77685\/revisions\/77688"}],"wp:featuredmedia":[{"embeddable":true,"href":"https:\/\/www.tvnovelas.com.br\/tvnews\/wp-json\/wp\/v2\/media\/77686"}],"wp:attachment":[{"href":"https:\/\/www.tvnovelas.com.br\/tvnews\/wp-json\/wp\/v2\/media?parent=77685"}],"wp:term":[{"taxonomy":"category","embeddable":true,"href":"https:\/\/www.tvnovelas.com.br\/tvnews\/wp-json\/wp\/v2\/categories?post=77685"},{"taxonomy":"post_tag","embeddable":true,"href":"https:\/\/www.tvnovelas.com.br\/tvnews\/wp-json\/wp\/v2\/tags?post=77685"}],"curies":[{"name":"wp","href":"https:\/\/api.w.org\/{rel}","templated":true}]}}