{"id":77703,"date":"2025-06-28T20:49:07","date_gmt":"2025-06-28T23:49:07","guid":{"rendered":"https:\/\/www.tvnovelas.com.br\/tvnews\/?p=77703"},"modified":"2025-06-28T20:49:07","modified_gmt":"2025-06-28T23:49:07","slug":"band-exibe-novela-valor-da-vida-as-7-da-manha","status":"publish","type":"post","link":"https:\/\/www.tvnovelas.com.br\/tvnews\/band-exibe-novela-valor-da-vida-as-7-da-manha\/","title":{"rendered":"Band exibe novela Valor da Vida \u00e0s 7 da manh\u00e3"},"content":{"rendered":"<figure id=\"attachment_77700\" aria-describedby=\"caption-attachment-77700\" style=\"width: 728px\" class=\"wp-caption alignnone\"><img data-recalc-dims=\"1\" decoding=\"async\" class=\"wp-image-77700 size-full\" title=\"(Foto: Band\/TVI\/Valor da Vida)\" src=\"https:\/\/i0.wp.com\/www.tvnovelas.com.br\/tvnews\/wp-content\/uploads\/2025\/06\/11409.jpg?resize=728%2C410&#038;ssl=1\" alt=\"Foto em Band exibe novela \u201cValor da Vida\u201d \u00e0s 7h da manh\u00e3\" width=\"728\" height=\"410\" srcset=\"https:\/\/i0.wp.com\/www.tvnovelas.com.br\/tvnews\/wp-content\/uploads\/2025\/06\/11409.jpg?w=728&amp;ssl=1 728w, https:\/\/i0.wp.com\/www.tvnovelas.com.br\/tvnews\/wp-content\/uploads\/2025\/06\/11409.jpg?resize=250%2C141&amp;ssl=1 250w\" sizes=\"(max-width: 728px) 100vw, 728px\" \/><figcaption id=\"caption-attachment-77700\" class=\"wp-caption-text\">Band exibe novela \u201cValor da Vida\u201d \u00e0s 7h da manh\u00e3<\/figcaption><\/figure>\n<p>A Band reapresenta a partir desta segunda-feira, dia 30 de junho, \u00e0s 7h da manh\u00e3, Valor da Vida, uma produ\u00e7\u00e3o gravada no Brasil, L\u00edbano e Portugal, que re\u00fane os atores Carolina Kasting Marcello Antony, Thiago Rodrigues, Adriano Toloza, Cassiano Carneiro, Thaiane Anjos e a luso-brasileira Joana de Verona. A exibi\u00e7\u00e3o tem o prop\u00f3sito de ser uma alternativa a mais para o p\u00fablico entre os programas jornal\u00edsticos que s\u00e3o exibidos no hor\u00e1rio na TV aberta.<\/p>\n<p>Estrelada por Ana Sofia Martins, que vive o papel de Carolina Folque, e R\u00faben Gomes, int\u00e9rprete de Artur Bastos Moreira, a narrativa come\u00e7a quando ele \u00e9 localizado sem mem\u00f3ria por Aisha (Isabela Valadeiro) nas ru\u00ednas do pa\u00eds do Oriente M\u00e9dio. Ao descobrir sua identidade, o milion\u00e1rio se d\u00e1 conta de que \u00e9 considerado morto h\u00e1 20 anos e n\u00e3o envelheceu um dia sequer. Ap\u00f3s o desaparecimento, sua esposa, J\u00falia (Dalila Carmo), se casa com Vitorino (Joaquim Horta), seu melhor amigo. Por\u00e9m, ao se deparar com o \u201cfalecido\u201d, ela percebe que ainda o ama e far\u00e1 tudo o que estiver ao seu alcance para reconquist\u00e1-lo.<\/p>\n<p>\u2705Confira a sinopse completa da novela em <a href=\"https:\/\/tvnovelas.com.br\/page2\/arquivo\/valor-da-vida-pode-o-tempo-voltar-atras\/\" target=\"_blank\" rel=\"noopener\">Valor da Vida: Pode o tempo voltar atr\u00e1s?<\/a><\/p>\n<p>Escrita por Maria Jo\u00e3o Costa, vencedora do Emmy Internacional por Ouro Verde, a produ\u00e7\u00e3o foi l\u00edder de audi\u00eancia no canal portugu\u00eas TVI em sua estreia, marcando 25% de share. \u201cAssim como o nome diz, o enredo fala sobre a import\u00e2ncia da vida e o valor que cada um lhe atribui, conforme a posi\u00e7\u00e3o que ocupa na sociedade. Qual \u00e9 o valor da vida para um cientista que cruza limites \u00e9ticos para tentar salvar pessoas ainda que tenha que perder outras no meio do caminho? Qual \u00e9 o valor da vida para um homem que quer manter a parceira viva e est\u00e1 disposto a comprar um rim no mercado ilegal? Ou qual \u00e9 o sentido da exist\u00eancia para algu\u00e9m que acorda 20 anos depois sem saber quem \u00e9? A obra \u00e9 complexa, densa, e tem v\u00e1rias quest\u00f5es morais e filos\u00f3ficas\u201d, enfatizou a autora.<\/p>\n<p>\u2705Valor da Vida vai ao ar de segunda a sexta-feira, \u00e0s 7h da manh\u00e3, com transmiss\u00e3o simult\u00e2nea no Band.com.br e no aplicativo Bandplay. O \u00e1udio original estar\u00e1 dispon\u00edvel por meio da tecla SAP.<br \/>\n<!--FIM--><\/p>\n<div class=\"fb-comments\" data-width=\"100%\" data-order-by=\"reverse_time\" data-numposts=\"5\"><\/div>\n<strong style=\"font-size: 120%;\">\u00daltimas not\u00edcias deste canal:<\/strong>\r\n<div class=\"pt-cv-wrapper\"><div class=\"pt-cv-view pt-cv-grid pt-cv-colsys\" id=\"pt-cv-view-90991035b3\"><div data-id=\"pt-cv-page-1\" class=\"pt-cv-page\" data-cvc=\"1\"><div class=\"col-md-12 col-sm-12 col-xs-12 pt-cv-content-item pt-cv-1-col\" ><div class='pt-cv-ifield'><h4 class=\"pt-cv-title\"><a href=\"https:\/\/www.tvnovelas.com.br\/tvnews\/coracao-de-mae-atilla-confronta-hasan-e-exige-o-divorcio-de-lale\/\" class=\"_self\" target=\"_self\" >Cora\u00e7\u00e3o de M\u00e3e: Atilla confronta Hasan e exige o div\u00f3rcio de Lale<\/a><\/h4><\/div><\/div>\n<div class=\"col-md-12 col-sm-12 col-xs-12 pt-cv-content-item pt-cv-1-col\" ><div class='pt-cv-ifield'><h4 class=\"pt-cv-title\"><a href=\"https:\/\/www.tvnovelas.com.br\/tvnews\/guerra-das-rosas-gulfem-coloca-gulru-contra-a-parede\/\" class=\"_self\" target=\"_self\" >Guerra das Rosas: Gulfem coloca Gulru contra a parede<\/a><\/h4><\/div><\/div>\n<div class=\"col-md-12 col-sm-12 col-xs-12 pt-cv-content-item pt-cv-1-col\" ><div class='pt-cv-ifield'><h4 class=\"pt-cv-title\"><a href=\"https:\/\/www.tvnovelas.com.br\/tvnews\/coracao-de-mae-atilla-diz-a-lale-que-quer-o-divorcio\/\" class=\"_self\" target=\"_self\" >Cora\u00e7\u00e3o de M\u00e3e: Atilla diz a Lale que quer o div\u00f3rcio<\/a><\/h4><\/div><\/div>\n<div class=\"col-md-12 col-sm-12 col-xs-12 pt-cv-content-item pt-cv-1-col\" ><div class='pt-cv-ifield'><h4 class=\"pt-cv-title\"><a href=\"https:\/\/www.tvnovelas.com.br\/tvnews\/a-nobreza-do-amor-mirinho-garante-noivado-com-virginia-para-atrair-sogro-a-negocio\/\" class=\"_self\" target=\"_self\" >A Nobreza do Amor: Mirinho garante noivado com Virg\u00ednia para atrair sogro a neg\u00f3cio<\/a><\/h4><\/div><\/div>\n<div class=\"col-md-12 col-sm-12 col-xs-12 pt-cv-content-item pt-cv-1-col\" ><div class='pt-cv-ifield'><h4 class=\"pt-cv-title\"><a href=\"https:\/\/www.tvnovelas.com.br\/tvnews\/tres-gracas-joaquim-propoe-fuga-a-arminda-com-o-dinheiro-das-tres-gracas\/\" class=\"_self\" target=\"_self\" >Tr\u00eas Gra\u00e7as:  Joaquim prop\u00f5e fuga a Arminda com o dinheiro das Tr\u00eas Gra\u00e7as<\/a><\/h4><\/div><\/div>\n<div class=\"col-md-12 col-sm-12 col-xs-12 pt-cv-content-item pt-cv-1-col\" ><div class='pt-cv-ifield'><h4 class=\"pt-cv-title\"><a href=\"https:\/\/www.tvnovelas.com.br\/tvnews\/coracao-de-mae-atilla-decide-abrir-o-jogo-com-karsu\/\" class=\"_self\" target=\"_self\" >Cora\u00e7\u00e3o de M\u00e3e: Atilla decide abrir o jogo com Karsu<\/a><\/h4><\/div><\/div>\n<div class=\"col-md-12 col-sm-12 col-xs-12 pt-cv-content-item pt-cv-1-col\" ><div class='pt-cv-ifield'><h4 class=\"pt-cv-title\"><a href=\"https:\/\/www.tvnovelas.com.br\/tvnews\/coracao-de-mae-adnan-e-preso-apos-denuncia-de-irmak\/\" class=\"_self\" target=\"_self\" >Em Cora\u00e7\u00e3o de M\u00e3e: Adnan \u00e9 preso ap\u00f3s denuncia de Irmak<\/a><\/h4><\/div><\/div>\n<div class=\"col-md-12 col-sm-12 col-xs-12 pt-cv-content-item pt-cv-1-col\" ><div class='pt-cv-ifield'><h4 class=\"pt-cv-title\"><a href=\"https:\/\/www.tvnovelas.com.br\/tvnews\/coracao-de-mae-atilla-forca-karsu-a-ouvir-suas-explicacoes\/\" class=\"_self\" target=\"_self\" >Cora\u00e7\u00e3o de M\u00e3e: Atilla for\u00e7a Karsu a ouvir suas explica\u00e7\u00f5es<\/a><\/h4><\/div><\/div>\n<div class=\"col-md-12 col-sm-12 col-xs-12 pt-cv-content-item pt-cv-1-col\" ><div class='pt-cv-ifield'><h4 class=\"pt-cv-title\"><a href=\"https:\/\/www.tvnovelas.com.br\/tvnews\/coracao-acelerado-mulher-choca-janete-ao-se-apresentar-como-amante-do-palhares\/\" class=\"_self\" target=\"_self\" >Cora\u00e7\u00e3o Acelerado: Mulher choca Janete ao se apresentar como amante do Palhares<\/a><\/h4><\/div><\/div>\n<div class=\"col-md-12 col-sm-12 col-xs-12 pt-cv-content-item pt-cv-1-col\" ><div class='pt-cv-ifield'><h4 class=\"pt-cv-title\"><a href=\"https:\/\/www.tvnovelas.com.br\/tvnews\/a-nobreza-do-amor-jendal-dobra-a-recompensa-por-alika\/\" class=\"_self\" target=\"_self\" >A Nobreza do Amor: Jendal dobra a recompensa por Alika<\/a><\/h4><\/div><\/div><\/div><\/div><\/div>\r\n<a href=\"https:\/\/www.tvnovelas.com.br\/novelas\/\"><strong>Confira os resumos da semana de todas novelas<\/strong><\/a><\/br>\r\n<h3>Confira tamb\u00e9m<\/h3>\r\n<a href=\"https:\/\/www.tvnovelas.com.br\/filmes\/\" target=\"_blank\" rel=\"noopener noreferrer\"><strong>Programa\u00e7\u00e3o de filmes na TV aberta<\/strong><\/a><\/br>\r\n<a href=\"https:\/\/caetenews.com.br\/semana\/filmes-da-globo-na-sessao-da-tarde-desta-semana\/\" target=\"_blank\" rel=\"noopener\"><strong>Confira os filmes da semana na Sess\u00e3o da Tarde<\/strong><\/a><\/br>\r\n<a href=\"https:\/\/www.tvnovelas.com.br\/novelas\/\" target=\"_blank\" rel=\"noopener noreferrer\"><strong>Resumos de novelas<\/strong><\/a><\/br>\r\n<a href=\"https:\/\/tvnovelas.com.br\/news\/mundo\/\" rel=\"noopener\" target=\"_blank\"><strong>News: Turismo, Cultura, Lazer e Entretenimento<\/strong><\/a>\n<p><a href=\"https:\/\/www.facebook.com\/tevenovelas\/\">\u00daltimas not\u00edcias do TV Novelas no Facebook<\/a><br \/>\n<a href=\"https:\/\/www.tvnovelas.com.br\/tvnews\/\" target=\"_blank\" rel=\"noopener\">As \u00faltimas not\u00edcias das novelas<\/a><\/p>\n","protected":false},"excerpt":{"rendered":"<p>Band exibe novela Valor da Vida \u00e0s 7 da manh\u00e3&#8230; A Band reapresenta a partir desta segunda-feira, dia 30 de junho, \u00e0s 7h da manh\u00e3, Valor da Vida, uma produ\u00e7\u00e3o gravada no Brasil, L\u00edbano e Portugal&#8230;<\/p>\n","protected":false},"author":1,"featured_media":77700,"comment_status":"closed","ping_status":"closed","sticky":false,"template":"","format":"standard","meta":{"_uf_show_specific_survey":0,"_uf_disable_surveys":false,"_jetpack_memberships_contains_paid_content":false,"footnotes":"","_wp_rev_ctl_limit":""},"categories":[922],"tags":[43,64,371],"class_list":["post-77703","post","type-post","status-publish","format-standard","has-post-thumbnail","hentry","category-valor-da-vida","tag-band","tag-novelas","tag-valor-da-vida","wpcat-922-id"],"aioseo_notices":[],"jetpack_featured_media_url":"https:\/\/i0.wp.com\/www.tvnovelas.com.br\/tvnews\/wp-content\/uploads\/2025\/06\/11409.jpg?fit=728%2C410&ssl=1","jetpack_shortlink":"https:\/\/wp.me\/pdP2BO-kdh","jetpack_sharing_enabled":true,"_links":{"self":[{"href":"https:\/\/www.tvnovelas.com.br\/tvnews\/wp-json\/wp\/v2\/posts\/77703","targetHints":{"allow":["GET"]}}],"collection":[{"href":"https:\/\/www.tvnovelas.com.br\/tvnews\/wp-json\/wp\/v2\/posts"}],"about":[{"href":"https:\/\/www.tvnovelas.com.br\/tvnews\/wp-json\/wp\/v2\/types\/post"}],"author":[{"embeddable":true,"href":"https:\/\/www.tvnovelas.com.br\/tvnews\/wp-json\/wp\/v2\/users\/1"}],"replies":[{"embeddable":true,"href":"https:\/\/www.tvnovelas.com.br\/tvnews\/wp-json\/wp\/v2\/comments?post=77703"}],"version-history":[{"count":1,"href":"https:\/\/www.tvnovelas.com.br\/tvnews\/wp-json\/wp\/v2\/posts\/77703\/revisions"}],"predecessor-version":[{"id":77704,"href":"https:\/\/www.tvnovelas.com.br\/tvnews\/wp-json\/wp\/v2\/posts\/77703\/revisions\/77704"}],"wp:featuredmedia":[{"embeddable":true,"href":"https:\/\/www.tvnovelas.com.br\/tvnews\/wp-json\/wp\/v2\/media\/77700"}],"wp:attachment":[{"href":"https:\/\/www.tvnovelas.com.br\/tvnews\/wp-json\/wp\/v2\/media?parent=77703"}],"wp:term":[{"taxonomy":"category","embeddable":true,"href":"https:\/\/www.tvnovelas.com.br\/tvnews\/wp-json\/wp\/v2\/categories?post=77703"},{"taxonomy":"post_tag","embeddable":true,"href":"https:\/\/www.tvnovelas.com.br\/tvnews\/wp-json\/wp\/v2\/tags?post=77703"}],"curies":[{"name":"wp","href":"https:\/\/api.w.org\/{rel}","templated":true}]}}