{"id":77728,"date":"2025-06-29T12:00:25","date_gmt":"2025-06-29T15:00:25","guid":{"rendered":"https:\/\/www.tvnovelas.com.br\/tvnews\/?p=77728"},"modified":"2025-07-01T08:47:38","modified_gmt":"2025-07-01T11:47:38","slug":"eta-mundo-melhor-filho-de-candinho-e-sequestrado-na-estreia","status":"publish","type":"post","link":"https:\/\/www.tvnovelas.com.br\/tvnews\/eta-mundo-melhor-filho-de-candinho-e-sequestrado-na-estreia\/","title":{"rendered":"\u00cata Mundo Melhor!: filho de Candinho \u00e9 sequestrado na estreia"},"content":{"rendered":"<figure id=\"attachment_77729\" aria-describedby=\"caption-attachment-77729\" style=\"width: 728px\" class=\"wp-caption alignnone\"><img data-recalc-dims=\"1\" decoding=\"async\" class=\"wp-image-77729 size-full\" title=\"(Foto: TV Globo\/\u00cata Mundo Melhor!)\" src=\"https:\/\/i0.wp.com\/www.tvnovelas.com.br\/tvnews\/wp-content\/uploads\/2025\/06\/11412.jpg?resize=728%2C409&#038;ssl=1\" alt=\"Foto em \u00cata Mundo Melhor!: filho de Candinho \u00e9 sequestrado na estreia\" width=\"728\" height=\"409\" srcset=\"https:\/\/i0.wp.com\/www.tvnovelas.com.br\/tvnews\/wp-content\/uploads\/2025\/06\/11412.jpg?w=728&amp;ssl=1 728w, https:\/\/i0.wp.com\/www.tvnovelas.com.br\/tvnews\/wp-content\/uploads\/2025\/06\/11412.jpg?resize=250%2C140&amp;ssl=1 250w\" sizes=\"(max-width: 728px) 100vw, 728px\" \/><figcaption id=\"caption-attachment-77729\" class=\"wp-caption-text\">\u00cata Mundo Melhor!: filho de Candinho \u00e9 sequestrado na estreia<\/figcaption><\/figure>\n<p>Em \u00cata Mundo Melhor! a nova saga de Candinho (Sergio Guiz\u00e9) em \u00cata Mundo Melhor! come\u00e7ar\u00e1 com um crime que deixar\u00e1 marcas por muito tempo na vida do caipira mais amado do Brasil. E o culpado \u00e9 um velho conhecido do p\u00fablico: Ernesto (Eriberto Le\u00e3o).<\/p>\n<p>Depois de ser dado como morto ao fim de \u00cata Mundo Bom! (2016), o vil\u00e3o ressurge com um plano maquiav\u00e9lico. No primeiro cap\u00edtulo da novela das 6, ele se junta com alguns capangas, vai at\u00e9 a mans\u00e3o de Candinho durante a madrugada e sequestra seu filho, Junior, para fugir com Fil\u00f3 (D\u00e9bora Nascimento, em \u00cata Mundo Bom!), m\u00e3e do menino.<\/p>\n<p>E quase sobra para Policarpo. Os capangas de Ernesto tentam roubar o burrinho, que come\u00e7a a zurrar, e Candinho escuta:<\/p>\n<p>&#8220;Depressa, esse burro vale ouro!&#8221;, ordena Ernesto.<\/p>\n<p>&#8220;Ningu\u00e9m rouba o Policarpo de mim! Socorro!&#8221;, grita Candinho ao flagrar a a\u00e7\u00e3o.<\/p>\n<p>Ernesto morreu em \u00cata Mundo Bom!? Entenda o retorno do vil\u00e3o em \u00cata Mundo Melhor!<\/p>\n<p>O caipira tamb\u00e9m se apavora ao ver que Ernesto, na verdade, est\u00e1 vivo. O vil\u00e3o aproveita para dizer que vai fugir com Fil\u00f3:<\/p>\n<p>&#8220;Pensei que tinha batido as bota, mas bicho ruim n\u00e3o morre! Cad\u00ea a Fil\u00f3?&#8221;<\/p>\n<p>&#8220;Fil\u00f3 vai fugir comigo! Ela me ama!&#8221;, responde Ernesto.<\/p>\n<p>&#8220;Isso que c\u00ea diz sobre Fil\u00f3 d\u00f3i no cora\u00e7\u00e3o deu. J\u00e1 lutei, fiz de tudo, mais Fil\u00f3 \u00e9 que nem cabrita teimosa que s\u00f3 faiz o que qu\u00e9. S\u00f3 qui nosso fio&#8230; Oc\u00ea num pode lev\u00e1 nosso minino!&#8221;<\/p>\n<p>&#8220;\u00c9 filho da Fil\u00f3 tamb\u00e9m. Ele vai comigo. Ela est\u00e1 me esperando em um lugar secreto.&#8221;<\/p>\n<p>Candinho lamenta que Fil\u00f3 tenha tomado a decis\u00e3o de fugir com Ernesto, que come\u00e7a a ir embora com o nen\u00e9m no colo. E mesmo tentando impedir, Candinho acaba contido pelos dois capangas e se desespera ao ver seu filho partir.<br \/>\n<!--FIM--><\/p>\n<h2>Coment\u00e1rios em Resumos de \u00cata Mundo Melhor!<\/h2>\n<div class=\"fb-comments\" data-width=\"100%\" data-order-by=\"reverse_time\" data-numposts=\"5\"><\/div>\n<h2>Saiba mais sobre \u00cata Mundo Melhor!:<\/h2>\n<blockquote><p><a href=\"https:\/\/tvnovelas.com.br\/page2\/arquivo\/eta-mundo-melhor-a-volta-de-candinho-e-policarpo\/&quot;\" target=\"_blank\" rel=\"noopener\"><strong>\u00cata Mundo Melhor!: A volta de Candinho e Policarpo<\/strong><\/a> (Sinopse)<\/p><\/blockquote>\n<h2>Outros resumos atualizados<\/h2>\n<div class=\"pt-cv-wrapper\">Erro: visualiza\u00e7\u00e3o <strong>662bf56ijm<\/strong> pode n\u00e3o existir<\/div>\n<h2>\u00daltimas not\u00edcias das novelas<\/h2>\n<p>[wp-rss-aggregator feeds=&#8221;todas&#8221;]<\/p>\n<h2>Mais:<\/h2>\n<p><a href=\"https:\/\/pt.wikipedia.org\/wiki\/%C3%8Ata_Mundo_Melhor!\" target=\"_blank\" rel=\"noopener\">Sobre \u00cata Mundo Melhor!, na Wikipedia<\/a><br \/>\n<a href=\"https:\/\/tvnovelas.com.br\/filmes\/filmes-na-tv-segunda\/\" target=\"_blank\" rel=\"noopener\">Confira a Programa\u00e7\u00e3o de Filmes na TV aberta<\/a><br \/>\n<a href=\"https:\/\/tvnovelas.com.br\/novelas\/\" target=\"_blank\" rel=\"noopener\">Resumos de todas as novelas<\/a><\/p>\n","protected":false},"excerpt":{"rendered":"<p>\u00cata Mundo Melhor!: filho de Candinho \u00e9 sequestrado&#8230;  Em \u00cata Mundo Melhor! a nova saga de Candinho (Sergio Guiz\u00e9) em \u00cata Mundo Melhor! come\u00e7ar\u00e1&#8230;<\/p>\n","protected":false},"author":1,"featured_media":77729,"comment_status":"closed","ping_status":"closed","sticky":false,"template":"","format":"standard","meta":{"_uf_show_specific_survey":0,"_uf_disable_surveys":false,"_jetpack_memberships_contains_paid_content":false,"footnotes":"","_wp_rev_ctl_limit":""},"categories":[920],"tags":[921,5,64],"class_list":["post-77728","post","type-post","status-publish","format-standard","has-post-thumbnail","hentry","category-eta-mundo-melhor","tag-eta-mundo-melhor","tag-globo","tag-novelas","wpcat-920-id"],"aioseo_notices":[],"jetpack_featured_media_url":"https:\/\/i0.wp.com\/www.tvnovelas.com.br\/tvnews\/wp-content\/uploads\/2025\/06\/11412.jpg?fit=728%2C409&ssl=1","jetpack_shortlink":"https:\/\/wp.me\/pdP2BO-kdG","jetpack_sharing_enabled":true,"_links":{"self":[{"href":"https:\/\/www.tvnovelas.com.br\/tvnews\/wp-json\/wp\/v2\/posts\/77728","targetHints":{"allow":["GET"]}}],"collection":[{"href":"https:\/\/www.tvnovelas.com.br\/tvnews\/wp-json\/wp\/v2\/posts"}],"about":[{"href":"https:\/\/www.tvnovelas.com.br\/tvnews\/wp-json\/wp\/v2\/types\/post"}],"author":[{"embeddable":true,"href":"https:\/\/www.tvnovelas.com.br\/tvnews\/wp-json\/wp\/v2\/users\/1"}],"replies":[{"embeddable":true,"href":"https:\/\/www.tvnovelas.com.br\/tvnews\/wp-json\/wp\/v2\/comments?post=77728"}],"version-history":[{"count":2,"href":"https:\/\/www.tvnovelas.com.br\/tvnews\/wp-json\/wp\/v2\/posts\/77728\/revisions"}],"predecessor-version":[{"id":77779,"href":"https:\/\/www.tvnovelas.com.br\/tvnews\/wp-json\/wp\/v2\/posts\/77728\/revisions\/77779"}],"wp:featuredmedia":[{"embeddable":true,"href":"https:\/\/www.tvnovelas.com.br\/tvnews\/wp-json\/wp\/v2\/media\/77729"}],"wp:attachment":[{"href":"https:\/\/www.tvnovelas.com.br\/tvnews\/wp-json\/wp\/v2\/media?parent=77728"}],"wp:term":[{"taxonomy":"category","embeddable":true,"href":"https:\/\/www.tvnovelas.com.br\/tvnews\/wp-json\/wp\/v2\/categories?post=77728"},{"taxonomy":"post_tag","embeddable":true,"href":"https:\/\/www.tvnovelas.com.br\/tvnews\/wp-json\/wp\/v2\/tags?post=77728"}],"curies":[{"name":"wp","href":"https:\/\/api.w.org\/{rel}","templated":true}]}}