{"id":77763,"date":"2025-06-30T12:23:31","date_gmt":"2025-06-30T15:23:31","guid":{"rendered":"https:\/\/www.tvnovelas.com.br\/tvnews\/?p=77763"},"modified":"2025-06-30T12:23:31","modified_gmt":"2025-06-30T15:23:31","slug":"o-rico-e-lazaro-asher-busca-melhores-condicoes-para-os-escravos","status":"publish","type":"post","link":"https:\/\/www.tvnovelas.com.br\/tvnews\/o-rico-e-lazaro-asher-busca-melhores-condicoes-para-os-escravos\/","title":{"rendered":"O Rico e L\u00e1zaro: Asher busca melhores condi\u00e7\u00f5es para os escravos"},"content":{"rendered":"<figure id=\"attachment_77764\" aria-describedby=\"caption-attachment-77764\" style=\"width: 728px\" class=\"wp-caption alignnone\"><img data-recalc-dims=\"1\" decoding=\"async\" class=\"wp-image-77764 size-full\" title=\"(Foto TV Record\/ O Rico e L\u00e1zaro)\" src=\"https:\/\/i0.wp.com\/www.tvnovelas.com.br\/tvnews\/wp-content\/uploads\/2025\/06\/11416.jpg?resize=728%2C410&#038;ssl=1\" alt=\"Foto em O Rico e L\u00e1zaro: Asher busca melhores condi\u00e7\u00f5es para os escravos\" width=\"728\" height=\"410\" srcset=\"https:\/\/i0.wp.com\/www.tvnovelas.com.br\/tvnews\/wp-content\/uploads\/2025\/06\/11416.jpg?w=728&amp;ssl=1 728w, https:\/\/i0.wp.com\/www.tvnovelas.com.br\/tvnews\/wp-content\/uploads\/2025\/06\/11416.jpg?resize=250%2C141&amp;ssl=1 250w\" sizes=\"(max-width: 728px) 100vw, 728px\" \/><figcaption id=\"caption-attachment-77764\" class=\"wp-caption-text\">O Rico e L\u00e1zaro: Asher busca melhores condi\u00e7\u00f5es para os escravos<\/figcaption><\/figure>\n<p>No cap\u00edtulo de O Rico e L\u00e1zaro desta segunda-feira, dia 30, Asher, se aproxima de Evil-Merodaque para tentar melhorar a situa\u00e7\u00e3o dos escravos na Babil\u00f4nia. Sensibilizado com o sofrimento do povo hebreu e ciente das injusti\u00e7as cometidas contra eles, Asher usa sua influ\u00eancia e intelig\u00eancia para conversar com o pr\u00edncipe, filho do rei Nabucodonosor. Ele exp\u00f5e as p\u00e9ssimas condi\u00e7\u00f5es a que os escravos est\u00e3o submetidos, mostrando a Evil-Merodaque como a crueldade e o abuso podem prejudicar a imagem do imp\u00e9rio e gerar revoltas.Surpreso e tocado com os argumentos de Asher, Evil-Merodaque come\u00e7a a enxergar a necessidade de mudan\u00e7as e se disp\u00f5e a avaliar formas de oferecer um tratamento mais digno aos escravizados. A cena \u00e9 marcada pela tens\u00e3o e pelo cuidado de Asher ao lidar com a corte, pois qualquer atitude precipitada poderia coloc\u00e1-lo em risco. Ainda assim, sua coragem e senso de justi\u00e7a prevalecem.<\/p>\n<p>O epis\u00f3dio tamb\u00e9m evidencia o contraste entre Evil-Merodaque e o rei Nabucodonosor, mostrando que o pr\u00edncipe possui uma vis\u00e3o mais humana e sens\u00edvel.<\/p>\n<p>Confira o resumo do cap\u00edtulo de hoje:<br \/>\nZac segue cada vez mais pressionado por suas escolhas e pelas consequ\u00eancias de suas atitudes no pal\u00e1cio. Ele tenta manter as apar\u00eancias diante da fam\u00edlia e de Asher, mas seus segredos come\u00e7am a pesar. Asher, por sua vez, desconfia de algumas atitudes de Zac e decide ficar atento. Joana sofre com a saudade de Asher e o medo de que algo aconte\u00e7a com ele. No pal\u00e1cio, Nebuzarad\u00e3 continua com seus planos cru\u00e9is, enquanto Sammu-Ramat manipula os acontecimentos em benef\u00edcio pr\u00f3prio. O clima entre os hebreus na Babil\u00f4nia fica tenso, e os justos continuam firmes em ora\u00e7\u00e3o, aguardando a liberta\u00e7\u00e3o prometida por Deus.<\/p>\n<div class=\"fb-comments\" data-width=\"100%\" data-order-by=\"reverse_time\" data-numposts=\"5\"><\/div>\n<h2>Saiba mais:<\/h2>\n<p><a href=\"https:\/\/tvnovelas.com.br\/filmes\/filmes-na-tv-segunda\/\" target=\"_blank\" rel=\"noopener\">Confira a Programa\u00e7\u00e3o de Filmes na TV aberta<\/a><br \/>\n<a href=\"https:\/\/www.facebook.com\/tevenovelas\/\" target=\"_blank\" rel=\"noopener\">As \u00faltimas not\u00edcias do TV Novelas no Facebook<\/a><br \/>\n<a href=\"https:\/\/tvnovelas.com.br\/novelas\/\">O que acontece nas outras novelas<\/a><\/p>\n<h2>\u00daltimas not\u00edcias das novelas<\/h2>\n<p>[wp-rss-aggregator feeds=&#8221;todas&#8221;]<\/p>\n<\/div>\n","protected":false},"excerpt":{"rendered":"<p>O Rico e L\u00e1zaro: Asher busca melhores&#8230; No cap\u00edtulo de O Rico e L\u00e1zaro desta segunda-feira, dia 30, Asher, se aproxima de Evil-Merodaque para tentar melhorar<\/p>\n","protected":false},"author":1,"featured_media":77764,"comment_status":"closed","ping_status":"closed","sticky":false,"template":"","format":"standard","meta":{"_uf_show_specific_survey":0,"_uf_disable_surveys":false,"_jetpack_memberships_contains_paid_content":false,"footnotes":"","_wp_rev_ctl_limit":""},"categories":[912],"tags":[64,52,14],"class_list":["post-77763","post","type-post","status-publish","format-standard","has-post-thumbnail","hentry","category-o-rico-e-lazaro","tag-novelas","tag-o-rico-e-lazaro","tag-record","wpcat-912-id"],"aioseo_notices":[],"jetpack_featured_media_url":"https:\/\/i0.wp.com\/www.tvnovelas.com.br\/tvnews\/wp-content\/uploads\/2025\/06\/11416.jpg?fit=728%2C410&ssl=1","jetpack_shortlink":"https:\/\/wp.me\/pdP2BO-kef","jetpack_sharing_enabled":true,"_links":{"self":[{"href":"https:\/\/www.tvnovelas.com.br\/tvnews\/wp-json\/wp\/v2\/posts\/77763","targetHints":{"allow":["GET"]}}],"collection":[{"href":"https:\/\/www.tvnovelas.com.br\/tvnews\/wp-json\/wp\/v2\/posts"}],"about":[{"href":"https:\/\/www.tvnovelas.com.br\/tvnews\/wp-json\/wp\/v2\/types\/post"}],"author":[{"embeddable":true,"href":"https:\/\/www.tvnovelas.com.br\/tvnews\/wp-json\/wp\/v2\/users\/1"}],"replies":[{"embeddable":true,"href":"https:\/\/www.tvnovelas.com.br\/tvnews\/wp-json\/wp\/v2\/comments?post=77763"}],"version-history":[{"count":1,"href":"https:\/\/www.tvnovelas.com.br\/tvnews\/wp-json\/wp\/v2\/posts\/77763\/revisions"}],"predecessor-version":[{"id":77765,"href":"https:\/\/www.tvnovelas.com.br\/tvnews\/wp-json\/wp\/v2\/posts\/77763\/revisions\/77765"}],"wp:featuredmedia":[{"embeddable":true,"href":"https:\/\/www.tvnovelas.com.br\/tvnews\/wp-json\/wp\/v2\/media\/77764"}],"wp:attachment":[{"href":"https:\/\/www.tvnovelas.com.br\/tvnews\/wp-json\/wp\/v2\/media?parent=77763"}],"wp:term":[{"taxonomy":"category","embeddable":true,"href":"https:\/\/www.tvnovelas.com.br\/tvnews\/wp-json\/wp\/v2\/categories?post=77763"},{"taxonomy":"post_tag","embeddable":true,"href":"https:\/\/www.tvnovelas.com.br\/tvnews\/wp-json\/wp\/v2\/tags?post=77763"}],"curies":[{"name":"wp","href":"https:\/\/api.w.org\/{rel}","templated":true}]}}