{"id":77782,"date":"2025-07-01T09:10:17","date_gmt":"2025-07-01T12:10:17","guid":{"rendered":"https:\/\/www.tvnovelas.com.br\/tvnews\/?p=77782"},"modified":"2025-07-01T09:10:17","modified_gmt":"2025-07-01T12:10:17","slug":"eta-mundo-melhor-celso-encontra-o-filho-perdido-de-candinho","status":"publish","type":"post","link":"https:\/\/www.tvnovelas.com.br\/tvnews\/eta-mundo-melhor-celso-encontra-o-filho-perdido-de-candinho\/","title":{"rendered":"\u00cata Mundo Melhor!: Celso encontra o filho perdido de Candinho"},"content":{"rendered":"<figure id=\"attachment_77783\" aria-describedby=\"caption-attachment-77783\" style=\"width: 728px\" class=\"wp-caption alignnone\"><img data-recalc-dims=\"1\" decoding=\"async\" class=\"wp-image-77783 size-full\" title=\"(Foto: TV Globo\/\u00cata Mundo Melhor!)\" src=\"https:\/\/i0.wp.com\/www.tvnovelas.com.br\/tvnews\/wp-content\/uploads\/2025\/07\/11419.jpg?resize=728%2C409&#038;ssl=1\" alt=\"Foto em \u00cata Mundo Melhor!: Celso encontra o filho perdido de Candinho\" width=\"728\" height=\"409\" srcset=\"https:\/\/i0.wp.com\/www.tvnovelas.com.br\/tvnews\/wp-content\/uploads\/2025\/07\/11419.jpg?w=728&amp;ssl=1 728w, https:\/\/i0.wp.com\/www.tvnovelas.com.br\/tvnews\/wp-content\/uploads\/2025\/07\/11419.jpg?resize=250%2C140&amp;ssl=1 250w\" sizes=\"(max-width: 728px) 100vw, 728px\" \/><figcaption id=\"caption-attachment-77783\" class=\"wp-caption-text\">\u00cata Mundo Melhor!: Celso encontra o filho perdido de Candinho<\/figcaption><\/figure>\n<p>Em \u00cata Mundo Melhor!, o sequestro de J\u00fanior, filho de Candinho (Sergio Guiz\u00e9), foi um baque para todos. O beb\u00ea foi raptado por Ernesto (Eriberto Le\u00e3o), que iria fugir com Fil\u00f3 (D\u00e9bora Nascimento, em \u00cata Mundo Bom!). Mas, com a morte dela em um inc\u00eandio, o plano de fuga deu errado, e o vil\u00e3o se desfez do menino, que acabou indo parar nos bra\u00e7os de Zulma (Heloisa P\u00e9riss\u00e9), dona do orfanato Casa dos Anjos.<\/p>\n<p>Mas, surgir\u00e1 uma luz no fim do t\u00fanel. Celso (Rainer Cadete) vai encontrar o beb\u00ea de Candinho!<\/p>\n<p>Tudo come\u00e7a quando ele decide ir \u00e0 igreja fazer algumas ora\u00e7\u00f5es. L\u00e1, se depara com Zulma, que est\u00e1 pedindo esmolas com o beb\u00ea a tiracolo:<\/p>\n<p>&#8220;Uma ajuda por tudo que \u00e9 mais sagrado. Esse menino n\u00e3o come h\u00e1 dois dias&#8221;, diz a golpista a Celso.<\/p>\n<p>Nesse momento, Celso repara a marca de nascen\u00e7a do menino e conclui que se trata do filho de Candinho:<\/p>\n<p>&#8220;Espere ai. Onde foi que arrumou esse menino?&#8221;<\/p>\n<p>Zulma, ent\u00e3o, percebe que entrou numa fria.<br \/>\n<!--FIM--><\/p>\n<h2>Coment\u00e1rios em Resumos de \u00cata Mundo Melhor!<\/h2>\n<div class=\"fb-comments\" data-width=\"100%\" data-order-by=\"reverse_time\" data-numposts=\"5\"><\/div>\n<h2>Saiba mais sobre \u00cata Mundo Melhor!:<\/h2>\n<blockquote><p><a href=\"https:\/\/tvnovelas.com.br\/page2\/arquivo\/eta-mundo-melhor-a-volta-de-candinho-e-policarpo\/&quot;\" target=\"_blank\" rel=\"noopener\"><strong>\u00cata Mundo Melhor!: A volta de Candinho e Policarpo<\/strong><\/a> (Sinopse)<\/p><\/blockquote>\n<h2>Outros resumos atualizados<\/h2>\n<div class=\"pt-cv-wrapper\">Erro: visualiza\u00e7\u00e3o <strong>662bf56ijm<\/strong> pode n\u00e3o existir<\/div>\n<h2>\u00daltimas not\u00edcias das novelas<\/h2>\n<p>[wp-rss-aggregator feeds=&#8221;todas&#8221;]<\/p>\n<h2>Mais:<\/h2>\n<p><a href=\"https:\/\/pt.wikipedia.org\/wiki\/%C3%8Ata_Mundo_Melhor!\" target=\"_blank\" rel=\"noopener\">Sobre \u00cata Mundo Melhor!, na Wikipedia<\/a><br \/>\n<a href=\"https:\/\/tvnovelas.com.br\/filmes\/filmes-na-tv-segunda\/\" target=\"_blank\" rel=\"noopener\">Confira a Programa\u00e7\u00e3o de Filmes na TV aberta<\/a><br \/>\n<a href=\"https:\/\/tvnovelas.com.br\/novelas\/\" target=\"_blank\" rel=\"noopener\">Resumos de todas as novelas<\/a><\/p>\n","protected":false},"excerpt":{"rendered":"<p>\u00cata Mundo Melhor!: Celso encontra o filho&#8230; Em \u00cata Mundo Melhor!, o sequestro de J\u00fanior, filho de Candinho (Sergio Guiz\u00e9), foi um baque para todo&#8230;<\/p>\n","protected":false},"author":1,"featured_media":77783,"comment_status":"closed","ping_status":"closed","sticky":false,"template":"","format":"standard","meta":{"_uf_show_specific_survey":0,"_uf_disable_surveys":false,"_jetpack_memberships_contains_paid_content":false,"footnotes":"","_wp_rev_ctl_limit":""},"categories":[920],"tags":[921,5,64],"class_list":["post-77782","post","type-post","status-publish","format-standard","has-post-thumbnail","hentry","category-eta-mundo-melhor","tag-eta-mundo-melhor","tag-globo","tag-novelas","wpcat-920-id"],"aioseo_notices":[],"jetpack_featured_media_url":"https:\/\/i0.wp.com\/www.tvnovelas.com.br\/tvnews\/wp-content\/uploads\/2025\/07\/11419.jpg?fit=728%2C409&ssl=1","jetpack_shortlink":"https:\/\/wp.me\/pdP2BO-key","jetpack_sharing_enabled":true,"_links":{"self":[{"href":"https:\/\/www.tvnovelas.com.br\/tvnews\/wp-json\/wp\/v2\/posts\/77782","targetHints":{"allow":["GET"]}}],"collection":[{"href":"https:\/\/www.tvnovelas.com.br\/tvnews\/wp-json\/wp\/v2\/posts"}],"about":[{"href":"https:\/\/www.tvnovelas.com.br\/tvnews\/wp-json\/wp\/v2\/types\/post"}],"author":[{"embeddable":true,"href":"https:\/\/www.tvnovelas.com.br\/tvnews\/wp-json\/wp\/v2\/users\/1"}],"replies":[{"embeddable":true,"href":"https:\/\/www.tvnovelas.com.br\/tvnews\/wp-json\/wp\/v2\/comments?post=77782"}],"version-history":[{"count":1,"href":"https:\/\/www.tvnovelas.com.br\/tvnews\/wp-json\/wp\/v2\/posts\/77782\/revisions"}],"predecessor-version":[{"id":77784,"href":"https:\/\/www.tvnovelas.com.br\/tvnews\/wp-json\/wp\/v2\/posts\/77782\/revisions\/77784"}],"wp:featuredmedia":[{"embeddable":true,"href":"https:\/\/www.tvnovelas.com.br\/tvnews\/wp-json\/wp\/v2\/media\/77783"}],"wp:attachment":[{"href":"https:\/\/www.tvnovelas.com.br\/tvnews\/wp-json\/wp\/v2\/media?parent=77782"}],"wp:term":[{"taxonomy":"category","embeddable":true,"href":"https:\/\/www.tvnovelas.com.br\/tvnews\/wp-json\/wp\/v2\/categories?post=77782"},{"taxonomy":"post_tag","embeddable":true,"href":"https:\/\/www.tvnovelas.com.br\/tvnews\/wp-json\/wp\/v2\/tags?post=77782"}],"curies":[{"name":"wp","href":"https:\/\/api.w.org\/{rel}","templated":true}]}}