{"id":77813,"date":"2025-07-01T13:11:48","date_gmt":"2025-07-01T16:11:48","guid":{"rendered":"https:\/\/www.tvnovelas.com.br\/tvnews\/?p=77813"},"modified":"2025-07-01T13:11:48","modified_gmt":"2025-07-01T16:11:48","slug":"paulo-o-apostolo-estreia-segunda-dia-7-na-record","status":"publish","type":"post","link":"https:\/\/www.tvnovelas.com.br\/tvnews\/paulo-o-apostolo-estreia-segunda-dia-7-na-record\/","title":{"rendered":"&#8216;Paulo, O Ap\u00f3stolo&#8217; estreia segunda, dia 7, na Record"},"content":{"rendered":"<figure id=\"attachment_77814\" aria-describedby=\"caption-attachment-77814\" style=\"width: 728px\" class=\"wp-caption alignnone\"><img data-recalc-dims=\"1\" decoding=\"async\" class=\"wp-image-77814 size-full\" title=\"(Foto: Seriella Productions\/Record)\" src=\"https:\/\/i0.wp.com\/www.tvnovelas.com.br\/tvnews\/wp-content\/uploads\/2025\/07\/11424.jpg?resize=728%2C410&#038;ssl=1\" alt=\"Foto em 'Paulo, O Ap\u00f3stolo' estreia segunda, dia 7, na Record\" width=\"728\" height=\"410\" srcset=\"https:\/\/i0.wp.com\/www.tvnovelas.com.br\/tvnews\/wp-content\/uploads\/2025\/07\/11424.jpg?w=728&amp;ssl=1 728w, https:\/\/i0.wp.com\/www.tvnovelas.com.br\/tvnews\/wp-content\/uploads\/2025\/07\/11424.jpg?resize=250%2C141&amp;ssl=1 250w\" sizes=\"(max-width: 728px) 100vw, 728px\" \/><figcaption id=\"caption-attachment-77814\" class=\"wp-caption-text\">&#8216;Paulo, O Ap\u00f3stolo&#8217; estreia segunda, dia 7, na Record<\/figcaption><\/figure>\n<p>Na segunda-feira (07\/07), \u00e0s 21h, a programa\u00e7\u00e3o da Record estreia a s\u00e9rie &#8216;Paulo, O Ap\u00f3stolo&#8217;. A s\u00e9rie, em 50 epis\u00f3dios, traz a hist\u00f3ria do precursor do cristianismo de forma in\u00e9dita e empolgante.<\/p>\n<p>A trama narra a jornada de Saulo de Tarso (Murilo C\u00e9zar), um jovem fariseu fervoroso que, ap\u00f3s um encontro inesperado, tem sua vida transformada para sempre. Em Jerusal\u00e9m, Saulo se depara com o r\u00e1pido crescimento dos seguidores de Jesus entre os judeus. A indigna\u00e7\u00e3o do rapaz aumenta ao descobrir que sua noiva, Gabriela (Anna Melo) \u2014 mo\u00e7a doce, mas firme em suas convic\u00e7\u00f5es \u2014 tamb\u00e9m abra\u00e7ou essa f\u00e9, com o apoio de seu pai, Gamaliel (Leo Franco), o s\u00e1bio e respeitado l\u00edder do Sin\u00e9drio, al\u00e9m de mentor de Saulo.<\/p>\n<p>No auge de sua revolta, Saulo encontra no ambicioso e calculista Caif\u00e1s (Floriano Peixoto), sumo sacerdote do Templo, com uma proposta que se alinha \u00e0 sua sede por justi\u00e7a: tornar-se o l\u00edder da persegui\u00e7\u00e3o contra os seguidores de Jesus. Convicto de estar cumprindo a vontade de Deus, Saulo mergulha em uma cruzada violenta, ca\u00e7ando ferozmente os admiradores do Nazareno.<\/p>\n<p>No entanto, quando est\u00e1 a caminho de Damasco para perseguir crist\u00e3os, o jovem fariseu tem uma experi\u00eancia sobrenatural e \u00e9 confrontado por Jesus. A partir desse encontro, sua vida muda radicalmente:<br \/>\nde perseguidor, ele se torna um dos maiores defensores da f\u00e9 crist\u00e3. Paulo enfrenta a desconfian\u00e7a dos ap\u00f3stolos, persegui\u00e7\u00f5es dos l\u00edderes judeus e a opress\u00e3o romana, mas segue firme, levando adiante a mensagem que antes tentava destruir.<\/p>\n<p>Rode (Michele Batista), a teimosa e vol\u00e1til irm\u00e3 de Paulo, traz uma camada de complexidade familiar, contrastando com o carism\u00e1tico e resoluto Pedro (Mac\u00e9u Pierrotti), l\u00edder dos ap\u00f3stolos. A amizade leal de Lucas (Caio Menck), o m\u00e9dico e historiador, e o v\u00ednculo paternal de Paulo com Tim\u00f3teo (Jo\u00e3o Fernandes), seu querido &#8220;filho espiritual&#8221;, acrescentam profundidade e humanidade \u00e0 trama. Al\u00e9m disso, figuras hist\u00f3ricas poderosas emergem, influenciando o destino de Paulo e do Cristianismo: Herodes Agripa (Cirillo Luna), o pr\u00edncipe calculista de Israel; Nero (Enzo Ciolini), o imperador de temperamento explosivo, dominado pela influ\u00eancia sutil e sombria de sua m\u00e3e, Agripina (Rosanne Mulholland); e Pop\u00e9ia (Emily Matte), a imperatriz cuja ambi\u00e7\u00e3o n\u00e3o conhece limites.<\/p>\n<p>Com mais de 400 atores envolvidos, Paulo, O Ap\u00f3stolo, escrita por Cristiane Cardoso, tem dire\u00e7\u00e3o geral de Leo Miranda, e promete uma produ\u00e7\u00e3o \u00e9pica gravada em loca\u00e7\u00f5es incr\u00edveis como Petr\u00f3polis (RJ) e Milho Verde (MG), al\u00e9m de Torres e Cambar\u00e1 do Sul, na Serra Ga\u00facha.<br \/>\n<!--FIM--><\/p>\n<div class=\"fb-comments\" data-width=\"100%\" data-order-by=\"reverse_time\" data-numposts=\"5\"><\/div>\n<p><strong style=\"font-size: 120%;\">\u00daltimas not\u00edcias deste canal:<\/strong>\r\n<div class=\"pt-cv-wrapper\"><div class=\"pt-cv-view pt-cv-grid pt-cv-colsys\" id=\"pt-cv-view-90991035b3\"><div data-id=\"pt-cv-page-1\" class=\"pt-cv-page\" data-cvc=\"1\"><div class=\"col-md-12 col-sm-12 col-xs-12 pt-cv-content-item pt-cv-1-col\" ><div class='pt-cv-ifield'><h4 class=\"pt-cv-title\"><a href=\"https:\/\/www.tvnovelas.com.br\/tvnews\/coracao-de-mae-reha-sai-para-jantar-com-selvi\/\" class=\"_self\" target=\"_self\" >Cora\u00e7\u00e3o de M\u00e3e: Reha sai para jantar com Selvi<\/a><\/h4><\/div><\/div>\n<div class=\"col-md-12 col-sm-12 col-xs-12 pt-cv-content-item pt-cv-1-col\" ><div class='pt-cv-ifield'><h4 class=\"pt-cv-title\"><a href=\"https:\/\/www.tvnovelas.com.br\/tvnews\/coracao-acelerado-zila-se-preocupa-com-sua-situacao-apos-separacao\/\" class=\"_self\" target=\"_self\" >Cora\u00e7\u00e3o Acelerado: Zil\u00e1 se preocupa com sua situa\u00e7\u00e3o ap\u00f3s separa\u00e7\u00e3o<\/a><\/h4><\/div><\/div>\n<div class=\"col-md-12 col-sm-12 col-xs-12 pt-cv-content-item pt-cv-1-col\" ><div class='pt-cv-ifield'><h4 class=\"pt-cv-title\"><a href=\"https:\/\/www.tvnovelas.com.br\/tvnews\/a-nobreza-do-amor-tonho-nao-se-curva-diante-de-mirinho\/\" class=\"_self\" target=\"_self\" >A Nobreza do Amor: Tonho n\u00e3o se curva diante de Mirinho<\/a><\/h4><\/div><\/div>\n<div class=\"col-md-12 col-sm-12 col-xs-12 pt-cv-content-item pt-cv-1-col\" ><div class='pt-cv-ifield'><h4 class=\"pt-cv-title\"><a href=\"https:\/\/www.tvnovelas.com.br\/tvnews\/tres-gracas-arminda-surta-ao-confirmar-que-ferette-e-pai-de-raul\/\" class=\"_self\" target=\"_self\" >Tr\u00eas Gra\u00e7as:  Arminda surta ao confirmar que Ferette \u00e9 pai de Raul<\/a><\/h4><\/div><\/div>\n<div class=\"col-md-12 col-sm-12 col-xs-12 pt-cv-content-item pt-cv-1-col\" ><div class='pt-cv-ifield'><h4 class=\"pt-cv-title\"><a href=\"https:\/\/www.tvnovelas.com.br\/tvnews\/coracao-de-mae-atilla-confronta-hasan-e-exige-o-divorcio-de-lale\/\" class=\"_self\" target=\"_self\" >Cora\u00e7\u00e3o de M\u00e3e: Atilla confronta Hasan e exige o div\u00f3rcio de Lale<\/a><\/h4><\/div><\/div>\n<div class=\"col-md-12 col-sm-12 col-xs-12 pt-cv-content-item pt-cv-1-col\" ><div class='pt-cv-ifield'><h4 class=\"pt-cv-title\"><a href=\"https:\/\/www.tvnovelas.com.br\/tvnews\/guerra-das-rosas-gulfem-coloca-gulru-contra-a-parede\/\" class=\"_self\" target=\"_self\" >Guerra das Rosas: Gulfem coloca Gulru contra a parede<\/a><\/h4><\/div><\/div>\n<div class=\"col-md-12 col-sm-12 col-xs-12 pt-cv-content-item pt-cv-1-col\" ><div class='pt-cv-ifield'><h4 class=\"pt-cv-title\"><a href=\"https:\/\/www.tvnovelas.com.br\/tvnews\/coracao-de-mae-atilla-diz-a-lale-que-quer-o-divorcio\/\" class=\"_self\" target=\"_self\" >Cora\u00e7\u00e3o de M\u00e3e: Atilla diz a Lale que quer o div\u00f3rcio<\/a><\/h4><\/div><\/div>\n<div class=\"col-md-12 col-sm-12 col-xs-12 pt-cv-content-item pt-cv-1-col\" ><div class='pt-cv-ifield'><h4 class=\"pt-cv-title\"><a href=\"https:\/\/www.tvnovelas.com.br\/tvnews\/a-nobreza-do-amor-mirinho-garante-noivado-com-virginia-para-atrair-sogro-a-negocio\/\" class=\"_self\" target=\"_self\" >A Nobreza do Amor: Mirinho garante noivado com Virg\u00ednia para atrair sogro a neg\u00f3cio<\/a><\/h4><\/div><\/div>\n<div class=\"col-md-12 col-sm-12 col-xs-12 pt-cv-content-item pt-cv-1-col\" ><div class='pt-cv-ifield'><h4 class=\"pt-cv-title\"><a href=\"https:\/\/www.tvnovelas.com.br\/tvnews\/tres-gracas-joaquim-propoe-fuga-a-arminda-com-o-dinheiro-das-tres-gracas\/\" class=\"_self\" target=\"_self\" >Tr\u00eas Gra\u00e7as:  Joaquim prop\u00f5e fuga a Arminda com o dinheiro das Tr\u00eas Gra\u00e7as<\/a><\/h4><\/div><\/div>\n<div class=\"col-md-12 col-sm-12 col-xs-12 pt-cv-content-item pt-cv-1-col\" ><div class='pt-cv-ifield'><h4 class=\"pt-cv-title\"><a href=\"https:\/\/www.tvnovelas.com.br\/tvnews\/coracao-de-mae-atilla-decide-abrir-o-jogo-com-karsu\/\" class=\"_self\" target=\"_self\" >Cora\u00e7\u00e3o de M\u00e3e: Atilla decide abrir o jogo com Karsu<\/a><\/h4><\/div><\/div><\/div><\/div><\/div>\r\n<a href=\"https:\/\/www.tvnovelas.com.br\/novelas\/\"><strong>Confira os resumos da semana de todas novelas<\/strong><\/a><\/br>\r\n<h3>Confira tamb\u00e9m<\/h3>\r\n<a href=\"https:\/\/www.tvnovelas.com.br\/filmes\/\" target=\"_blank\" rel=\"noopener noreferrer\"><strong>Programa\u00e7\u00e3o de filmes na TV aberta<\/strong><\/a><\/br>\r\n<a href=\"https:\/\/caetenews.com.br\/semana\/filmes-da-globo-na-sessao-da-tarde-desta-semana\/\" target=\"_blank\" rel=\"noopener\"><strong>Confira os filmes da semana na Sess\u00e3o da Tarde<\/strong><\/a><\/br>\r\n<a href=\"https:\/\/www.tvnovelas.com.br\/novelas\/\" target=\"_blank\" rel=\"noopener noreferrer\"><strong>Resumos de novelas<\/strong><\/a><\/br>\r\n<a href=\"https:\/\/tvnovelas.com.br\/news\/mundo\/\" rel=\"noopener\" target=\"_blank\"><strong>News: Turismo, Cultura, Lazer e Entretenimento<\/strong><\/a><br \/>\n<a href=\"https:\/\/www.facebook.com\/tevenovelas\/\">\u00daltimas not\u00edcias do TV Novelas no Facebook<\/a><br \/>\n<a href=\"https:\/\/www.tvnovelas.com.br\/tvnews\/\" target=\"_blank\" rel=\"noopener\">As \u00faltimas not\u00edcias das novelas<\/a><\/p>\n","protected":false},"excerpt":{"rendered":"<p>Na segunda-feira (07\/07), \u00e0s 21h, a programa\u00e7\u00e3o da Record estreia a s\u00e9rie &#8216;Paulo, O Ap\u00f3stolo&#8217;. A s\u00e9rie, em 50 epis\u00f3dios, traz a hist\u00f3ria do precursor do cristianismo de forma in\u00e9dita e empolgante.<\/p>\n","protected":false},"author":1,"featured_media":77814,"comment_status":"closed","ping_status":"closed","sticky":false,"template":"","format":"standard","meta":{"_uf_show_specific_survey":0,"_uf_disable_surveys":false,"_jetpack_memberships_contains_paid_content":false,"footnotes":"","_wp_rev_ctl_limit":""},"categories":[353],"tags":[64,928,927,14],"class_list":["post-77813","post","type-post","status-publish","format-standard","has-post-thumbnail","hentry","category-resumos-de-novelas","tag-novelas","tag-o-apostolo","tag-paulo","tag-record","wpcat-353-id"],"aioseo_notices":[],"jetpack_featured_media_url":"https:\/\/i0.wp.com\/www.tvnovelas.com.br\/tvnews\/wp-content\/uploads\/2025\/07\/11424.jpg?fit=728%2C410&ssl=1","jetpack_shortlink":"https:\/\/wp.me\/pdP2BO-kf3","jetpack_sharing_enabled":true,"_links":{"self":[{"href":"https:\/\/www.tvnovelas.com.br\/tvnews\/wp-json\/wp\/v2\/posts\/77813","targetHints":{"allow":["GET"]}}],"collection":[{"href":"https:\/\/www.tvnovelas.com.br\/tvnews\/wp-json\/wp\/v2\/posts"}],"about":[{"href":"https:\/\/www.tvnovelas.com.br\/tvnews\/wp-json\/wp\/v2\/types\/post"}],"author":[{"embeddable":true,"href":"https:\/\/www.tvnovelas.com.br\/tvnews\/wp-json\/wp\/v2\/users\/1"}],"replies":[{"embeddable":true,"href":"https:\/\/www.tvnovelas.com.br\/tvnews\/wp-json\/wp\/v2\/comments?post=77813"}],"version-history":[{"count":1,"href":"https:\/\/www.tvnovelas.com.br\/tvnews\/wp-json\/wp\/v2\/posts\/77813\/revisions"}],"predecessor-version":[{"id":77815,"href":"https:\/\/www.tvnovelas.com.br\/tvnews\/wp-json\/wp\/v2\/posts\/77813\/revisions\/77815"}],"wp:featuredmedia":[{"embeddable":true,"href":"https:\/\/www.tvnovelas.com.br\/tvnews\/wp-json\/wp\/v2\/media\/77814"}],"wp:attachment":[{"href":"https:\/\/www.tvnovelas.com.br\/tvnews\/wp-json\/wp\/v2\/media?parent=77813"}],"wp:term":[{"taxonomy":"category","embeddable":true,"href":"https:\/\/www.tvnovelas.com.br\/tvnews\/wp-json\/wp\/v2\/categories?post=77813"},{"taxonomy":"post_tag","embeddable":true,"href":"https:\/\/www.tvnovelas.com.br\/tvnews\/wp-json\/wp\/v2\/tags?post=77813"}],"curies":[{"name":"wp","href":"https:\/\/api.w.org\/{rel}","templated":true}]}}