{"id":77843,"date":"2025-07-02T09:36:02","date_gmt":"2025-07-02T12:36:02","guid":{"rendered":"https:\/\/www.tvnovelas.com.br\/tvnews\/?p=77843"},"modified":"2025-07-02T09:36:02","modified_gmt":"2025-07-02T12:36:02","slug":"eta-mundo-melhor-sandra-expoe-plano-macabro-contra-filho-de-candinho","status":"publish","type":"post","link":"https:\/\/www.tvnovelas.com.br\/tvnews\/eta-mundo-melhor-sandra-expoe-plano-macabro-contra-filho-de-candinho\/","title":{"rendered":"\u00cata Mundo Melhor!: Sandra exp\u00f5e plano macabro contra filho de Candinho"},"content":{"rendered":"<figure id=\"attachment_77844\" aria-describedby=\"caption-attachment-77844\" style=\"width: 728px\" class=\"wp-caption alignnone\"><img data-recalc-dims=\"1\" decoding=\"async\" class=\"wp-image-77844 size-full\" title=\"(Foto: TV Globo\/\u00cata Mundo Melhor!)\" src=\"https:\/\/i0.wp.com\/www.tvnovelas.com.br\/tvnews\/wp-content\/uploads\/2025\/07\/11429.jpg?resize=728%2C410&#038;ssl=1\" alt=\"Foto em \u00cata Mundo Melhor!: Sandra exp\u00f5e plano macabro contra filho de Candinho\" width=\"728\" height=\"410\" srcset=\"https:\/\/i0.wp.com\/www.tvnovelas.com.br\/tvnews\/wp-content\/uploads\/2025\/07\/11429.jpg?w=728&amp;ssl=1 728w, https:\/\/i0.wp.com\/www.tvnovelas.com.br\/tvnews\/wp-content\/uploads\/2025\/07\/11429.jpg?resize=250%2C141&amp;ssl=1 250w\" sizes=\"(max-width: 728px) 100vw, 728px\" \/><figcaption id=\"caption-attachment-77844\" class=\"wp-caption-text\">\u00cata Mundo Melhor!: Sandra exp\u00f5e plano macabro contra filho de Candinho<\/figcaption><\/figure>\n<p>Em \u00cata Mundo Melhor!, se engana quem pensa que o tempo na cadeia pode ter amolecido o cora\u00e7\u00e3o de Sandra (Fl\u00e1via Alessandra).Ela vai aterrorizar Celso (Rainer Cadete) com um plano macabro contra o filho de Candinho (Sergio Guiz\u00e9).<\/p>\n<p>Tudo come\u00e7a quando Celso conta \u00e0 irm\u00e3 que encontrou o beb\u00ea no colo de Zulma (Heloisa P\u00e9riss\u00e9), mas ela acabou fugindo. Sandra chama o irm\u00e3o de &#8220;paspalho&#8221; e diz que ele deveria ter feito de tudo para recuperar a crian\u00e7a.<\/p>\n<p>&#8220;Mas o que devo fazer se encontrar o filho de Candinho? Levar o beb\u00ea para ele?&#8221;, questiona Celso.<\/p>\n<p>\u00c9 nesse momento que Sandra come\u00e7a a arquitetar seu plano: ela diz que Candinho n\u00e3o pode encontrar o filho, j\u00e1 que o beb\u00ea \u00e9 o \u00fanico herdeiro da fortuna dele. Celso adverte que o caipira est\u00e1 vivo.<\/p>\n<p>&#8220;Mas pode morrer, at\u00e9 de tristeza, quem sabe. Esse beb\u00ea s\u00f3 nos atrapalha o caminho at\u00e9 a heran\u00e7a de Candinho&#8230;<br \/>\nPreste aten\u00e7\u00e3o, Celso, e deixe de perder tempo com sentimentalismo&#8230;&#8221;, trama Sandra.<\/p>\n<p>A vil\u00e3 ainda completa com uma ordem chocante:<\/p>\n<p>&#8220;Voc\u00ea pode mandar matar essa crian\u00e7a. Esse beb\u00ea s\u00f3 nos atrapalha o caminho, e tem muito dinheiro em jogo. Quando eu sair daqui, n\u00f3s seremos ricos, meu irm\u00e3o. Mande matar esse beb\u00ea! Mande matar essa crian\u00e7a!&#8221;<br \/>\n<!--FIM--><\/p>\n<h2>Coment\u00e1rios em Resumos de \u00cata Mundo Melhor!<\/h2>\n<div class=\"fb-comments\" data-width=\"100%\" data-order-by=\"reverse_time\" data-numposts=\"5\"><\/div>\n<h2>Saiba mais sobre \u00cata Mundo Melhor!:<\/h2>\n<blockquote><p><a href=\"https:\/\/tvnovelas.com.br\/page2\/arquivo\/eta-mundo-melhor-a-volta-de-candinho-e-policarpo\/&quot;\" target=\"_blank\" rel=\"noopener\"><strong>\u00cata Mundo Melhor!: A volta de Candinho e Policarpo<\/strong><\/a> (Sinopse)<\/p><\/blockquote>\n<h2>Outros resumos atualizados<\/h2>\n<div class=\"pt-cv-wrapper\">Erro: visualiza\u00e7\u00e3o <strong>662bf56ijm<\/strong> pode n\u00e3o existir<\/div>\n<h2>\u00daltimas not\u00edcias das novelas<\/h2>\n<p>[wp-rss-aggregator feeds=&#8221;todas&#8221;]<\/p>\n<h2>Mais:<\/h2>\n<p><a href=\"https:\/\/pt.wikipedia.org\/wiki\/%C3%8Ata_Mundo_Melhor!\" target=\"_blank\" rel=\"noopener\">Sobre \u00cata Mundo Melhor!, na Wikipedia<\/a><br \/>\n<a href=\"https:\/\/tvnovelas.com.br\/filmes\/filmes-na-tv-segunda\/\" target=\"_blank\" rel=\"noopener\">Confira a Programa\u00e7\u00e3o de Filmes na TV aberta<\/a><br \/>\n<a href=\"https:\/\/tvnovelas.com.br\/novelas\/\" target=\"_blank\" rel=\"noopener\">Resumos de todas as novelas<\/a><\/p>\n","protected":false},"excerpt":{"rendered":"<p>\u00cata Mundo Melhor!: Sandra exp\u00f5e plano macabro&#8230; Em \u00cata Mundo Melhor!, se engana quem pensa que o tempo na cadeia pode ter amolecido o cora\u00e7\u00e3o&#8230;<\/p>\n","protected":false},"author":1,"featured_media":77844,"comment_status":"closed","ping_status":"closed","sticky":false,"template":"","format":"standard","meta":{"_uf_show_specific_survey":0,"_uf_disable_surveys":false,"_jetpack_memberships_contains_paid_content":false,"footnotes":"","_wp_rev_ctl_limit":""},"categories":[920],"tags":[921,5,64],"class_list":["post-77843","post","type-post","status-publish","format-standard","has-post-thumbnail","hentry","category-eta-mundo-melhor","tag-eta-mundo-melhor","tag-globo","tag-novelas","wpcat-920-id"],"aioseo_notices":[],"jetpack_featured_media_url":"https:\/\/i0.wp.com\/www.tvnovelas.com.br\/tvnews\/wp-content\/uploads\/2025\/07\/11429.jpg?fit=728%2C410&ssl=1","jetpack_shortlink":"https:\/\/wp.me\/pdP2BO-kfx","jetpack_sharing_enabled":true,"_links":{"self":[{"href":"https:\/\/www.tvnovelas.com.br\/tvnews\/wp-json\/wp\/v2\/posts\/77843","targetHints":{"allow":["GET"]}}],"collection":[{"href":"https:\/\/www.tvnovelas.com.br\/tvnews\/wp-json\/wp\/v2\/posts"}],"about":[{"href":"https:\/\/www.tvnovelas.com.br\/tvnews\/wp-json\/wp\/v2\/types\/post"}],"author":[{"embeddable":true,"href":"https:\/\/www.tvnovelas.com.br\/tvnews\/wp-json\/wp\/v2\/users\/1"}],"replies":[{"embeddable":true,"href":"https:\/\/www.tvnovelas.com.br\/tvnews\/wp-json\/wp\/v2\/comments?post=77843"}],"version-history":[{"count":1,"href":"https:\/\/www.tvnovelas.com.br\/tvnews\/wp-json\/wp\/v2\/posts\/77843\/revisions"}],"predecessor-version":[{"id":77845,"href":"https:\/\/www.tvnovelas.com.br\/tvnews\/wp-json\/wp\/v2\/posts\/77843\/revisions\/77845"}],"wp:featuredmedia":[{"embeddable":true,"href":"https:\/\/www.tvnovelas.com.br\/tvnews\/wp-json\/wp\/v2\/media\/77844"}],"wp:attachment":[{"href":"https:\/\/www.tvnovelas.com.br\/tvnews\/wp-json\/wp\/v2\/media?parent=77843"}],"wp:term":[{"taxonomy":"category","embeddable":true,"href":"https:\/\/www.tvnovelas.com.br\/tvnews\/wp-json\/wp\/v2\/categories?post=77843"},{"taxonomy":"post_tag","embeddable":true,"href":"https:\/\/www.tvnovelas.com.br\/tvnews\/wp-json\/wp\/v2\/tags?post=77843"}],"curies":[{"name":"wp","href":"https:\/\/api.w.org\/{rel}","templated":true}]}}