{"id":77849,"date":"2025-07-02T10:07:45","date_gmt":"2025-07-02T13:07:45","guid":{"rendered":"https:\/\/www.tvnovelas.com.br\/tvnews\/?p=77849"},"modified":"2025-07-02T10:07:45","modified_gmt":"2025-07-02T13:07:45","slug":"forca-de-mulher-os-preparativos-para-o-noivado-de-raif-e-ceyda","status":"publish","type":"post","link":"https:\/\/www.tvnovelas.com.br\/tvnews\/forca-de-mulher-os-preparativos-para-o-noivado-de-raif-e-ceyda\/","title":{"rendered":"For\u00e7a de Mulher: Os preparativos para o noivado de Raif e Ceyda"},"content":{"rendered":"<figure id=\"attachment_77850\" aria-describedby=\"caption-attachment-77850\" style=\"width: 728px\" class=\"wp-caption alignnone\"><img data-recalc-dims=\"1\" decoding=\"async\" class=\"wp-image-77850 size-full\" title=\"(Foto: Record TV\/For\u00e7a de Mulher)\" src=\"https:\/\/i0.wp.com\/www.tvnovelas.com.br\/tvnews\/wp-content\/uploads\/2025\/07\/11430.jpg?resize=728%2C410&#038;ssl=1\" alt=\"For\u00e7a de Mulher: Os preparativos para o noivado de Raif e Ceyda\" width=\"728\" height=\"410\" srcset=\"https:\/\/i0.wp.com\/www.tvnovelas.com.br\/tvnews\/wp-content\/uploads\/2025\/07\/11430.jpg?w=728&amp;ssl=1 728w, https:\/\/i0.wp.com\/www.tvnovelas.com.br\/tvnews\/wp-content\/uploads\/2025\/07\/11430.jpg?resize=250%2C141&amp;ssl=1 250w\" sizes=\"(max-width: 728px) 100vw, 728px\" \/><figcaption id=\"caption-attachment-77850\" class=\"wp-caption-text\">For\u00e7a de Mulher: Os preparativos para o noivado de Raif e Ceyda<\/figcaption><\/figure>\n<p>No cap\u00edtulo de For\u00e7a de Mulher desta quarta, dia 02, Raif chega em casa e fica surpreso com a grandiosidade da prepara\u00e7\u00e3o feita por Fazilet para o noivado. A matriarca organiza tudo com muito zelo e ostenta\u00e7\u00e3o, transformando o ambiente em um verdadeiro cen\u00e1rio de festa, o que deixa Raif sem palavras ao perceber o quanto ela est\u00e1 empenhada em tornar o momento inesquec\u00edvel. &#8230; Confira o resumo do cap\u00edtulo do dia:<\/p>\n<p>CAP 241 QUARTA- FEIRA 02\/07\/2025<br \/>\nBahar e Fazilet s\u00e3o convidadas para uma reuni\u00e3o com executivos que pretendem fazer uma s\u00e9rie de TV com a hist\u00f3ria de Bahar. Fazilet e Arif insistem para que Ceyda compre um novo vestido de noiva. Bahar, Nisan e Doruk ficam ansiosos com os preparativos para o noivado de Ceyda. Bahar presenteia a amiga com um vestido e a deixa emocionada. Ceyda convida Bahar e Arif para conhecer a casa de campo onde ser\u00e1 realizado o casamento. Saltimis pede ajuda para Nisan e Doruk para ensinar Arda a falar a palavra \u201cmam\u00e3e\u201d. Durante o fim de semana na casa de campo, Ceyda e Bahar se assustam com uma cobra. Raif chega em casa e fica espantado com tudo o que Fazilet preparou para o noivado. Arif estuda no caf\u00e9 com um colega da faculdade.<br \/>\n<!--FIM DO POST--><\/p>\n<div class=\"fb-comments\" data-width=\"100%\" data-order-by=\"reverse_time\" data-numposts=\"5\"><\/div>\n<h2>Saiba mais:<\/h2>\n<p><a href=\"https:\/\/tvnovelas.com.br\/novelas\/resumos-de-forca-de-mulher\/\" target=\"_blank\" rel=\"noopener\">Resumos da semana de For\u00e7a de Mulher<\/a><br \/>\n<a href=\"https:\/\/tvnovelas.com.br\/page2\/arquivo\/forca-de-mulher-as-lutas-de-bahar\/\" target=\"_blank\" rel=\"noopener\">For\u00e7a de Mulher: As lutas de Bahar (Sinopse)<\/a><br \/>\n<a href=\"https:\/\/pt.wikipedia.org\/wiki\/Kad%C4%B1n\" target=\"_blank\" rel=\"noopener\">Sobre For\u00e7a de Mulher na Wikipedia<\/a><br \/>\n<a href=\"https:\/\/www.facebook.com\/tevenovelas\/\">\u00daltimas not\u00edcias do TV Novelas no Facebook<\/a><br \/>\n<a href=\"https:\/\/tvnovelas.com.br\/novelas\/\">Resumos de todas as novelas<\/a><\/p>\n<h2>\u00daltimas not\u00edcias das novelas<\/h2>\n<p>[wp-rss-aggregator feeds=&#8221;todas&#8221;]<\/p>\n","protected":false},"excerpt":{"rendered":"<p>For\u00e7a de Mulher: O preparativos para o noivado&#8230; No cap\u00edtulo de For\u00e7a de Mulher desta quarta, dia 02, Raif chega em casa e fica surpreso com a grandiosidade&#8230;.<\/p>\n","protected":false},"author":1,"featured_media":77850,"comment_status":"closed","ping_status":"closed","sticky":false,"template":"","format":"standard","meta":{"_uf_show_specific_survey":0,"_uf_disable_surveys":false,"_jetpack_memberships_contains_paid_content":false,"footnotes":"","_wp_rev_ctl_limit":""},"categories":[803],"tags":[805,5,64],"class_list":["post-77849","post","type-post","status-publish","format-standard","has-post-thumbnail","hentry","category-forca-de-mulher","tag-forca-de-mulher","tag-globo","tag-novelas","wpcat-803-id"],"aioseo_notices":[],"jetpack_featured_media_url":"https:\/\/i0.wp.com\/www.tvnovelas.com.br\/tvnews\/wp-content\/uploads\/2025\/07\/11430.jpg?fit=728%2C410&ssl=1","jetpack_shortlink":"https:\/\/wp.me\/pdP2BO-kfD","jetpack_sharing_enabled":true,"_links":{"self":[{"href":"https:\/\/www.tvnovelas.com.br\/tvnews\/wp-json\/wp\/v2\/posts\/77849","targetHints":{"allow":["GET"]}}],"collection":[{"href":"https:\/\/www.tvnovelas.com.br\/tvnews\/wp-json\/wp\/v2\/posts"}],"about":[{"href":"https:\/\/www.tvnovelas.com.br\/tvnews\/wp-json\/wp\/v2\/types\/post"}],"author":[{"embeddable":true,"href":"https:\/\/www.tvnovelas.com.br\/tvnews\/wp-json\/wp\/v2\/users\/1"}],"replies":[{"embeddable":true,"href":"https:\/\/www.tvnovelas.com.br\/tvnews\/wp-json\/wp\/v2\/comments?post=77849"}],"version-history":[{"count":1,"href":"https:\/\/www.tvnovelas.com.br\/tvnews\/wp-json\/wp\/v2\/posts\/77849\/revisions"}],"predecessor-version":[{"id":77851,"href":"https:\/\/www.tvnovelas.com.br\/tvnews\/wp-json\/wp\/v2\/posts\/77849\/revisions\/77851"}],"wp:featuredmedia":[{"embeddable":true,"href":"https:\/\/www.tvnovelas.com.br\/tvnews\/wp-json\/wp\/v2\/media\/77850"}],"wp:attachment":[{"href":"https:\/\/www.tvnovelas.com.br\/tvnews\/wp-json\/wp\/v2\/media?parent=77849"}],"wp:term":[{"taxonomy":"category","embeddable":true,"href":"https:\/\/www.tvnovelas.com.br\/tvnews\/wp-json\/wp\/v2\/categories?post=77849"},{"taxonomy":"post_tag","embeddable":true,"href":"https:\/\/www.tvnovelas.com.br\/tvnews\/wp-json\/wp\/v2\/tags?post=77849"}],"curies":[{"name":"wp","href":"https:\/\/api.w.org\/{rel}","templated":true}]}}