{"id":77887,"date":"2025-07-03T10:22:10","date_gmt":"2025-07-03T13:22:10","guid":{"rendered":"https:\/\/www.tvnovelas.com.br\/tvnews\/?p=77887"},"modified":"2025-07-03T10:22:10","modified_gmt":"2025-07-03T13:22:10","slug":"eta-mundo-melhor-celso-e-expulso-de-casa-apos-rever-ex-amante","status":"publish","type":"post","link":"https:\/\/www.tvnovelas.com.br\/tvnews\/eta-mundo-melhor-celso-e-expulso-de-casa-apos-rever-ex-amante\/","title":{"rendered":"\u00cata Mundo Melhor!:  Celso \u00e9 expulso de casa, ap\u00f3s rever ex-amante"},"content":{"rendered":"<figure id=\"attachment_77889\" aria-describedby=\"caption-attachment-77889\" style=\"width: 728px\" class=\"wp-caption alignnone\"><img data-recalc-dims=\"1\" decoding=\"async\" class=\"wp-image-77889 size-full\" title=\"(Foto: TV Globo\/\u00cata Mundo Melhor!)\" src=\"https:\/\/i0.wp.com\/www.tvnovelas.com.br\/tvnews\/wp-content\/uploads\/2025\/07\/11436.jpg?resize=728%2C409&#038;ssl=1\" alt=\"Foto em \u00cata Mundo Melhor!: Celso \u00e9 expulso de casa por Maria ap\u00f3s rever ex-amante\" width=\"728\" height=\"409\" srcset=\"https:\/\/i0.wp.com\/www.tvnovelas.com.br\/tvnews\/wp-content\/uploads\/2025\/07\/11436.jpg?w=728&amp;ssl=1 728w, https:\/\/i0.wp.com\/www.tvnovelas.com.br\/tvnews\/wp-content\/uploads\/2025\/07\/11436.jpg?resize=250%2C140&amp;ssl=1 250w\" sizes=\"(max-width: 728px) 100vw, 728px\" \/><figcaption id=\"caption-attachment-77889\" class=\"wp-caption-text\">\u00cata Mundo Melhor!: Celso \u00e9 expulso de casa por Maria ap\u00f3s rever ex-amante<\/figcaption><\/figure>\n<p>Em \u00cata Mundo Melhor!, a sorte n\u00e3o anda sorrindo para Celso (Rainer Cadete).. Depois de ter ficado de fora do testamento de Anast\u00e1cia, ele acabar\u00e1 expulso de casa ap\u00f3s uma noite no dancing.<\/p>\n<p>Celso vai at\u00e9 o local falar com Tamires (Monique Alfradique), gerente do estabelecimento e antiga amante do rapaz. Mas, ao contr\u00e1rio do que as m\u00e1s l\u00ednguas possam dizer, sua \u00fanica inten\u00e7\u00e3o por l\u00e1 \u00e9 negociar a compra do dancing para Sandra (Fl\u00e1via Alessandra). A ideia de Celso \u00e9 que sua irm\u00e3 tenha uma ocupa\u00e7\u00e3o ao sair da cadeia.<\/p>\n<p>Filho de Rainer Cadete vibra com estreia do pai em \u00cata Mundo Melhor!: &#8216;Meu maior her\u00f3i&#8217;<\/p>\n<p>O problema \u00e9 que a mentira tem perna curta. Ao chegar em casa tarde, Celso \u00e9 inquirido por Maria (Bianca Bin) e opta por esconder que esteve no dancing:<\/p>\n<p>&#8220;Me perdoe pelo atraso, meu amor. Eu tive alguns assuntos para resolver, de Candinho.&#8221;<br \/>\nMaria, desconfiada, pergunta se eram assuntos s\u00e9rios, e Celso confirma. \u00c9 a\u00ed que ela pega o marido no pulo:<\/p>\n<p>&#8220;T\u00e3o s\u00e9rios que teve at\u00e9&#8230; chuva de plumas. Voc\u00ea estava na farra, Celso!?&#8221;<\/p>\n<p>Completamente em choque, Celso sequer consegue formular uma resposta e acaba expulso de casa:<\/p>\n<p>&#8220;At\u00e9 ter uma explica\u00e7\u00e3o, n\u00e3o dorme em casa. E eu espero que seja uma justificativa muito boa!&#8221;<br \/>\n<!--FIM--><\/p>\n<h2>Coment\u00e1rios em Resumos de \u00cata Mundo Melhor!<\/h2>\n<div class=\"fb-comments\" data-width=\"100%\" data-order-by=\"reverse_time\" data-numposts=\"5\"><\/div>\n<h2>Saiba mais sobre \u00cata Mundo Melhor!:<\/h2>\n<blockquote><p><a href=\"https:\/\/tvnovelas.com.br\/page2\/arquivo\/eta-mundo-melhor-a-volta-de-candinho-e-policarpo\/&quot;\" target=\"_blank\" rel=\"noopener\"><strong>\u00cata Mundo Melhor!: A volta de Candinho e Policarpo<\/strong><\/a> (Sinopse)<\/p><\/blockquote>\n<h2>Outros resumos atualizados<\/h2>\n<div class=\"pt-cv-wrapper\">Erro: visualiza\u00e7\u00e3o <strong>662bf56ijm<\/strong> pode n\u00e3o existir<\/div>\n<h2>\u00daltimas not\u00edcias das novelas<\/h2>\n<p>[wp-rss-aggregator feeds=&#8221;todas&#8221;]<\/p>\n<h2>Mais:<\/h2>\n<p><a href=\"https:\/\/pt.wikipedia.org\/wiki\/%C3%8Ata_Mundo_Melhor!\" target=\"_blank\" rel=\"noopener\">Sobre \u00cata Mundo Melhor!, na Wikipedia<\/a><br \/>\n<a href=\"https:\/\/tvnovelas.com.br\/filmes\/filmes-na-tv-segunda\/\" target=\"_blank\" rel=\"noopener\">Confira a Programa\u00e7\u00e3o de Filmes na TV aberta<\/a><br \/>\n<a href=\"https:\/\/tvnovelas.com.br\/novelas\/\" target=\"_blank\" rel=\"noopener\">Resumos de todas as novelas<\/a><\/p>\n","protected":false},"excerpt":{"rendered":"<p>\u00cata Mundo Melhor!:  Celso \u00e9 expulso de casa&#8230; Em \u00cata Mundo Melhor!, a sorte n\u00e3o anda sorrindo para Celso (Rainer Cadete).. Depois de ter ficado de fora&#8230;<\/p>\n","protected":false},"author":1,"featured_media":77889,"comment_status":"closed","ping_status":"closed","sticky":false,"template":"","format":"standard","meta":{"_uf_show_specific_survey":0,"_uf_disable_surveys":false,"_jetpack_memberships_contains_paid_content":false,"footnotes":"","_wp_rev_ctl_limit":""},"categories":[920],"tags":[921,5,64],"class_list":["post-77887","post","type-post","status-publish","format-standard","has-post-thumbnail","hentry","category-eta-mundo-melhor","tag-eta-mundo-melhor","tag-globo","tag-novelas","wpcat-920-id"],"aioseo_notices":[],"jetpack_featured_media_url":"https:\/\/i0.wp.com\/www.tvnovelas.com.br\/tvnews\/wp-content\/uploads\/2025\/07\/11436.jpg?fit=728%2C409&ssl=1","jetpack_shortlink":"https:\/\/wp.me\/pdP2BO-kgf","jetpack_sharing_enabled":true,"_links":{"self":[{"href":"https:\/\/www.tvnovelas.com.br\/tvnews\/wp-json\/wp\/v2\/posts\/77887","targetHints":{"allow":["GET"]}}],"collection":[{"href":"https:\/\/www.tvnovelas.com.br\/tvnews\/wp-json\/wp\/v2\/posts"}],"about":[{"href":"https:\/\/www.tvnovelas.com.br\/tvnews\/wp-json\/wp\/v2\/types\/post"}],"author":[{"embeddable":true,"href":"https:\/\/www.tvnovelas.com.br\/tvnews\/wp-json\/wp\/v2\/users\/1"}],"replies":[{"embeddable":true,"href":"https:\/\/www.tvnovelas.com.br\/tvnews\/wp-json\/wp\/v2\/comments?post=77887"}],"version-history":[{"count":1,"href":"https:\/\/www.tvnovelas.com.br\/tvnews\/wp-json\/wp\/v2\/posts\/77887\/revisions"}],"predecessor-version":[{"id":77890,"href":"https:\/\/www.tvnovelas.com.br\/tvnews\/wp-json\/wp\/v2\/posts\/77887\/revisions\/77890"}],"wp:featuredmedia":[{"embeddable":true,"href":"https:\/\/www.tvnovelas.com.br\/tvnews\/wp-json\/wp\/v2\/media\/77889"}],"wp:attachment":[{"href":"https:\/\/www.tvnovelas.com.br\/tvnews\/wp-json\/wp\/v2\/media?parent=77887"}],"wp:term":[{"taxonomy":"category","embeddable":true,"href":"https:\/\/www.tvnovelas.com.br\/tvnews\/wp-json\/wp\/v2\/categories?post=77887"},{"taxonomy":"post_tag","embeddable":true,"href":"https:\/\/www.tvnovelas.com.br\/tvnews\/wp-json\/wp\/v2\/tags?post=77887"}],"curies":[{"name":"wp","href":"https:\/\/api.w.org\/{rel}","templated":true}]}}