{"id":77905,"date":"2025-07-04T09:07:09","date_gmt":"2025-07-04T12:07:09","guid":{"rendered":"https:\/\/www.tvnovelas.com.br\/tvnews\/?p=77905"},"modified":"2025-07-04T09:07:09","modified_gmt":"2025-07-04T12:07:09","slug":"eta-mundo-melhor-estela-entra-em-panico-com-visita-de-homem-misterioso","status":"publish","type":"post","link":"https:\/\/www.tvnovelas.com.br\/tvnews\/eta-mundo-melhor-estela-entra-em-panico-com-visita-de-homem-misterioso\/","title":{"rendered":"\u00cata Mundo Melhor!:  Estela entra em p\u00e2nico com visita de homem misterioso"},"content":{"rendered":"<figure id=\"attachment_77906\" aria-describedby=\"caption-attachment-77906\" style=\"width: 728px\" class=\"wp-caption alignnone\"><img data-recalc-dims=\"1\" decoding=\"async\" class=\"wp-image-77906 size-full\" title=\"(Foto: TV Globo\/\u00cata Mundo Melhor!)\" src=\"https:\/\/i0.wp.com\/www.tvnovelas.com.br\/tvnews\/wp-content\/uploads\/2025\/07\/11440.jpg?resize=728%2C410&#038;ssl=1\" alt=\"Foto em \u00cata Mundo Melhor!: Estela entra em p\u00e2nico com visita de homem misterioso\" width=\"728\" height=\"410\" srcset=\"https:\/\/i0.wp.com\/www.tvnovelas.com.br\/tvnews\/wp-content\/uploads\/2025\/07\/11440.jpg?w=728&amp;ssl=1 728w, https:\/\/i0.wp.com\/www.tvnovelas.com.br\/tvnews\/wp-content\/uploads\/2025\/07\/11440.jpg?resize=250%2C141&amp;ssl=1 250w\" sizes=\"(max-width: 728px) 100vw, 728px\" \/><figcaption id=\"caption-attachment-77906\" class=\"wp-caption-text\">\u00cata Mundo Melhor!: Estela entra em p\u00e2nico com visita de homem misterioso<\/figcaption><\/figure>\n<p>Em \u00cata Mundo Melhor!, Estela (Larissa Manoela) \u00e9 uma jovem dedicada que cuida da pequena irm\u00e3, Anabela, e da av\u00f3, Aurora (Lu Grimaldi). Mas seu passado esconde traumas dolorosos. Sua m\u00e3e sumiu no mundo e seu pai morreu. Al\u00e9m disso, ela tem dado sinais de que guarda um grande segredo.<\/p>\n<p>Ela viver\u00e1 um momento que revela mais um ind\u00edcio do passado traum\u00e1tico. Enquanto arruma sua irm\u00e3 para dormir, Aurora entra no quarto e diz \u00e0 neta que tem um homem a esperando na sala.<\/p>\n<p>Imediatamente, Estela entra em p\u00e2nico:<\/p>\n<p>&#8220;Mande esse homem embora!&#8221;<\/p>\n<p>Sua av\u00f3 diz que havia informado ao homem que a neta estava em casa, e Estela segue em desespero:<\/p>\n<p>&#8220;Ent\u00e3o invente! Invente alguma coisa, diga que eu estou dormindo, diga que eu estou doente, diga que eu morri! Mas vov\u00f3, eu n\u00e3o quero encontrar esse homem!&#8221;<br \/>\n<!--FIM--><\/p>\n<h2>Coment\u00e1rios em Resumos de \u00cata Mundo Melhor!<\/h2>\n<div class=\"fb-comments\" data-width=\"100%\" data-order-by=\"reverse_time\" data-numposts=\"5\"><\/div>\n<h2>Saiba mais sobre \u00cata Mundo Melhor!:<\/h2>\n<blockquote><p><a href=\"https:\/\/tvnovelas.com.br\/page2\/arquivo\/eta-mundo-melhor-a-volta-de-candinho-e-policarpo\/&quot;\" target=\"_blank\" rel=\"noopener\"><strong>\u00cata Mundo Melhor!: A volta de Candinho e Policarpo<\/strong><\/a> (Sinopse)<\/p><\/blockquote>\n<h2>Outros resumos atualizados<\/h2>\n<div class=\"pt-cv-wrapper\">Erro: visualiza\u00e7\u00e3o <strong>662bf56ijm<\/strong> pode n\u00e3o existir<\/div>\n<h2>\u00daltimas not\u00edcias das novelas<\/h2>\n<p>[wp-rss-aggregator feeds=&#8221;todas&#8221;]<\/p>\n<h2>Mais:<\/h2>\n<p><a href=\"https:\/\/pt.wikipedia.org\/wiki\/%C3%8Ata_Mundo_Melhor!\" target=\"_blank\" rel=\"noopener\">Sobre \u00cata Mundo Melhor!, na Wikipedia<\/a><br \/>\n<a href=\"https:\/\/tvnovelas.com.br\/filmes\/filmes-na-tv-segunda\/\" target=\"_blank\" rel=\"noopener\">Confira a Programa\u00e7\u00e3o de Filmes na TV aberta<\/a><br \/>\n<a href=\"https:\/\/tvnovelas.com.br\/novelas\/\" target=\"_blank\" rel=\"noopener\">Resumos de todas as novelas<\/a><\/p>\n","protected":false},"excerpt":{"rendered":"<p>\u00cata Mundo Melhor!:  Estela entra em p\u00e2nico com visita,,, Em \u00cata Mundo Melhor!, Estela (Larissa Manoela) \u00e9 uma jovem dedicada que cuida da pequena&#8230;<\/p>\n","protected":false},"author":1,"featured_media":77906,"comment_status":"closed","ping_status":"closed","sticky":false,"template":"","format":"standard","meta":{"_uf_show_specific_survey":0,"_uf_disable_surveys":false,"_jetpack_memberships_contains_paid_content":false,"footnotes":"","_wp_rev_ctl_limit":""},"categories":[884,353],"tags":[883,5,64],"class_list":["post-77905","post","type-post","status-publish","format-standard","has-post-thumbnail","hentry","category-dona-de-mim","category-resumos-de-novelas","tag-dona-de-mim","tag-globo","tag-novelas","wpcat-884-id","wpcat-353-id"],"aioseo_notices":[],"jetpack_featured_media_url":"https:\/\/i0.wp.com\/www.tvnovelas.com.br\/tvnews\/wp-content\/uploads\/2025\/07\/11440.jpg?fit=728%2C410&ssl=1","jetpack_shortlink":"https:\/\/wp.me\/pdP2BO-kgx","jetpack_sharing_enabled":true,"_links":{"self":[{"href":"https:\/\/www.tvnovelas.com.br\/tvnews\/wp-json\/wp\/v2\/posts\/77905","targetHints":{"allow":["GET"]}}],"collection":[{"href":"https:\/\/www.tvnovelas.com.br\/tvnews\/wp-json\/wp\/v2\/posts"}],"about":[{"href":"https:\/\/www.tvnovelas.com.br\/tvnews\/wp-json\/wp\/v2\/types\/post"}],"author":[{"embeddable":true,"href":"https:\/\/www.tvnovelas.com.br\/tvnews\/wp-json\/wp\/v2\/users\/1"}],"replies":[{"embeddable":true,"href":"https:\/\/www.tvnovelas.com.br\/tvnews\/wp-json\/wp\/v2\/comments?post=77905"}],"version-history":[{"count":2,"href":"https:\/\/www.tvnovelas.com.br\/tvnews\/wp-json\/wp\/v2\/posts\/77905\/revisions"}],"predecessor-version":[{"id":77908,"href":"https:\/\/www.tvnovelas.com.br\/tvnews\/wp-json\/wp\/v2\/posts\/77905\/revisions\/77908"}],"wp:featuredmedia":[{"embeddable":true,"href":"https:\/\/www.tvnovelas.com.br\/tvnews\/wp-json\/wp\/v2\/media\/77906"}],"wp:attachment":[{"href":"https:\/\/www.tvnovelas.com.br\/tvnews\/wp-json\/wp\/v2\/media?parent=77905"}],"wp:term":[{"taxonomy":"category","embeddable":true,"href":"https:\/\/www.tvnovelas.com.br\/tvnews\/wp-json\/wp\/v2\/categories?post=77905"},{"taxonomy":"post_tag","embeddable":true,"href":"https:\/\/www.tvnovelas.com.br\/tvnews\/wp-json\/wp\/v2\/tags?post=77905"}],"curies":[{"name":"wp","href":"https:\/\/api.w.org\/{rel}","templated":true}]}}