{"id":77955,"date":"2025-07-04T17:46:07","date_gmt":"2025-07-04T20:46:07","guid":{"rendered":"https:\/\/www.tvnovelas.com.br\/tvnews\/?p=77955"},"modified":"2025-07-06T13:44:12","modified_gmt":"2025-07-06T16:44:12","slug":"o-que-acontece-em-vale-tudo-na-semana-12-a-17-7","status":"publish","type":"post","link":"https:\/\/www.tvnovelas.com.br\/tvnews\/o-que-acontece-em-vale-tudo-na-semana-12-a-17-7\/","title":{"rendered":"O que acontece em Vale Tudo na semana 07 a 12\/7"},"content":{"rendered":"<div style=\"background-color: #ffeea9;\">\n.<\/p>\n<figure id=\"attachment_77956\" aria-describedby=\"caption-attachment-77956\" style=\"width: 728px\" class=\"wp-caption aligncenter\"><img data-recalc-dims=\"1\" decoding=\"async\" class=\"wp-image-77956 size-full\" title=\"(Foto: TV Globo\/Vale Tudo)\" src=\"https:\/\/i0.wp.com\/www.tvnovelas.com.br\/tvnews\/wp-content\/uploads\/2025\/07\/11448.jpg?resize=728%2C410&#038;ssl=1\" alt=\"Foto em Vale Tudo na semana 12 a 17\/7\" width=\"728\" height=\"410\" srcset=\"https:\/\/i0.wp.com\/www.tvnovelas.com.br\/tvnews\/wp-content\/uploads\/2025\/07\/11448.jpg?w=728&amp;ssl=1 728w, https:\/\/i0.wp.com\/www.tvnovelas.com.br\/tvnews\/wp-content\/uploads\/2025\/07\/11448.jpg?resize=250%2C141&amp;ssl=1 250w\" sizes=\"(max-width: 728px) 100vw, 728px\" \/><figcaption id=\"caption-attachment-77956\" class=\"wp-caption-text\">Vale Tudo na semana 12 a 17\/7<\/figcaption><\/figure>\n<p><strong style=\"color: #8a0000;\">Nos pr\u00f3ximos cap\u00edtulos de Vale Tudo, <\/strong>Raquel acusa Maria de F\u00e1tima de ter roubado os d\u00f3lares e expulsa a filha de casa; Raquel pede desculpas a Ivan, mas se decepciona quando ele afirma que viajar\u00e1 com Heleninha; Heleninha de volta ao Brasil, conta a Celina que est\u00e1 casada com Ivan; Maria de F\u00e1tima e Afonso se casam&#8230;\n<\/div>\n<h2 style=\"color: #8a0000;\">Resumo de segunda-feira, 07 de julho<\/h2>\n<p>Gilda sente pena de Raquel e n\u00e3o deixa Pascoal mostrar a foto que tiraram de Maria de F\u00e1tima e C\u00e9sar. Solange recebe o convite de casamento de Maria de F\u00e1tima e Afonso. Tiago percebe o talento de Andr\u00e9 na montaria. Celina se sente humilhada por Odete. Pascoal mostra a foto de Maria de F\u00e1tima com C\u00e9sar para Poliana, e Gilda comenta que a filha de Raquel pode estar envolvida em seu atropelamento. Solange conversa com Sardinha sobre seu relacionamento com Renato. F\u00e1tima briga com C\u00e9sar. Gilda mostra a foto de Maria de F\u00e1tima com C\u00e9sar para Raquel. Raquel acusa Maria de F\u00e1tima de ter roubado os d\u00f3lares.<\/p>\n<h2 style=\"color: #8a0000;\">Resumo de ter\u00e7a-feira, 08 de julho<\/h2>\n<p>Raquel expulsa Maria de F\u00e1tima de casa. Renato se preocupa ao perder dois contratos de trabalho. Raquel pede desculpas a Ivan, mas se decepciona quando ele afirma que viajar\u00e1 com Heleninha. Leila oferece sua habilidade como contadora para ajudar Marco Aur\u00e9lio. Raquel se surpreende com a rea\u00e7\u00e3o de Odete ao defender Maria de F\u00e1tima de suas acusa\u00e7\u00f5es. Raquel rasga o vestido de noiva de Maria de F\u00e1tima. Maria de F\u00e1tima conversa com C\u00e9sar, se mostrando abalada pelo epis\u00f3dio com a m\u00e3e. Afonso age de forma protetora ao saber por Maria de F\u00e1tima do ocorrido. Maria de F\u00e1tima segue as orienta\u00e7\u00f5es de Odete para conquistar Celina. Celina fica chocada ao saber por Cec\u00edlia que foi Maria de F\u00e1tima quem roubou os documentos de Sarita.<\/p>\n<h2 style=\"color: #8a0000;\">Resumo de quarta-feira, 09 de julho<\/h2>\n<p>Odete n\u00e3o d\u00e1 import\u00e2ncia para a preocupa\u00e7\u00e3o de Celina com o car\u00e1ter duvidoso de Maria de F\u00e1tima. Alde\u00edde e Laudelino avisam a Poliana que ter\u00e3o de vender a Paladar para outro interessado. Afonso diz a Odete que n\u00e3o gostou da contrata\u00e7\u00e3o de M\u00e1rio S\u00e9rgio. Celina prop\u00f5e a Raquel e a Poliana uma sociedade fantasma na Paladar. Solange fica levemente abalada com a presen\u00e7a de Afonso na Tomorrow. Odete estranha o fato de Raquel estar ligando para Celina.<\/p>\n<h2 style=\"color: #8a0000;\">Resumo de quinta-feira, 10 de julho<\/h2>\n<p>Celina disfar\u00e7a para Odete n\u00e3o desconfiar da liga\u00e7\u00e3o de Raquel. Dra. Ana se preocupa com o tratamento de Heleninha. Raquel aceita as justificativas de Celina e decide formar uma sociedade para a compra da Paladar. Bartolomeu fica desconfiado ao ver documentos da contabilidade da TCA nas m\u00e3os de Leila. Celina deixa Odete estarrecida ao revelar o motivo para ter feito o saque em sua conta. Raquel e Poliana visitam os espa\u00e7os da Paladar. Maria de F\u00e1tima chega ao altar ao lado de Afonso.<\/p>\n<h2 style=\"color: #8a0000;\">Resumo de sexta-feira, 11 de julho<\/h2>\n<p>Maria de F\u00e1tima e Afonso se casam. Raquel e Poliana se desesperam ao perceber que o desumidificador da Paladar est\u00e1 em chamas. Solange confronta Maria de F\u00e1tima, sem perceber que sua conversa est\u00e1 sendo gravada. Afonso manda o seguran\u00e7a retirar Solange da festa. Odete destrata Fernanda. Poliana avisa a Raquel que eles perderam tudo que estava na Paladar. Maria de F\u00e1tima e Afonso viajam para Paris, e Odete embarca para a Europa com Walter. Na passagem de tempo, Raquel j\u00e1 est\u00e1 desmontando o restaurante para assumir a Paladar. Celina avisa a Odete que Heleninha est\u00e1 de volta ao Brasil. Heleninha conta a Celina que est\u00e1 casada com Ivan.<\/p>\n<h2 style=\"color: #8a0000;\">Resumo de s\u00e1bado-feira, 12 de julho<\/h2>\n<p>Marco Aur\u00e9lio lembra a Leila que a cl\u00ednica de est\u00e9tica do casal \u00e9 de fachada. Vasco compartilha com Consu\u00ealo seu desejo de arrendar o bar que foi de Poliana. Renato comenta com Solange que corre o risco de fechar a Tomorrow, e demite Bartolomeu e Marieta. Raquel renova seu visual. Tiago e Fernanda dormem juntos. Solange cria um projeto de revista de bordo para Renato vender para a TCA e salvar a Tomorrow. Renato se surpreende com a chantagem de Marco Aur\u00e9lio. Raquel fecha contratos para a Paladar. Celina fica nervosa quando Heleninha pergunta sobre as pastas da Paladar que a tia tem nas m\u00e3os.<br \/>\n<!--FIM--><\/p>\n<div class=\"fb-comments\" data-width=\"100%\" data-order-by=\"reverse_time\" data-numposts=\"5\"><\/div>\n<p><h2>Mais:<\/h2>\r\n<p><a href=\"https:\/\/tvnovelas.com.br\/novelas\/resumos-de-vale-tudo\/\" target=\"_blank\" rel=\"noopener\">Confira os resumos da semana de Vale Tudo'<\/a><\/p>\r\n<p><a href=\"https:\/\/wp.me\/pfspD2-U7\" target=\"_blank\" rel=\"noopener\">Vale Tudo: Conflitos de princ\u00edpios e valores (Sinopse)<\/a>\r\n<p><a href=\"https:\/\/wp.me\/pfspD2-oI\" target=\"_blank\" rel=\"noopener\">Vale Tudo: Invers\u00e3o de valores no final dos anos 1980<\/a> (Sinopse)<\/p>\r\n<p><a href=\"https:\/\/pt.wikipedia.org\/wiki\/Vale_Tudo_(2025)\" target=\"_blank\" rel=\"noopener\">Sobre Vale Tudo (2025) na Wikipedia<\/a><\/p>\r\n<p><a href=\"https:\/\/tvnovelas.com.br\/novelas\/\" target=\"_blank\" rel=\"noopener\">Resumos de todas as novelas<\/a><\/p>\r\n<p><strong style=\"font-size: 120%;\">\u00daltimas not\u00edcias de 'Vale Tudo':<\/strong><\/p>\r\n<div class=\"pt-cv-wrapper\"><h2 class='pt-cv-heading-container heading2' data-blockid='d7366c1g0j'><span class='pt-cv-heading'> \u00daltimas da novela <\/span><\/h2><div class=\"pt-cv-view pt-cv-grid pt-cv-colsys\" id=\"pt-cv-view-d7366c1g0j\"><div data-id=\"pt-cv-page-1\" class=\"pt-cv-page\" data-cvc=\"1\"><div class=\"col-md-12 col-sm-12 col-xs-12 pt-cv-content-item pt-cv-1-col\" ><div class='pt-cv-ifield'><h4 class=\"pt-cv-title\"><a href=\"https:\/\/www.tvnovelas.com.br\/tvnews\/vale-tudo-casamento-de-raquel-e-ivan-entre-os-finais\/\" class=\"_self\" target=\"_self\" >Vale Tudo: Casamento de Raquel e Ivan entre os finais<\/a><\/h4><\/div><\/div>\n<div class=\"col-md-12 col-sm-12 col-xs-12 pt-cv-content-item pt-cv-1-col\" ><div class='pt-cv-ifield'><h4 class=\"pt-cv-title\"><a href=\"https:\/\/www.tvnovelas.com.br\/tvnews\/vale-tudo-fatima-decide-entregar-o-filho-para-a-adocao\/\" class=\"_self\" target=\"_self\" >Vale Tudo: F\u00e1tima decide entregar o filho para a ado\u00e7\u00e3o<\/a><\/h4><\/div><\/div>\n<div class=\"col-md-12 col-sm-12 col-xs-12 pt-cv-content-item pt-cv-1-col\" ><div class='pt-cv-ifield'><h4 class=\"pt-cv-title\"><a href=\"https:\/\/www.tvnovelas.com.br\/tvnews\/vale-tudo-cesar-e-fatima-se-reencontram\/\" class=\"_self\" target=\"_self\" >Vale Tudo: C\u00e9sar e F\u00e1tima se reencontram<\/a><\/h4><\/div><\/div><\/div><\/div><\/div>\r\n<p><strong style=\"font-size: 120%;\">\u00daltimas not\u00edcias deste site:<\/strong><\/p>\r\n<div class=\"pt-cv-wrapper\"><div class=\"pt-cv-view pt-cv-grid pt-cv-colsys\" id=\"pt-cv-view-90991035b3\"><div data-id=\"pt-cv-page-1\" class=\"pt-cv-page\" data-cvc=\"1\"><div class=\"col-md-12 col-sm-12 col-xs-12 pt-cv-content-item pt-cv-1-col\" ><div class='pt-cv-ifield'><h4 class=\"pt-cv-title\"><a href=\"https:\/\/www.tvnovelas.com.br\/tvnews\/em-coracao-de-mae-nos-capitulos-da-semana-27-4-a-1o-05\/\" class=\"_self\" target=\"_self\" >Em Cora\u00e7\u00e3o de M\u00e3e nos cap\u00edtulos da semana (27\/4 a 1\u00ba\/05)<\/a><\/h4><\/div><\/div>\n<div class=\"col-md-12 col-sm-12 col-xs-12 pt-cv-content-item pt-cv-1-col\" ><div class='pt-cv-ifield'><h4 class=\"pt-cv-title\"><a href=\"https:\/\/www.tvnovelas.com.br\/tvnews\/coracao-de-mae-irmak-volta-para-a-casa-de-adnan\/\" class=\"_self\" target=\"_self\" >Cora\u00e7\u00e3o de M\u00e3e: Irmak volta para a casa de Adnan<\/a><\/h4><\/div><\/div>\n<div class=\"col-md-12 col-sm-12 col-xs-12 pt-cv-content-item pt-cv-1-col\" ><div class='pt-cv-ifield'><h4 class=\"pt-cv-title\"><a href=\"https:\/\/www.tvnovelas.com.br\/tvnews\/coracao-acelerado-marcela-surpreende-alaor-ao-anunciar-termino\/\" class=\"_self\" target=\"_self\" >Cora\u00e7\u00e3o Acelerado:  Marcela surpreende Alaor ao anunciar t\u00e9rmino<\/a><\/h4><\/div><\/div>\n<div class=\"col-md-12 col-sm-12 col-xs-12 pt-cv-content-item pt-cv-1-col\" ><div class='pt-cv-ifield'><h4 class=\"pt-cv-title\"><a href=\"https:\/\/www.tvnovelas.com.br\/tvnews\/a-nobreza-do-amor-tonho-e-alika-se-beijam\/\" class=\"_self\" target=\"_self\" >A Nobreza do Amor: Tonho e Alika se beijam<\/a><\/h4><\/div><\/div>\n<div class=\"col-md-12 col-sm-12 col-xs-12 pt-cv-content-item pt-cv-1-col\" ><div class='pt-cv-ifield'><h4 class=\"pt-cv-title\"><a href=\"https:\/\/www.tvnovelas.com.br\/tvnews\/tres-gracas-ferette-negocia-com-samira-acabar-com-gerluce\/\" class=\"_self\" target=\"_self\" >Tr\u00eas Gra\u00e7as: Ferette negocia com Samira acabar com Gerluce<\/a><\/h4><\/div><\/div>\n<div class=\"col-md-12 col-sm-12 col-xs-12 pt-cv-content-item pt-cv-1-col\" ><div class='pt-cv-ifield'><h4 class=\"pt-cv-title\"><a href=\"https:\/\/www.tvnovelas.com.br\/tvnews\/coracao-de-mae-adnan-confessa-a-karsu-traicao-a-irmak\/\" class=\"_self\" target=\"_self\" >Cora\u00e7\u00e3o de M\u00e3e: Adnan confessa a Karsu trai\u00e7\u00e3o a Irmak<\/a><\/h4><\/div><\/div>\n<div class=\"col-md-12 col-sm-12 col-xs-12 pt-cv-content-item pt-cv-1-col\" ><div class='pt-cv-ifield'><h4 class=\"pt-cv-title\"><a href=\"https:\/\/www.tvnovelas.com.br\/tvnews\/chamas-do-destino-iskender-e-preso-apos-denuncia-de-cicek\/\" class=\"_self\" target=\"_self\" >Chamas do Destino: Iskender \u00e9 preso ap\u00f3s den\u00fancia de Cicek<\/a><\/h4><\/div><\/div>\n<div class=\"col-md-12 col-sm-12 col-xs-12 pt-cv-content-item pt-cv-1-col\" ><div class='pt-cv-ifield'><h4 class=\"pt-cv-title\"><a href=\"https:\/\/www.tvnovelas.com.br\/tvnews\/a-nobreza-do-amor-alika-desbanca-virginia-e-garante-vitoria-de-eugenia\/\" class=\"_self\" target=\"_self\" >A Nobreza do Amor: Alika desbanca Virg\u00ednia e garante vit\u00f3ria de Eug\u00eania<\/a><\/h4><\/div><\/div>\n<div class=\"col-md-12 col-sm-12 col-xs-12 pt-cv-content-item pt-cv-1-col\" ><div class='pt-cv-ifield'><h4 class=\"pt-cv-title\"><a href=\"https:\/\/www.tvnovelas.com.br\/tvnews\/tres-gracas-arminda-flagra-ferette-e-samira\/\" class=\"_self\" target=\"_self\" >Tr\u00eas Gra\u00e7as: Arminda flagra Ferette e Samira<\/a><\/h4><\/div><\/div>\n<div class=\"col-md-12 col-sm-12 col-xs-12 pt-cv-content-item pt-cv-1-col\" ><div class='pt-cv-ifield'><h4 class=\"pt-cv-title\"><a href=\"https:\/\/www.tvnovelas.com.br\/tvnews\/chamas-do-destino-seher-permite-que-cemre-visite-ozan\/\" class=\"_self\" target=\"_self\" >Chamas do Destino: Seher permite que Cemre visite Ozan<\/a><\/h4><\/div><\/div><\/div><\/div><\/div>\r\n<h3>Confira tamb\u00e9m<\/h3>\r\n<p><a href=\"https:\/\/www.tvnovelas.com.br\/filmes\/\" target=\"_blank\" rel=\"noopener noreferrer\"><strong>Programa\u00e7\u00e3o de filmes na TV aberta<\/strong><\/a><\/p>\r\n<p><a href=\"https:\/\/caetenews.com.br\/semana\/filmes-da-globo-na-sessao-da-tarde-desta-semana\/\" target=\"_blank\" rel=\"noopener\"><strong>Confira os filmes da semana na Sess\u00e3o da Tarde<\/strong><\/a><\/p>\r\n<p><a href=\"https:\/\/www.tvnovelas.com.br\/novelas\/\"><strong>Confira os resumos da semana de todas novelas<\/strong><\/a><\/p><br \/>\n<a href=\"https:\/\/tvnovelas.com.br\/filmes\/filmes-na-tv-segunda\/\" target=\"_blank\" rel=\"noopener\">Confira a Progrma\u00e7\u00e3o de Filmes na TV aberta<\/a><br \/>\n<a href=\"https:\/\/www.tvnovelas.com.br\/tvnews\/\" target=\"_blank\" rel=\"noopener\">\u00daltimas not\u00edcias das novelas<\/a><\/p>\n","protected":false},"excerpt":{"rendered":"<p>Vale Tudo na semana 12 a 17\/7&#8230; Nos pr\u00f3ximos cap\u00edtulos de Vale Tudo,  Raquel acusa Maria de F\u00e1tima de ter roubado os d\u00f3lares e expulsa a filha de casa&#8230;<\/p>\n","protected":false},"author":1,"featured_media":77956,"comment_status":"closed","ping_status":"closed","sticky":false,"template":"","format":"standard","meta":{"_uf_show_specific_survey":0,"_uf_disable_surveys":false,"_jetpack_memberships_contains_paid_content":false,"footnotes":"","_wp_rev_ctl_limit":""},"categories":[353,871],"tags":[5,64,801],"class_list":["post-77955","post","type-post","status-publish","format-standard","has-post-thumbnail","hentry","category-resumos-de-novelas","category-vale-tudo","tag-globo","tag-novelas","tag-vale-tudo","wpcat-353-id","wpcat-871-id"],"aioseo_notices":[],"jetpack_featured_media_url":"https:\/\/i0.wp.com\/www.tvnovelas.com.br\/tvnews\/wp-content\/uploads\/2025\/07\/11448.jpg?fit=728%2C410&ssl=1","jetpack_shortlink":"https:\/\/wp.me\/pdP2BO-khl","jetpack_sharing_enabled":true,"_links":{"self":[{"href":"https:\/\/www.tvnovelas.com.br\/tvnews\/wp-json\/wp\/v2\/posts\/77955","targetHints":{"allow":["GET"]}}],"collection":[{"href":"https:\/\/www.tvnovelas.com.br\/tvnews\/wp-json\/wp\/v2\/posts"}],"about":[{"href":"https:\/\/www.tvnovelas.com.br\/tvnews\/wp-json\/wp\/v2\/types\/post"}],"author":[{"embeddable":true,"href":"https:\/\/www.tvnovelas.com.br\/tvnews\/wp-json\/wp\/v2\/users\/1"}],"replies":[{"embeddable":true,"href":"https:\/\/www.tvnovelas.com.br\/tvnews\/wp-json\/wp\/v2\/comments?post=77955"}],"version-history":[{"count":5,"href":"https:\/\/www.tvnovelas.com.br\/tvnews\/wp-json\/wp\/v2\/posts\/77955\/revisions"}],"predecessor-version":[{"id":78042,"href":"https:\/\/www.tvnovelas.com.br\/tvnews\/wp-json\/wp\/v2\/posts\/77955\/revisions\/78042"}],"wp:featuredmedia":[{"embeddable":true,"href":"https:\/\/www.tvnovelas.com.br\/tvnews\/wp-json\/wp\/v2\/media\/77956"}],"wp:attachment":[{"href":"https:\/\/www.tvnovelas.com.br\/tvnews\/wp-json\/wp\/v2\/media?parent=77955"}],"wp:term":[{"taxonomy":"category","embeddable":true,"href":"https:\/\/www.tvnovelas.com.br\/tvnews\/wp-json\/wp\/v2\/categories?post=77955"},{"taxonomy":"post_tag","embeddable":true,"href":"https:\/\/www.tvnovelas.com.br\/tvnews\/wp-json\/wp\/v2\/tags?post=77955"}],"curies":[{"name":"wp","href":"https:\/\/api.w.org\/{rel}","templated":true}]}}