{"id":77961,"date":"2025-07-04T20:49:09","date_gmt":"2025-07-04T23:49:09","guid":{"rendered":"https:\/\/www.tvnovelas.com.br\/tvnews\/?p=77961"},"modified":"2025-07-06T13:42:05","modified_gmt":"2025-07-06T16:42:05","slug":"os-resumos-de-a-caverna-encantada-da-semana-07-a-11-7","status":"publish","type":"post","link":"https:\/\/www.tvnovelas.com.br\/tvnews\/os-resumos-de-a-caverna-encantada-da-semana-07-a-11-7\/","title":{"rendered":"Os resumos de A Caverna Encantada da semana 07 a 11\/7"},"content":{"rendered":"<div style=\"background-color: #fff287;\">\n.<\/p>\n<figure id=\"attachment_77962\" aria-describedby=\"caption-attachment-77962\" style=\"width: 728px\" class=\"wp-caption aligncenter\"><img data-recalc-dims=\"1\" decoding=\"async\" class=\"wp-image-77962 size-full\" title=\"(Foto: SBT\/A Caverna Encantada)\" src=\"https:\/\/i0.wp.com\/www.tvnovelas.com.br\/tvnews\/wp-content\/uploads\/2025\/07\/11449.jpg?resize=728%2C410&#038;ssl=1\" alt=\"Foto em A Caverna Encantada da semana 07 a 11\/7\" width=\"728\" height=\"410\" srcset=\"https:\/\/i0.wp.com\/www.tvnovelas.com.br\/tvnews\/wp-content\/uploads\/2025\/07\/11449.jpg?w=728&amp;ssl=1 728w, https:\/\/i0.wp.com\/www.tvnovelas.com.br\/tvnews\/wp-content\/uploads\/2025\/07\/11449.jpg?resize=250%2C141&amp;ssl=1 250w\" sizes=\"(max-width: 728px) 100vw, 728px\" \/><figcaption id=\"caption-attachment-77962\" class=\"wp-caption-text\">A Caverna Encantada da semana 07 a 11\/7<\/figcaption><\/figure>\n<p><strong style=\"color: #511d43;\">Nos pr\u00f3ximos cap\u00edtulos de A Caverna Encantada, <\/strong>Isadora, Lav\u00ednia e Manu decidem se unir ap\u00f3s descobrirem que Elisa e Norma n\u00e3o sabem o paradeiro de Anna; Flora, Jane e Nina ajudam Isadora, Lav\u00ednia e Manu a encontrar a chave reserva da caverna; Flora, Jane e Nina resgatam Anna; Norma promete regalias a Flora se ela aceitar a proposta de ser inimiga de Anna, Flora n\u00e3o aceita&#8230;<\/p>\n<\/div>\n<h2 style=\"color: #511d43;\">Resumo de segunda-feira, 07 de julho<\/h2>\n<p>Dalete repreende Senor e Mois\u00e9s por trocarem de quarto sem a autoriza\u00e7\u00e3o de Norma. Mois\u00e9s se irrita ao descobrir que Thomas revelou o segredo. Felipe comenta com Rui que quer se vingar de Gabriel por t\u00ea-lo colocado na terapia. Isadora, Lav\u00ednia e Manu decidem se unir ap\u00f3s descobrirem que Elisa e Norma n\u00e3o sabem o paradeiro de Anna. Na caverna, Anna passa mal e desmaia. Durante a terapia, Felipe come\u00e7a a se envolver e at\u00e9 aprende a fazer tric\u00f4 com Wanda.<\/p>\n<h2 style=\"color: #511d43;\">Resumo de ter\u00e7a-feira, 08 de julho<\/h2>\n<p>Isadora, Lav\u00ednia e Manu usam disfarce e se passam por novas alunas estrangeiras no intuito de descobrir mais informa\u00e7\u00f5es do desaparecimento de Anna. Dentro da caverna, Moleza e Dod\u00f4 gritam socorro e Isadora, Lav\u00ednia e Manu escutam na biblioteca. Cristina se atrasa no compromisso com Thomas, chateado com seu afastamento, Thomas pede para ela escolher entre a carreira e ele. Senor e Mois\u00e9s impedem os outros alunos de entrarem no quarto. Flora, Jane e Nina ajudam Isadora, Lav\u00ednia e Manu a encontrar a chave reserva da caverna, mas s\u00e3o surpreendidas por Norma e Elisa.<\/p>\n<h2 style=\"color: #511d43;\">Resumo de quarta-feira, 09 de julho<\/h2>\n<p>Flora, Jane e Nina resgatam Anna. Isadora, Lav\u00ednia e Manu fogem da diretoria e alertam Gabriel e Pilar que Norma esconde o paradeiro de Anna. Gabriel e Pilar checam que Anna repousa no quarto. Anna pede desculpa a Lav\u00ednia por machuc\u00e1-la; Lav\u00ednia admite que no in\u00edcio deu ouvidos a Safira, mas que depois gostou da amizade de Anna. Dalete avisa Thomas que Mois\u00e9s n\u00e3o quer falar mais com ele. Norma intimida Anna, pergunta onde ela estava e onde esconde o mapa com pistas de Paulo.<\/p>\n<h2 style=\"color: #511d43;\">Resumo de quinta-feira, 10 de julho<\/h2>\n<p>Gabriel fica triste por Felipe desistir da terapia, sendo que estava progredindo. Cristina assina contrato para seguir carreira e se apresentar em festival de m\u00fasica em S\u00e3o Paulo. Norma promete regalias a Flora se ela aceitar a proposta de ser inimiga de Anna, Flora n\u00e3o aceita. Senor escuta Anna, Isadora, Lav\u00ednia e Manu falarem da cria\u00e7\u00e3o de um novo clubinho. Thomas fala para Betina n\u00e3o se meter no relacionamento dele com Cristina. Betina e C\u00e9sar se vestem de Shirley e Wanda para investigar a rela\u00e7\u00e3o de Thomas com Cristina. Flora percebe que Lav\u00ednia est\u00e1 a excluindo e acredita que Anna est\u00e1 querendo roubar sua melhor amiga.<\/p>\n<h2 style=\"color: #511d43;\">Resumo de sexta-feira, 11 de julho<\/h2>\n<p>Senor comenta com Lucas que novo grupo das meninas deve ser para ir contra os Lu\u00edses. No encontro, Cristina diz a Thomas que precisa falar com ele de noite. Pilar chama a atriz e psic\u00f3loga Pequena Lo para dar uma aula sobre inclus\u00e3o no col\u00e9gio. Gabriel fala para Pilar que deseja formar uma fam\u00edlia, ela chora, por lembrar de passado traum\u00e1tico, j\u00e1 que perdeu o filho. Thomas se arruma com traje social achando que vai ser pedido em casamento por Cristina; no encontro, ela termina com ele e diz que vai seguir sonho profissional. Flora recorre a Norma e declara que quer ser a nova inimiga de Anna.<br \/>\n<!--FIM--><\/p>\n<div class=\"fb-comments\" data-width=\"100%\" data-order-by=\"reverse_time\" data-numposts=\"5\"><\/div>\n<p><strong style=\"font-size: 120%;\">\u00daltimas not\u00edcias deste canal:<\/strong>\r\n<div class=\"pt-cv-wrapper\"><div class=\"pt-cv-view pt-cv-grid pt-cv-colsys\" id=\"pt-cv-view-90991035b3\"><div data-id=\"pt-cv-page-1\" class=\"pt-cv-page\" data-cvc=\"1\"><div class=\"col-md-12 col-sm-12 col-xs-12 pt-cv-content-item pt-cv-1-col\" ><div class='pt-cv-ifield'><h4 class=\"pt-cv-title\"><a href=\"https:\/\/www.tvnovelas.com.br\/tvnews\/coracao-de-mae-atilla-confronta-hasan-e-exige-o-divorcio-de-lale\/\" class=\"_self\" target=\"_self\" >Cora\u00e7\u00e3o de M\u00e3e: Atilla confronta Hasan e exige o div\u00f3rcio de Lale<\/a><\/h4><\/div><\/div>\n<div class=\"col-md-12 col-sm-12 col-xs-12 pt-cv-content-item pt-cv-1-col\" ><div class='pt-cv-ifield'><h4 class=\"pt-cv-title\"><a href=\"https:\/\/www.tvnovelas.com.br\/tvnews\/guerra-das-rosas-gulfem-coloca-gulru-contra-a-parede\/\" class=\"_self\" target=\"_self\" >Guerra das Rosas: Gulfem coloca Gulru contra a parede<\/a><\/h4><\/div><\/div>\n<div class=\"col-md-12 col-sm-12 col-xs-12 pt-cv-content-item pt-cv-1-col\" ><div class='pt-cv-ifield'><h4 class=\"pt-cv-title\"><a href=\"https:\/\/www.tvnovelas.com.br\/tvnews\/coracao-de-mae-atilla-diz-a-lale-que-quer-o-divorcio\/\" class=\"_self\" target=\"_self\" >Cora\u00e7\u00e3o de M\u00e3e: Atilla diz a Lale que quer o div\u00f3rcio<\/a><\/h4><\/div><\/div>\n<div class=\"col-md-12 col-sm-12 col-xs-12 pt-cv-content-item pt-cv-1-col\" ><div class='pt-cv-ifield'><h4 class=\"pt-cv-title\"><a href=\"https:\/\/www.tvnovelas.com.br\/tvnews\/a-nobreza-do-amor-mirinho-garante-noivado-com-virginia-para-atrair-sogro-a-negocio\/\" class=\"_self\" target=\"_self\" >A Nobreza do Amor: Mirinho garante noivado com Virg\u00ednia para atrair sogro a neg\u00f3cio<\/a><\/h4><\/div><\/div>\n<div class=\"col-md-12 col-sm-12 col-xs-12 pt-cv-content-item pt-cv-1-col\" ><div class='pt-cv-ifield'><h4 class=\"pt-cv-title\"><a href=\"https:\/\/www.tvnovelas.com.br\/tvnews\/tres-gracas-joaquim-propoe-fuga-a-arminda-com-o-dinheiro-das-tres-gracas\/\" class=\"_self\" target=\"_self\" >Tr\u00eas Gra\u00e7as:  Joaquim prop\u00f5e fuga a Arminda com o dinheiro das Tr\u00eas Gra\u00e7as<\/a><\/h4><\/div><\/div>\n<div class=\"col-md-12 col-sm-12 col-xs-12 pt-cv-content-item pt-cv-1-col\" ><div class='pt-cv-ifield'><h4 class=\"pt-cv-title\"><a href=\"https:\/\/www.tvnovelas.com.br\/tvnews\/coracao-de-mae-atilla-decide-abrir-o-jogo-com-karsu\/\" class=\"_self\" target=\"_self\" >Cora\u00e7\u00e3o de M\u00e3e: Atilla decide abrir o jogo com Karsu<\/a><\/h4><\/div><\/div>\n<div class=\"col-md-12 col-sm-12 col-xs-12 pt-cv-content-item pt-cv-1-col\" ><div class='pt-cv-ifield'><h4 class=\"pt-cv-title\"><a href=\"https:\/\/www.tvnovelas.com.br\/tvnews\/coracao-de-mae-adnan-e-preso-apos-denuncia-de-irmak\/\" class=\"_self\" target=\"_self\" >Em Cora\u00e7\u00e3o de M\u00e3e: Adnan \u00e9 preso ap\u00f3s denuncia de Irmak<\/a><\/h4><\/div><\/div>\n<div class=\"col-md-12 col-sm-12 col-xs-12 pt-cv-content-item pt-cv-1-col\" ><div class='pt-cv-ifield'><h4 class=\"pt-cv-title\"><a href=\"https:\/\/www.tvnovelas.com.br\/tvnews\/coracao-de-mae-atilla-forca-karsu-a-ouvir-suas-explicacoes\/\" class=\"_self\" target=\"_self\" >Cora\u00e7\u00e3o de M\u00e3e: Atilla for\u00e7a Karsu a ouvir suas explica\u00e7\u00f5es<\/a><\/h4><\/div><\/div>\n<div class=\"col-md-12 col-sm-12 col-xs-12 pt-cv-content-item pt-cv-1-col\" ><div class='pt-cv-ifield'><h4 class=\"pt-cv-title\"><a href=\"https:\/\/www.tvnovelas.com.br\/tvnews\/coracao-acelerado-mulher-choca-janete-ao-se-apresentar-como-amante-do-palhares\/\" class=\"_self\" target=\"_self\" >Cora\u00e7\u00e3o Acelerado: Mulher choca Janete ao se apresentar como amante do Palhares<\/a><\/h4><\/div><\/div>\n<div class=\"col-md-12 col-sm-12 col-xs-12 pt-cv-content-item pt-cv-1-col\" ><div class='pt-cv-ifield'><h4 class=\"pt-cv-title\"><a href=\"https:\/\/www.tvnovelas.com.br\/tvnews\/a-nobreza-do-amor-jendal-dobra-a-recompensa-por-alika\/\" class=\"_self\" target=\"_self\" >A Nobreza do Amor: Jendal dobra a recompensa por Alika<\/a><\/h4><\/div><\/div><\/div><\/div><\/div>\r\n<a href=\"https:\/\/www.tvnovelas.com.br\/novelas\/\"><strong>Confira os resumos da semana de todas novelas<\/strong><\/a><\/br>\r\n<h3>Confira tamb\u00e9m<\/h3>\r\n<a href=\"https:\/\/www.tvnovelas.com.br\/filmes\/\" target=\"_blank\" rel=\"noopener noreferrer\"><strong>Programa\u00e7\u00e3o de filmes na TV aberta<\/strong><\/a><\/br>\r\n<a href=\"https:\/\/caetenews.com.br\/semana\/filmes-da-globo-na-sessao-da-tarde-desta-semana\/\" target=\"_blank\" rel=\"noopener\"><strong>Confira os filmes da semana na Sess\u00e3o da Tarde<\/strong><\/a><\/br>\r\n<a href=\"https:\/\/www.tvnovelas.com.br\/novelas\/\" target=\"_blank\" rel=\"noopener noreferrer\"><strong>Resumos de novelas<\/strong><\/a><\/br>\r\n<a href=\"https:\/\/tvnovelas.com.br\/news\/mundo\/\" rel=\"noopener\" target=\"_blank\"><strong>News: Turismo, Cultura, Lazer e Entretenimento<\/strong><\/a><br \/>\n<a href=\"https:\/\/tvnovelas.com.br\/novelas\/resumos-de-a-caverna-encantada\/\">Confira os resumos da semana de &#8216;A Caverna Encantada&#8217;<\/a><br \/>\n<a href=\"https:\/\/pt.wikipedia.org\/wiki\/A_Caverna_Encantada\" target=\"_blank\" rel=\"noopener\">Sobre A Caverna Encantada na Wikipedia<\/a><br \/>\n<a href=\"https:\/\/www.facebook.com\/tevenovelas\/\">\u00daltimas not\u00edcias do TV Novelas no Facebook<\/a><br \/>\n<a href=\"https:\/\/www.tvnovelas.com.br\/tvnews\/\" target=\"_blank\" rel=\"noopener\">As \u00faltimas not\u00edcias das novelas<\/a><\/p>\n","protected":false},"excerpt":{"rendered":"<p>A Caverna Encantada da semana 07 a 11\/7&#8230;. Nos pr\u00f3ximos cap\u00edtulos de A Caverna Encantada, <\/strong><br \/>\nIsadora, Lav\u00ednia e Manu decidem&#8230;<\/p>\n","protected":false},"author":1,"featured_media":77962,"comment_status":"closed","ping_status":"closed","sticky":false,"template":"","format":"standard","meta":{"_uf_show_specific_survey":0,"_uf_disable_surveys":false,"_jetpack_memberships_contains_paid_content":false,"footnotes":"","_wp_rev_ctl_limit":""},"categories":[766,353],"tags":[767,5,64],"class_list":["post-77961","post","type-post","status-publish","format-standard","has-post-thumbnail","hentry","category-a-caverna-encantada","category-resumos-de-novelas","tag-a-caverna-encantada","tag-globo","tag-novelas","wpcat-766-id","wpcat-353-id"],"aioseo_notices":[],"jetpack_featured_media_url":"https:\/\/i0.wp.com\/www.tvnovelas.com.br\/tvnews\/wp-content\/uploads\/2025\/07\/11449.jpg?fit=728%2C410&ssl=1","jetpack_shortlink":"https:\/\/wp.me\/pdP2BO-khr","jetpack_sharing_enabled":true,"_links":{"self":[{"href":"https:\/\/www.tvnovelas.com.br\/tvnews\/wp-json\/wp\/v2\/posts\/77961","targetHints":{"allow":["GET"]}}],"collection":[{"href":"https:\/\/www.tvnovelas.com.br\/tvnews\/wp-json\/wp\/v2\/posts"}],"about":[{"href":"https:\/\/www.tvnovelas.com.br\/tvnews\/wp-json\/wp\/v2\/types\/post"}],"author":[{"embeddable":true,"href":"https:\/\/www.tvnovelas.com.br\/tvnews\/wp-json\/wp\/v2\/users\/1"}],"replies":[{"embeddable":true,"href":"https:\/\/www.tvnovelas.com.br\/tvnews\/wp-json\/wp\/v2\/comments?post=77961"}],"version-history":[{"count":4,"href":"https:\/\/www.tvnovelas.com.br\/tvnews\/wp-json\/wp\/v2\/posts\/77961\/revisions"}],"predecessor-version":[{"id":78040,"href":"https:\/\/www.tvnovelas.com.br\/tvnews\/wp-json\/wp\/v2\/posts\/77961\/revisions\/78040"}],"wp:featuredmedia":[{"embeddable":true,"href":"https:\/\/www.tvnovelas.com.br\/tvnews\/wp-json\/wp\/v2\/media\/77962"}],"wp:attachment":[{"href":"https:\/\/www.tvnovelas.com.br\/tvnews\/wp-json\/wp\/v2\/media?parent=77961"}],"wp:term":[{"taxonomy":"category","embeddable":true,"href":"https:\/\/www.tvnovelas.com.br\/tvnews\/wp-json\/wp\/v2\/categories?post=77961"},{"taxonomy":"post_tag","embeddable":true,"href":"https:\/\/www.tvnovelas.com.br\/tvnews\/wp-json\/wp\/v2\/tags?post=77961"}],"curies":[{"name":"wp","href":"https:\/\/api.w.org\/{rel}","templated":true}]}}