{"id":77980,"date":"2025-07-05T09:24:28","date_gmt":"2025-07-05T12:24:28","guid":{"rendered":"https:\/\/www.tvnovelas.com.br\/tvnews\/?p=77980"},"modified":"2025-07-05T09:26:34","modified_gmt":"2025-07-05T12:26:34","slug":"eta-mundo-melhor-sandra-mata-mulher-na-cadeia","status":"publish","type":"post","link":"https:\/\/www.tvnovelas.com.br\/tvnews\/eta-mundo-melhor-sandra-mata-mulher-na-cadeia\/","title":{"rendered":"\u00cata Mundo Melhor!:  Sandra mata mulher na cadeia"},"content":{"rendered":"<figure id=\"attachment_77981\" aria-describedby=\"caption-attachment-77981\" style=\"width: 728px\" class=\"wp-caption alignnone\"><img data-recalc-dims=\"1\" decoding=\"async\" class=\"wp-image-77981 size-full\" title=\"(Foto: TV Globo\/\u00cata Mundo Melhor!)\" src=\"https:\/\/i0.wp.com\/www.tvnovelas.com.br\/tvnews\/wp-content\/uploads\/2025\/07\/11451.jpg?resize=728%2C410&#038;ssl=1\" alt=\"Foto em m\u00cata Mundo Melhor!: Sandra mata mulher na cadeia\" width=\"728\" height=\"410\" srcset=\"https:\/\/i0.wp.com\/www.tvnovelas.com.br\/tvnews\/wp-content\/uploads\/2025\/07\/11451.jpg?w=728&amp;ssl=1 728w, https:\/\/i0.wp.com\/www.tvnovelas.com.br\/tvnews\/wp-content\/uploads\/2025\/07\/11451.jpg?resize=250%2C141&amp;ssl=1 250w\" sizes=\"(max-width: 728px) 100vw, 728px\" \/><figcaption id=\"caption-attachment-77981\" class=\"wp-caption-text\">\u00cata Mundo Melhor!: Sandra mata mulher na cadeia<\/figcaption><\/figure>\n<p>Em \u00cata Mundo Melhor!, Sandra (Fl\u00e1via Alessandra) est\u00e1 presa pelos crimes que cometeu, mas o tempo reclusa n\u00e3o a tornou uma pessoa melhor. Pelo contr\u00e1rio&#8230; A loira mostrar\u00e1 suas maldades e sangue frio at\u00e9 mesmo na penitenci\u00e1ria.<\/p>\n<p>No banheiro do pres\u00eddio, Sandra \u00e9 abordada por uma outra detenta enquanto passa seu batom.<\/p>\n<p>&#8220;Gostei do batom, a madame tem fam\u00edlia rica, ganha sempre coisas caras, bonitas.&#8221; Depois, a mulher pega a maquiagem e avisa: &#8220;Vou ficar com ele.&#8221;<\/p>\n<p>Com toda calma do mundo, Sandra pede para a mulher devolver o seu pertence. Por\u00e9m, a detenta debocha:<\/p>\n<p>&#8220;Vai fazer o qu\u00ea? Chamar o gerente do nosso hotel? Ou vai chorar no colo do irm\u00e3ozinho?&#8221;<\/p>\n<p>&#8220;Devolve o meu batom ou voc\u00ea vai se arrepender para o resto da sua vida&#8221;, avisa Sandra, mudando o seu tom.<\/p>\n<p>A outra prisioneira fala que Sandra vai se arrepender das amea\u00e7as e avisa que vai mostrar o que acontece com quem ousa enfrent\u00e1-la.<\/p>\n<p>Em um ato de f\u00faria, Sandra empurra a sua inimiga, derrubando-a no ch\u00e3o. Depois, a loira esbofeteia a detenta sem d\u00f3 ou piedade. Pouco tempo depois, pessoas encontram a mulher estatelada no banheiro e uma prisioneira grita no refeit\u00f3rio lotado:<\/p>\n<p>&#8220;Gente, fizeram picadinho da Selma! Acabaram com a vida dela e ningu\u00e9m sabe quem foi!&#8221;<br \/>\n<!--FIM--><\/p>\n<h2>Coment\u00e1rios em Resumos de \u00cata Mundo Melhor!<\/h2>\n<div class=\"fb-comments\" data-width=\"100%\" data-order-by=\"reverse_time\" data-numposts=\"5\"><\/div>\n<h2>Saiba mais sobre \u00cata Mundo Melhor!:<\/h2>\n<blockquote><p><a href=\"https:\/\/tvnovelas.com.br\/page2\/arquivo\/eta-mundo-melhor-a-volta-de-candinho-e-policarpo\/&quot;\" target=\"_blank\" rel=\"noopener\"><strong>\u00cata Mundo Melhor!: A volta de Candinho e Policarpo<\/strong><\/a> (Sinopse)<\/p><\/blockquote>\n<h2>Outros resumos atualizados<\/h2>\n<div class=\"pt-cv-wrapper\">Erro: visualiza\u00e7\u00e3o <strong>662bf56ijm<\/strong> pode n\u00e3o existir<\/div>\n<h2>\u00daltimas not\u00edcias das novelas<\/h2>\n<p>[wp-rss-aggregator feeds=&#8221;todas&#8221;]<\/p>\n<h2>Mais:<\/h2>\n<p><a href=\"https:\/\/pt.wikipedia.org\/wiki\/%C3%8Ata_Mundo_Melhor!\" target=\"_blank\" rel=\"noopener\">Sobre \u00cata Mundo Melhor!, na Wikipedia<\/a><br \/>\n<a href=\"https:\/\/tvnovelas.com.br\/filmes\/filmes-na-tv-segunda\/\" target=\"_blank\" rel=\"noopener\">Confira a Programa\u00e7\u00e3o de Filmes na TV aberta<\/a><br \/>\n<a href=\"https:\/\/tvnovelas.com.br\/novelas\/\" target=\"_blank\" rel=\"noopener\">Resumos de todas as novelas<\/a><\/p>\n","protected":false},"excerpt":{"rendered":"<p>\u00cata Mundo Melhor!:  Sandra mata mulher na cadeia&#8230; Em \u00cata Mundo Melhor!, Sandra (Fl\u00e1via Alessandra) est\u00e1 presa pelos crimes que cometeu, mas o tempo reclusa&#8230;<\/p>\n","protected":false},"author":1,"featured_media":77981,"comment_status":"closed","ping_status":"closed","sticky":false,"template":"","format":"standard","meta":{"_uf_show_specific_survey":0,"_uf_disable_surveys":false,"_jetpack_memberships_contains_paid_content":false,"footnotes":"","_wp_rev_ctl_limit":""},"categories":[920,353],"tags":[921,5],"class_list":["post-77980","post","type-post","status-publish","format-standard","has-post-thumbnail","hentry","category-eta-mundo-melhor","category-resumos-de-novelas","tag-eta-mundo-melhor","tag-globo","wpcat-920-id","wpcat-353-id"],"aioseo_notices":[],"jetpack_featured_media_url":"https:\/\/i0.wp.com\/www.tvnovelas.com.br\/tvnews\/wp-content\/uploads\/2025\/07\/11451.jpg?fit=728%2C410&ssl=1","jetpack_shortlink":"https:\/\/wp.me\/pdP2BO-khK","jetpack_sharing_enabled":true,"_links":{"self":[{"href":"https:\/\/www.tvnovelas.com.br\/tvnews\/wp-json\/wp\/v2\/posts\/77980","targetHints":{"allow":["GET"]}}],"collection":[{"href":"https:\/\/www.tvnovelas.com.br\/tvnews\/wp-json\/wp\/v2\/posts"}],"about":[{"href":"https:\/\/www.tvnovelas.com.br\/tvnews\/wp-json\/wp\/v2\/types\/post"}],"author":[{"embeddable":true,"href":"https:\/\/www.tvnovelas.com.br\/tvnews\/wp-json\/wp\/v2\/users\/1"}],"replies":[{"embeddable":true,"href":"https:\/\/www.tvnovelas.com.br\/tvnews\/wp-json\/wp\/v2\/comments?post=77980"}],"version-history":[{"count":3,"href":"https:\/\/www.tvnovelas.com.br\/tvnews\/wp-json\/wp\/v2\/posts\/77980\/revisions"}],"predecessor-version":[{"id":77984,"href":"https:\/\/www.tvnovelas.com.br\/tvnews\/wp-json\/wp\/v2\/posts\/77980\/revisions\/77984"}],"wp:featuredmedia":[{"embeddable":true,"href":"https:\/\/www.tvnovelas.com.br\/tvnews\/wp-json\/wp\/v2\/media\/77981"}],"wp:attachment":[{"href":"https:\/\/www.tvnovelas.com.br\/tvnews\/wp-json\/wp\/v2\/media?parent=77980"}],"wp:term":[{"taxonomy":"category","embeddable":true,"href":"https:\/\/www.tvnovelas.com.br\/tvnews\/wp-json\/wp\/v2\/categories?post=77980"},{"taxonomy":"post_tag","embeddable":true,"href":"https:\/\/www.tvnovelas.com.br\/tvnews\/wp-json\/wp\/v2\/tags?post=77980"}],"curies":[{"name":"wp","href":"https:\/\/api.w.org\/{rel}","templated":true}]}}