{"id":78014,"date":"2025-07-06T09:25:27","date_gmt":"2025-07-06T12:25:27","guid":{"rendered":"https:\/\/www.tvnovelas.com.br\/tvnews\/?p=78014"},"modified":"2025-07-06T09:25:27","modified_gmt":"2025-07-06T12:25:27","slug":"eta-mundo-melhor-candinho-cai-em-golpe-de-celso","status":"publish","type":"post","link":"https:\/\/www.tvnovelas.com.br\/tvnews\/eta-mundo-melhor-candinho-cai-em-golpe-de-celso\/","title":{"rendered":"\u00cata Mundo Melhor!:  Candinho cai em golpe de Celso"},"content":{"rendered":"<figure id=\"attachment_78015\" aria-describedby=\"caption-attachment-78015\" style=\"width: 728px\" class=\"wp-caption alignnone\"><img data-recalc-dims=\"1\" decoding=\"async\" class=\"wp-image-78015 size-full\" title=\"(Foto: TV Globo\/\u00cata Mundo Melhor!)\" src=\"https:\/\/i0.wp.com\/www.tvnovelas.com.br\/tvnews\/wp-content\/uploads\/2025\/07\/11454.jpg?resize=728%2C410&#038;ssl=1\" alt=\"Foto em \u00cata Mundo Melhor!: Candinho cai em golpe de Celso\" width=\"728\" height=\"410\" srcset=\"https:\/\/i0.wp.com\/www.tvnovelas.com.br\/tvnews\/wp-content\/uploads\/2025\/07\/11454.jpg?w=728&amp;ssl=1 728w, https:\/\/i0.wp.com\/www.tvnovelas.com.br\/tvnews\/wp-content\/uploads\/2025\/07\/11454.jpg?resize=250%2C141&amp;ssl=1 250w\" sizes=\"(max-width: 728px) 100vw, 728px\" \/><figcaption id=\"caption-attachment-78015\" class=\"wp-caption-text\">\u00cata Mundo Melhor!: Candinho cai em golpe de Celso<\/figcaption><\/figure>\n<p>Em \u00cata Mundo Melhor!, desde que ficou de fora da heran\u00e7a de Anast\u00e1cia (Eliane Giardini, Celso (Rainer Cadete) voltou a ser um homem ganancioso. Ele far\u00e1 de tudo para conseguir dinheiro, e isso inclui at\u00e9 mesmo trair Candinho (Sergio Guiz\u00e9), um de seus maiores aliados.<\/p>\n<p>Ele convence Ara\u00fajo (Fl\u00e1vio Tolezani) a entrar em um esquema fraudulento de venda da f\u00e1brica de sabonetes para comprar uma f\u00e1brica de biscoitos. A ideia \u00e9 que, caso Candinho tope vender o empreendimento herdado de sua m\u00e3e, ele e Ara\u00fajo levem uma bolada por fora.<\/p>\n<p>Por isso, ao encontrar seu primo, Celso logo aborda o assunto, em busca de uma resposta:<\/p>\n<p>&#8220;Al\u00e9m do dinheiro com a venda, ter\u00e3o um neg\u00f3cio ainda mais lucrativo nas m\u00e3os. J\u00e1 levantei os n\u00fameros e constatei que a f\u00e1brica de biscoitos \u00e9 um sucesso!&#8221;, argumenta Celso.<\/p>\n<p>Candinho fica dividido com a ideia, mas Celso insiste, e o golpe funciona:<\/p>\n<p>&#8220;Basta dizer \u201csim\u201d e ter\u00e1 seguido o melhor caminho. Eu garanto, n\u00e3o ir\u00e1 se arrepender.&#8221;<\/p>\n<p>&#8220;B\u00e3o, si \u00e9 anssim, eu aceito!&#8221;, responde Candinho.<\/p>\n<p>Logo em seguida, o neg\u00f3cio \u00e9 fechado, e Celso comemora que o plano deu certo.<br \/>\n<!--FIM--><\/p>\n<h2>Coment\u00e1rios em Resumos de \u00cata Mundo Melhor!<\/h2>\n<div class=\"fb-comments\" data-width=\"100%\" data-order-by=\"reverse_time\" data-numposts=\"5\"><\/div>\n<h2>Saiba mais sobre \u00cata Mundo Melhor!:<\/h2>\n<blockquote><p><a href=\"https:\/\/tvnovelas.com.br\/page2\/arquivo\/eta-mundo-melhor-a-volta-de-candinho-e-policarpo\/&quot;\" target=\"_blank\" rel=\"noopener\"><strong>\u00cata Mundo Melhor!: A volta de Candinho e Policarpo<\/strong><\/a> (Sinopse)<\/p><\/blockquote>\n<h2>Outros resumos atualizados<\/h2>\n<div class=\"pt-cv-wrapper\">Erro: visualiza\u00e7\u00e3o <strong>662bf56ijm<\/strong> pode n\u00e3o existir<\/div>\n<h2>\u00daltimas not\u00edcias das novelas<\/h2>\n<p>[wp-rss-aggregator feeds=&#8221;todas&#8221;]<\/p>\n<h2>Mais:<\/h2>\n<p><a href=\"https:\/\/pt.wikipedia.org\/wiki\/%C3%8Ata_Mundo_Melhor!\" target=\"_blank\" rel=\"noopener\">Sobre \u00cata Mundo Melhor!, na Wikipedia<\/a><br \/>\n<a href=\"https:\/\/tvnovelas.com.br\/filmes\/filmes-na-tv-segunda\/\" target=\"_blank\" rel=\"noopener\">Confira a Programa\u00e7\u00e3o de Filmes na TV aberta<\/a><br \/>\n<a href=\"https:\/\/tvnovelas.com.br\/novelas\/\" target=\"_blank\" rel=\"noopener\">Resumos de todas as novelas<\/a><\/p>\n","protected":false},"excerpt":{"rendered":"<p>\u00cata Mundo Melhor!:  Candinho cai em golpe de Celso&#8230; Em \u00cata Mundo Melhor!, desde que ficou de fora da heran\u00e7a de Anast\u00e1cia (Eliane Giardini, Celso&#8230;<\/p>\n","protected":false},"author":1,"featured_media":78015,"comment_status":"closed","ping_status":"closed","sticky":false,"template":"","format":"standard","meta":{"_uf_show_specific_survey":0,"_uf_disable_surveys":false,"_jetpack_memberships_contains_paid_content":false,"footnotes":"","_wp_rev_ctl_limit":""},"categories":[920],"tags":[921,5,64],"class_list":["post-78014","post","type-post","status-publish","format-standard","has-post-thumbnail","hentry","category-eta-mundo-melhor","tag-eta-mundo-melhor","tag-globo","tag-novelas","wpcat-920-id"],"aioseo_notices":[],"jetpack_featured_media_url":"https:\/\/i0.wp.com\/www.tvnovelas.com.br\/tvnews\/wp-content\/uploads\/2025\/07\/11454.jpg?fit=728%2C410&ssl=1","jetpack_shortlink":"https:\/\/wp.me\/pdP2BO-kii","jetpack_sharing_enabled":true,"_links":{"self":[{"href":"https:\/\/www.tvnovelas.com.br\/tvnews\/wp-json\/wp\/v2\/posts\/78014","targetHints":{"allow":["GET"]}}],"collection":[{"href":"https:\/\/www.tvnovelas.com.br\/tvnews\/wp-json\/wp\/v2\/posts"}],"about":[{"href":"https:\/\/www.tvnovelas.com.br\/tvnews\/wp-json\/wp\/v2\/types\/post"}],"author":[{"embeddable":true,"href":"https:\/\/www.tvnovelas.com.br\/tvnews\/wp-json\/wp\/v2\/users\/1"}],"replies":[{"embeddable":true,"href":"https:\/\/www.tvnovelas.com.br\/tvnews\/wp-json\/wp\/v2\/comments?post=78014"}],"version-history":[{"count":2,"href":"https:\/\/www.tvnovelas.com.br\/tvnews\/wp-json\/wp\/v2\/posts\/78014\/revisions"}],"predecessor-version":[{"id":78017,"href":"https:\/\/www.tvnovelas.com.br\/tvnews\/wp-json\/wp\/v2\/posts\/78014\/revisions\/78017"}],"wp:featuredmedia":[{"embeddable":true,"href":"https:\/\/www.tvnovelas.com.br\/tvnews\/wp-json\/wp\/v2\/media\/78015"}],"wp:attachment":[{"href":"https:\/\/www.tvnovelas.com.br\/tvnews\/wp-json\/wp\/v2\/media?parent=78014"}],"wp:term":[{"taxonomy":"category","embeddable":true,"href":"https:\/\/www.tvnovelas.com.br\/tvnews\/wp-json\/wp\/v2\/categories?post=78014"},{"taxonomy":"post_tag","embeddable":true,"href":"https:\/\/www.tvnovelas.com.br\/tvnews\/wp-json\/wp\/v2\/tags?post=78014"}],"curies":[{"name":"wp","href":"https:\/\/api.w.org\/{rel}","templated":true}]}}