{"id":78048,"date":"2025-07-07T08:47:47","date_gmt":"2025-07-07T11:47:47","guid":{"rendered":"https:\/\/www.tvnovelas.com.br\/tvnews\/?p=78048"},"modified":"2025-07-07T08:47:47","modified_gmt":"2025-07-07T11:47:47","slug":"eta-mundo-melhor-candinho-e-filho-se-reencontram-apos-passagem-de-tempo","status":"publish","type":"post","link":"https:\/\/www.tvnovelas.com.br\/tvnews\/eta-mundo-melhor-candinho-e-filho-se-reencontram-apos-passagem-de-tempo\/","title":{"rendered":"\u00cata Mundo Melhor!: Candinho e filho se reencontram ap\u00f3s passagem de tempo"},"content":{"rendered":"<figure id=\"attachment_78049\" aria-describedby=\"caption-attachment-78049\" style=\"width: 728px\" class=\"wp-caption alignnone\"><img data-recalc-dims=\"1\" decoding=\"async\" class=\"wp-image-78049 size-full\" title=\"(Foto: TV Globo\/\u00cata Mundo Melhor!)\" src=\"https:\/\/i0.wp.com\/www.tvnovelas.com.br\/tvnews\/wp-content\/uploads\/2025\/07\/11458.jpg?resize=728%2C410&#038;ssl=1\" alt=\"Foto em \u00cata Mundo Melhor!: Candinho e filho se reencontram ap\u00f3s passagem de tempo\" width=\"728\" height=\"410\" srcset=\"https:\/\/i0.wp.com\/www.tvnovelas.com.br\/tvnews\/wp-content\/uploads\/2025\/07\/11458.jpg?w=728&amp;ssl=1 728w, https:\/\/i0.wp.com\/www.tvnovelas.com.br\/tvnews\/wp-content\/uploads\/2025\/07\/11458.jpg?resize=250%2C141&amp;ssl=1 250w\" sizes=\"(max-width: 728px) 100vw, 728px\" \/><figcaption id=\"caption-attachment-78049\" class=\"wp-caption-text\">\u00cata Mundo Melhor!: Candinho e filho se reencontram ap\u00f3s passagem de tempo<\/figcaption><\/figure>\n<p>Em \u00cata Mundo Melhor!, Os cap\u00edtulos da semana ser\u00e3o marcados por uma passagem de tempo de alguns anos, que mostrar\u00e3o a continua\u00e7\u00e3o da saga de Candinho em busca de seu filho. As crian\u00e7as crescem, a cidade de S\u00e3o Paulo segue em progresso e Samir e j\u00e1 est\u00e1 bem maior.<\/p>\n<p>\u00c9 a\u00ed que o destino tamb\u00e9m pregar\u00e1 uma pe\u00e7a emocionante na vida de Candinho. Anos depois do sequestro de Junior, pai e filho ficar\u00e3o frente a frente.<\/p>\n<p>Tudo acontece por acaso, quando o pequeno Samir esbarra em Candinho no meio da rua. Rapidamente rola uma conex\u00e3o entre os dois, que nem desconfiam do la\u00e7o que os une.<br \/>\n<!--FIM--><\/p>\n<h2>Coment\u00e1rios em Resumos de \u00cata Mundo Melhor!<\/h2>\n<div class=\"fb-comments\" data-width=\"100%\" data-order-by=\"reverse_time\" data-numposts=\"5\"><\/div>\n<h2>Saiba mais sobre \u00cata Mundo Melhor!:<\/h2>\n<blockquote><p><a href=\"https:\/\/tvnovelas.com.br\/page2\/arquivo\/eta-mundo-melhor-a-volta-de-candinho-e-policarpo\/&quot;\" target=\"_blank\" rel=\"noopener\"><strong>\u00cata Mundo Melhor!: A volta de Candinho e Policarpo<\/strong><\/a> (Sinopse)<\/p><\/blockquote>\n<h2>Outros resumos atualizados<\/h2>\n<div class=\"pt-cv-wrapper\">Erro: visualiza\u00e7\u00e3o <strong>662bf56ijm<\/strong> pode n\u00e3o existir<\/div>\n<h2>\u00daltimas not\u00edcias das novelas<\/h2>\n<p>[wp-rss-aggregator feeds=&#8221;todas&#8221;]<\/p>\n<h2>Mais:<\/h2>\n<p><a href=\"https:\/\/pt.wikipedia.org\/wiki\/%C3%8Ata_Mundo_Melhor!\" target=\"_blank\" rel=\"noopener\">Sobre \u00cata Mundo Melhor!, na Wikipedia<\/a><br \/>\n<a href=\"https:\/\/tvnovelas.com.br\/filmes\/filmes-na-tv-segunda\/\" target=\"_blank\" rel=\"noopener\">Confira a Programa\u00e7\u00e3o de Filmes na TV aberta<\/a><br \/>\n<a href=\"https:\/\/tvnovelas.com.br\/novelas\/\" target=\"_blank\" rel=\"noopener\">Resumos de todas as novelas<\/a><\/p>\n","protected":false},"excerpt":{"rendered":"<p>\u00cata Mundo Melhor!: Candinho e filho se reencontram&#8230; Em \u00cata Mundo Melhor!, Os cap\u00edtulos da semana ser\u00e3o marcados por uma passagem de tempo de alguns anos&#8230;<\/p>\n","protected":false},"author":1,"featured_media":78049,"comment_status":"closed","ping_status":"closed","sticky":false,"template":"","format":"standard","meta":{"_uf_show_specific_survey":0,"_uf_disable_surveys":false,"_jetpack_memberships_contains_paid_content":false,"footnotes":"","_wp_rev_ctl_limit":""},"categories":[920],"tags":[921,5,64],"class_list":["post-78048","post","type-post","status-publish","format-standard","has-post-thumbnail","hentry","category-eta-mundo-melhor","tag-eta-mundo-melhor","tag-globo","tag-novelas","wpcat-920-id"],"aioseo_notices":[],"jetpack_featured_media_url":"https:\/\/i0.wp.com\/www.tvnovelas.com.br\/tvnews\/wp-content\/uploads\/2025\/07\/11458.jpg?fit=728%2C410&ssl=1","jetpack_shortlink":"https:\/\/wp.me\/pdP2BO-kiQ","jetpack_sharing_enabled":true,"_links":{"self":[{"href":"https:\/\/www.tvnovelas.com.br\/tvnews\/wp-json\/wp\/v2\/posts\/78048","targetHints":{"allow":["GET"]}}],"collection":[{"href":"https:\/\/www.tvnovelas.com.br\/tvnews\/wp-json\/wp\/v2\/posts"}],"about":[{"href":"https:\/\/www.tvnovelas.com.br\/tvnews\/wp-json\/wp\/v2\/types\/post"}],"author":[{"embeddable":true,"href":"https:\/\/www.tvnovelas.com.br\/tvnews\/wp-json\/wp\/v2\/users\/1"}],"replies":[{"embeddable":true,"href":"https:\/\/www.tvnovelas.com.br\/tvnews\/wp-json\/wp\/v2\/comments?post=78048"}],"version-history":[{"count":2,"href":"https:\/\/www.tvnovelas.com.br\/tvnews\/wp-json\/wp\/v2\/posts\/78048\/revisions"}],"predecessor-version":[{"id":78051,"href":"https:\/\/www.tvnovelas.com.br\/tvnews\/wp-json\/wp\/v2\/posts\/78048\/revisions\/78051"}],"wp:featuredmedia":[{"embeddable":true,"href":"https:\/\/www.tvnovelas.com.br\/tvnews\/wp-json\/wp\/v2\/media\/78049"}],"wp:attachment":[{"href":"https:\/\/www.tvnovelas.com.br\/tvnews\/wp-json\/wp\/v2\/media?parent=78048"}],"wp:term":[{"taxonomy":"category","embeddable":true,"href":"https:\/\/www.tvnovelas.com.br\/tvnews\/wp-json\/wp\/v2\/categories?post=78048"},{"taxonomy":"post_tag","embeddable":true,"href":"https:\/\/www.tvnovelas.com.br\/tvnews\/wp-json\/wp\/v2\/tags?post=78048"}],"curies":[{"name":"wp","href":"https:\/\/api.w.org\/{rel}","templated":true}]}}