{"id":78064,"date":"2025-07-07T11:45:15","date_gmt":"2025-07-07T14:45:15","guid":{"rendered":"https:\/\/www.tvnovelas.com.br\/tvnews\/?p=78064"},"modified":"2025-07-07T11:45:15","modified_gmt":"2025-07-07T14:45:15","slug":"o-rico-e-lazaro-evil-merodaque-enfrenta-dilema-para-salvar-a-filha","status":"publish","type":"post","link":"https:\/\/www.tvnovelas.com.br\/tvnews\/o-rico-e-lazaro-evil-merodaque-enfrenta-dilema-para-salvar-a-filha\/","title":{"rendered":"O Rico e L\u00e1zaro: Evil-Merodaque enfrenta dilema para salvar a filha"},"content":{"rendered":"<figure id=\"attachment_78065\" aria-describedby=\"caption-attachment-78065\" style=\"width: 728px\" class=\"wp-caption alignnone\"><img data-recalc-dims=\"1\" decoding=\"async\" class=\"wp-image-78065 size-full\" title=\"(Foto TV Record\/ O Rico e L\u00e1zaro)\" src=\"https:\/\/i0.wp.com\/www.tvnovelas.com.br\/tvnews\/wp-content\/uploads\/2025\/07\/11462.jpg?resize=728%2C410&#038;ssl=1\" alt=\"Foto em O Rico e L\u00e1zaro: Evil-Merodaque enfrenta dilema para salvar a filha\" width=\"728\" height=\"410\" srcset=\"https:\/\/i0.wp.com\/www.tvnovelas.com.br\/tvnews\/wp-content\/uploads\/2025\/07\/11462.jpg?w=728&amp;ssl=1 728w, https:\/\/i0.wp.com\/www.tvnovelas.com.br\/tvnews\/wp-content\/uploads\/2025\/07\/11462.jpg?resize=250%2C141&amp;ssl=1 250w\" sizes=\"(max-width: 728px) 100vw, 728px\" \/><figcaption id=\"caption-attachment-78065\" class=\"wp-caption-text\">O Rico e L\u00e1zaro: Evil-Merodaque enfrenta dilema para salvar a filha<\/figcaption><\/figure>\n<p>No cap\u00edtulo de de O Rico e L\u00e1zaro desta segunda, dia 7, Evil-Merodaque enfrenta um grande dilema para salvar sua filha, que se encontra em grave perigo. O pr\u00edncipe precisa tomar uma decis\u00e3o dif\u00edcil que pode colocar em risco seu trono e sua pr\u00f3pria vida para proteger a crian\u00e7a.<\/p>\n<p>Nit\u00f3cris corre risco e o pal\u00e1cio fica em tens\u00e3o com a amea\u00e7a de um atentado.<\/p>\n<p>O resumo do cap\u00edtulo desta segunda, dia 07<br \/>\nEvil-Merodaque se desespera ao saber que sua filha est\u00e1 em perigo e precisa tomar uma decis\u00e3o dif\u00edcil para salv\u00e1-la. Nebuzarad\u00e3 arma para prejudicar o pr\u00edncipe e fortalecer sua posi\u00e7\u00e3o no pal\u00e1cio. Asher tenta ajudar Joana, que sofre com as investidas de Zac. Nit\u00f3cris corre risco e o pal\u00e1cio fica em tens\u00e3o com a amea\u00e7a de um atentado. Na Casa da Lua, Sammu-Ramat trama novos planos para manipular os nobres. No campo, Daniel e os amigos seguem firmes na f\u00e9 diante das adversidades.<\/p>\n<p>Enquanto isso, intrigas no pal\u00e1cio aumentam e os inimigos de Evil-Merodaque tentam se aproveitar da situa\u00e7\u00e3o delicada para desestabilizar o governo da Babil\u00f4nia.<\/p>\n<div class=\"fb-comments\" data-width=\"100%\" data-order-by=\"reverse_time\" data-numposts=\"5\"><\/div>\n<h2>Saiba mais:<\/h2>\n<p><a href=\"https:\/\/tvnovelas.com.br\/filmes\/filmes-na-tv-segunda\/\" target=\"_blank\" rel=\"noopener\">Confira a Programa\u00e7\u00e3o de Filmes na TV aberta<\/a><br \/>\n<a href=\"https:\/\/www.facebook.com\/tevenovelas\/\" target=\"_blank\" rel=\"noopener\">As \u00faltimas not\u00edcias do TV Novelas no Facebook<\/a><br \/>\n<a href=\"https:\/\/tvnovelas.com.br\/novelas\/\">O que acontece nas outras novelas<\/a><\/p>\n<h2>\u00daltimas not\u00edcias das novelas<\/h2>\n<p>[wp-rss-aggregator feeds=&#8221;todas&#8221;]<\/p>\n","protected":false},"excerpt":{"rendered":"<p>O Rico e L\u00e1zaro: Evil-Merodaque enfrenta dilema&#8230; No cap\u00edtulo de de O Rico e L\u00e1zaro desta segunda, dia 7, Evil-Merodaque enfrenta um grande dilema&#8230;<\/p>\n","protected":false},"author":1,"featured_media":78065,"comment_status":"closed","ping_status":"closed","sticky":false,"template":"","format":"standard","meta":{"_uf_show_specific_survey":0,"_uf_disable_surveys":false,"_jetpack_memberships_contains_paid_content":false,"footnotes":"","_wp_rev_ctl_limit":""},"categories":[912],"tags":[64,52,14],"class_list":["post-78064","post","type-post","status-publish","format-standard","has-post-thumbnail","hentry","category-o-rico-e-lazaro","tag-novelas","tag-o-rico-e-lazaro","tag-record","wpcat-912-id"],"aioseo_notices":[],"jetpack_featured_media_url":"https:\/\/i0.wp.com\/www.tvnovelas.com.br\/tvnews\/wp-content\/uploads\/2025\/07\/11462.jpg?fit=728%2C410&ssl=1","jetpack_shortlink":"https:\/\/wp.me\/pdP2BO-kj6","jetpack_sharing_enabled":true,"_links":{"self":[{"href":"https:\/\/www.tvnovelas.com.br\/tvnews\/wp-json\/wp\/v2\/posts\/78064","targetHints":{"allow":["GET"]}}],"collection":[{"href":"https:\/\/www.tvnovelas.com.br\/tvnews\/wp-json\/wp\/v2\/posts"}],"about":[{"href":"https:\/\/www.tvnovelas.com.br\/tvnews\/wp-json\/wp\/v2\/types\/post"}],"author":[{"embeddable":true,"href":"https:\/\/www.tvnovelas.com.br\/tvnews\/wp-json\/wp\/v2\/users\/1"}],"replies":[{"embeddable":true,"href":"https:\/\/www.tvnovelas.com.br\/tvnews\/wp-json\/wp\/v2\/comments?post=78064"}],"version-history":[{"count":1,"href":"https:\/\/www.tvnovelas.com.br\/tvnews\/wp-json\/wp\/v2\/posts\/78064\/revisions"}],"predecessor-version":[{"id":78066,"href":"https:\/\/www.tvnovelas.com.br\/tvnews\/wp-json\/wp\/v2\/posts\/78064\/revisions\/78066"}],"wp:featuredmedia":[{"embeddable":true,"href":"https:\/\/www.tvnovelas.com.br\/tvnews\/wp-json\/wp\/v2\/media\/78065"}],"wp:attachment":[{"href":"https:\/\/www.tvnovelas.com.br\/tvnews\/wp-json\/wp\/v2\/media?parent=78064"}],"wp:term":[{"taxonomy":"category","embeddable":true,"href":"https:\/\/www.tvnovelas.com.br\/tvnews\/wp-json\/wp\/v2\/categories?post=78064"},{"taxonomy":"post_tag","embeddable":true,"href":"https:\/\/www.tvnovelas.com.br\/tvnews\/wp-json\/wp\/v2\/tags?post=78064"}],"curies":[{"name":"wp","href":"https:\/\/api.w.org\/{rel}","templated":true}]}}