{"id":78087,"date":"2025-07-08T08:46:56","date_gmt":"2025-07-08T11:46:56","guid":{"rendered":"https:\/\/www.tvnovelas.com.br\/tvnews\/?p=78087"},"modified":"2025-07-08T08:46:56","modified_gmt":"2025-07-08T11:46:56","slug":"eta-mundo-melhor-dita-canta-e-se-torna-uma-das-cantoras-do-radio","status":"publish","type":"post","link":"https:\/\/www.tvnovelas.com.br\/tvnews\/eta-mundo-melhor-dita-canta-e-se-torna-uma-das-cantoras-do-radio\/","title":{"rendered":"\u00cata Mundo Melhor!: Dita canta e se torna uma das cantoras do r\u00e1dio"},"content":{"rendered":"<figure id=\"attachment_78088\" aria-describedby=\"caption-attachment-78088\" style=\"width: 728px\" class=\"wp-caption alignnone\"><img data-recalc-dims=\"1\" decoding=\"async\" class=\"wp-image-78088 size-full\" title=\"(Foto: TV Globo\/\u00cata Mundo Melhor!)\" src=\"https:\/\/i0.wp.com\/www.tvnovelas.com.br\/tvnews\/wp-content\/uploads\/2025\/07\/11466.jpg?resize=728%2C410&#038;ssl=1\" alt=\"Foto em \u00cata Mundo Melhor!: Dita canta e se torna uma das cantoras do r\u00e1dio\" width=\"728\" height=\"410\" srcset=\"https:\/\/i0.wp.com\/www.tvnovelas.com.br\/tvnews\/wp-content\/uploads\/2025\/07\/11466.jpg?w=728&amp;ssl=1 728w, https:\/\/i0.wp.com\/www.tvnovelas.com.br\/tvnews\/wp-content\/uploads\/2025\/07\/11466.jpg?resize=250%2C141&amp;ssl=1 250w\" sizes=\"(max-width: 728px) 100vw, 728px\" \/><figcaption id=\"caption-attachment-78088\" class=\"wp-caption-text\">\u00cata Mundo Melhor!: Dita canta e se torna uma das cantoras do r\u00e1dio<\/figcaption><\/figure>\n<p>Em &#8220;\u00cata Mundo melhor!&#8221;, chegou o dia dela! Dita (Jeniffer Nascimento) se prepara para cantar no concurso de calouros da r\u00e1dio e dar o pontap\u00e9 inicial em seu sonho de se tornar uma grande cantora. Ainda na coxia, ela n\u00e3o consegue esconder o nervosismo ao ser chamada aos palcos por L\u00facio (Tony Tornado).<\/p>\n<p>J\u00e1 no palco, Dita explica a todos que n\u00e3o tem experi\u00eancia e s\u00f3 cantava sozinha no s\u00edtio e no chuveiro.<\/p>\n<p>&#8220;Ent\u00e3o, essa \u00e9 a hora de mostrar o seu talento, menina! O que vai cantar pra gente?&#8221;, indaga L\u00facio.<\/p>\n<p>&#8220;Eu v\u00f4 cant\u00e1 a m\u00fasica que minha tia botava pra eu quando era crian\u00e7a. Sempre parava de chor\u00e1. Chama: &#8216;Proc\u00ea Gost\u00e1 de Mim'&#8221;, ela responde.<\/p>\n<p>&#8220;Uma escolha arriscada! Essa marchinha foi imortalizada na voz da Carmen Miranda!&#8221;, explica L\u00facio.<\/p>\n<p>Mas, ao contr\u00e1rio do que todos na plateia esperavam, Dita solta a voz, arrasa em sua apresenta\u00e7\u00e3o e \u00e9 ovacionada pelo p\u00fablico.<\/p>\n<p>&#8220;Parece que, hoje, estamos conhecendo uma nova estrela! Parab\u00e9ns, voc\u00ea conquistou esta plateia! Conquistou ou n\u00e3o, pessoal?&#8221;, diz L\u00facio.<\/p>\n<p>O p\u00fablico reage entusiasmado, e Dita acaba vencendo o concurso de calouros e se emociona! Como pr\u00eamio, ela assina um contrato para se tornar uma das cantoras da r\u00e1dio.<br \/>\n<!--FIM--><\/p>\n<h2>Coment\u00e1rios em Resumos de \u00cata Mundo Melhor!<\/h2>\n<div class=\"fb-comments\" data-width=\"100%\" data-order-by=\"reverse_time\" data-numposts=\"5\"><\/div>\n<h2>Saiba mais sobre \u00cata Mundo Melhor!:<\/h2>\n<blockquote><p><a href=\"https:\/\/tvnovelas.com.br\/page2\/arquivo\/eta-mundo-melhor-a-volta-de-candinho-e-policarpo\/&quot;\" target=\"_blank\" rel=\"noopener\"><strong>\u00cata Mundo Melhor!: A volta de Candinho e Policarpo<\/strong><\/a> (Sinopse)<\/p><\/blockquote>\n<h2>Outros resumos atualizados<\/h2>\n<div class=\"pt-cv-wrapper\">Erro: visualiza\u00e7\u00e3o <strong>662bf56ijm<\/strong> pode n\u00e3o existir<\/div>\n<h2>\u00daltimas not\u00edcias das novelas<\/h2>\n<p>[wp-rss-aggregator feeds=&#8221;todas&#8221;]<\/p>\n<h2>Mais:<\/h2>\n<p><a href=\"https:\/\/pt.wikipedia.org\/wiki\/%C3%8Ata_Mundo_Melhor!\" target=\"_blank\" rel=\"noopener\">Sobre \u00cata Mundo Melhor!, na Wikipedia<\/a><br \/>\n<a href=\"https:\/\/tvnovelas.com.br\/filmes\/filmes-na-tv-segunda\/\" target=\"_blank\" rel=\"noopener\">Confira a Programa\u00e7\u00e3o de Filmes na TV aberta<\/a><br \/>\n<a href=\"https:\/\/tvnovelas.com.br\/novelas\/\" target=\"_blank\" rel=\"noopener\">Resumos de todas as novelas<\/a><\/p>\n","protected":false},"excerpt":{"rendered":"<p>\u00cata Mundo Melhor!: Dita canta e se torna&#8230; Em &#8220;\u00cata Mundo melhor!&#8221;, chegou o dia dela! Dita (Jeniffer Nascimento) se prepara para cantar no concurso de calouros&#8230;<\/p>\n","protected":false},"author":1,"featured_media":78088,"comment_status":"closed","ping_status":"closed","sticky":false,"template":"","format":"standard","meta":{"_uf_show_specific_survey":0,"_uf_disable_surveys":false,"_jetpack_memberships_contains_paid_content":false,"footnotes":"","_wp_rev_ctl_limit":""},"categories":[920],"tags":[921,5,64],"class_list":["post-78087","post","type-post","status-publish","format-standard","has-post-thumbnail","hentry","category-eta-mundo-melhor","tag-eta-mundo-melhor","tag-globo","tag-novelas","wpcat-920-id"],"aioseo_notices":[],"jetpack_featured_media_url":"https:\/\/i0.wp.com\/www.tvnovelas.com.br\/tvnews\/wp-content\/uploads\/2025\/07\/11466.jpg?fit=728%2C410&ssl=1","jetpack_shortlink":"https:\/\/wp.me\/pdP2BO-kjt","jetpack_sharing_enabled":true,"_links":{"self":[{"href":"https:\/\/www.tvnovelas.com.br\/tvnews\/wp-json\/wp\/v2\/posts\/78087","targetHints":{"allow":["GET"]}}],"collection":[{"href":"https:\/\/www.tvnovelas.com.br\/tvnews\/wp-json\/wp\/v2\/posts"}],"about":[{"href":"https:\/\/www.tvnovelas.com.br\/tvnews\/wp-json\/wp\/v2\/types\/post"}],"author":[{"embeddable":true,"href":"https:\/\/www.tvnovelas.com.br\/tvnews\/wp-json\/wp\/v2\/users\/1"}],"replies":[{"embeddable":true,"href":"https:\/\/www.tvnovelas.com.br\/tvnews\/wp-json\/wp\/v2\/comments?post=78087"}],"version-history":[{"count":2,"href":"https:\/\/www.tvnovelas.com.br\/tvnews\/wp-json\/wp\/v2\/posts\/78087\/revisions"}],"predecessor-version":[{"id":78090,"href":"https:\/\/www.tvnovelas.com.br\/tvnews\/wp-json\/wp\/v2\/posts\/78087\/revisions\/78090"}],"wp:featuredmedia":[{"embeddable":true,"href":"https:\/\/www.tvnovelas.com.br\/tvnews\/wp-json\/wp\/v2\/media\/78088"}],"wp:attachment":[{"href":"https:\/\/www.tvnovelas.com.br\/tvnews\/wp-json\/wp\/v2\/media?parent=78087"}],"wp:term":[{"taxonomy":"category","embeddable":true,"href":"https:\/\/www.tvnovelas.com.br\/tvnews\/wp-json\/wp\/v2\/categories?post=78087"},{"taxonomy":"post_tag","embeddable":true,"href":"https:\/\/www.tvnovelas.com.br\/tvnews\/wp-json\/wp\/v2\/tags?post=78087"}],"curies":[{"name":"wp","href":"https:\/\/api.w.org\/{rel}","templated":true}]}}