{"id":78135,"date":"2025-07-08T13:15:26","date_gmt":"2025-07-08T16:15:26","guid":{"rendered":"https:\/\/www.tvnovelas.com.br\/tvnews\/?p=78135"},"modified":"2025-07-08T13:15:26","modified_gmt":"2025-07-08T16:15:26","slug":"o-rico-e-lazaro-a-rainha-confronta-evil-merodaque","status":"publish","type":"post","link":"https:\/\/www.tvnovelas.com.br\/tvnews\/o-rico-e-lazaro-a-rainha-confronta-evil-merodaque\/","title":{"rendered":"O Rico e L\u00e1zaro: a Rainha confronta Evil-Merodaque"},"content":{"rendered":"<figure id=\"attachment_78136\" aria-describedby=\"caption-attachment-78136\" style=\"width: 723px\" class=\"wp-caption alignnone\"><img data-recalc-dims=\"1\" decoding=\"async\" class=\"wp-image-78136 size-full\" title=\"(Foto TV Record\/ O Rico e L\u00e1zaro)\" src=\"https:\/\/i0.wp.com\/www.tvnovelas.com.br\/tvnews\/wp-content\/uploads\/2025\/07\/11473.jpg?resize=723%2C408&#038;ssl=1\" alt=\"Foto em O Rico e L\u00e1zaro: a Rainha confronta Evil-Merodaque\" width=\"723\" height=\"408\" srcset=\"https:\/\/i0.wp.com\/www.tvnovelas.com.br\/tvnews\/wp-content\/uploads\/2025\/07\/11473.jpg?w=723&amp;ssl=1 723w, https:\/\/i0.wp.com\/www.tvnovelas.com.br\/tvnews\/wp-content\/uploads\/2025\/07\/11473.jpg?resize=250%2C141&amp;ssl=1 250w\" sizes=\"(max-width: 723px) 100vw, 723px\" \/><figcaption id=\"caption-attachment-78136\" class=\"wp-caption-text\">O Rico e L\u00e1zaro: a Rainha confronta Evil-Merodaque<\/figcaption><\/figure>\n<p>No cap\u00edtulo de de O Rico e L\u00e1zaro desta ter\u00e7a, dia 8, a Rainha Nit\u00f3cris confronta Evil-Merodaque sobre suas decis\u00f5es pol\u00edticas e pessoais. Incomodada com a maneira como ele vem conduzindo o trono e se afastando dos conselhos da corte, a rainha coloca o pr\u00edncipe contra a parede, questionando suas atitudes impulsivas e o impacto delas no imp\u00e9rio babil\u00f4nico.<\/p>\n<p>O resumo do cap\u00edtulo desta ter\u00e7a, dia 8:<br \/>\nEvil-Merodaque toma decis\u00f5es que causam tens\u00e3o no pal\u00e1cio, deixando a rainha Nit\u00f3cris profundamente preocupada com o rumo do imp\u00e9rio. Ela confronta o pr\u00edncipe, cobrando mais responsabilidade e equil\u00edbrio em suas escolhas. Enquanto isso, Joana segue aflita com as persegui\u00e7\u00f5es aos hebreus, e Asher tenta proteger os seus, enfrentando desafios cada vez maiores. No meio disso, Zac passa por um momento de culpa e reflex\u00e3o sobre suas atitudes. A disputa pelo poder e a f\u00e9 dos hebreus continuam sendo postas \u00e0 prova, com reviravoltas marcantes e revela\u00e7\u00f5es que podem mudar o destino de Babil\u00f4nia.<\/p>\n<p>Enquanto isso, intrigas no pal\u00e1cio aumentam e os inimigos de Evil-Merodaque tentam se aproveitar da situa\u00e7\u00e3o delicada para desestabilizar o governo da Babil\u00f4nia.<\/p>\n<div class=\"fb-comments\" data-width=\"100%\" data-order-by=\"reverse_time\" data-numposts=\"5\"><\/div>\n<h2>Saiba mais:<\/h2>\n<p><a href=\"https:\/\/tvnovelas.com.br\/filmes\/filmes-na-tv-segunda\/\" target=\"_blank\" rel=\"noopener\">Confira a Programa\u00e7\u00e3o de Filmes na TV aberta<\/a><br \/>\n<a href=\"https:\/\/www.facebook.com\/tevenovelas\/\" target=\"_blank\" rel=\"noopener\">As \u00faltimas not\u00edcias do TV Novelas no Facebook<\/a><br \/>\n<a href=\"https:\/\/tvnovelas.com.br\/novelas\/\">O que acontece nas outras novelas<\/a><\/p>\n<h2>\u00daltimas not\u00edcias das novelas<\/h2>\n<p>[wp-rss-aggregator feeds=&#8221;todas&#8221;]<\/p>\n","protected":false},"excerpt":{"rendered":"<p>O Rico e L\u00e1zaro: a Rainha confronta&#8230; No cap\u00edtulo de de O Rico e L\u00e1zaro desta ter\u00e7a, dia 8, a Rainha Nit\u00f3cris confronta Evil-Merodaque sobre suas decis\u00f5es&#8230;<\/p>\n","protected":false},"author":1,"featured_media":78136,"comment_status":"closed","ping_status":"closed","sticky":false,"template":"","format":"standard","meta":{"_uf_show_specific_survey":0,"_uf_disable_surveys":false,"_jetpack_memberships_contains_paid_content":false,"footnotes":"","_wp_rev_ctl_limit":""},"categories":[912],"tags":[64,52,14],"class_list":["post-78135","post","type-post","status-publish","format-standard","has-post-thumbnail","hentry","category-o-rico-e-lazaro","tag-novelas","tag-o-rico-e-lazaro","tag-record","wpcat-912-id"],"aioseo_notices":[],"jetpack_featured_media_url":"https:\/\/i0.wp.com\/www.tvnovelas.com.br\/tvnews\/wp-content\/uploads\/2025\/07\/11473.jpg?fit=723%2C408&ssl=1","jetpack_shortlink":"https:\/\/wp.me\/pdP2BO-kkf","jetpack_sharing_enabled":true,"_links":{"self":[{"href":"https:\/\/www.tvnovelas.com.br\/tvnews\/wp-json\/wp\/v2\/posts\/78135","targetHints":{"allow":["GET"]}}],"collection":[{"href":"https:\/\/www.tvnovelas.com.br\/tvnews\/wp-json\/wp\/v2\/posts"}],"about":[{"href":"https:\/\/www.tvnovelas.com.br\/tvnews\/wp-json\/wp\/v2\/types\/post"}],"author":[{"embeddable":true,"href":"https:\/\/www.tvnovelas.com.br\/tvnews\/wp-json\/wp\/v2\/users\/1"}],"replies":[{"embeddable":true,"href":"https:\/\/www.tvnovelas.com.br\/tvnews\/wp-json\/wp\/v2\/comments?post=78135"}],"version-history":[{"count":1,"href":"https:\/\/www.tvnovelas.com.br\/tvnews\/wp-json\/wp\/v2\/posts\/78135\/revisions"}],"predecessor-version":[{"id":78137,"href":"https:\/\/www.tvnovelas.com.br\/tvnews\/wp-json\/wp\/v2\/posts\/78135\/revisions\/78137"}],"wp:featuredmedia":[{"embeddable":true,"href":"https:\/\/www.tvnovelas.com.br\/tvnews\/wp-json\/wp\/v2\/media\/78136"}],"wp:attachment":[{"href":"https:\/\/www.tvnovelas.com.br\/tvnews\/wp-json\/wp\/v2\/media?parent=78135"}],"wp:term":[{"taxonomy":"category","embeddable":true,"href":"https:\/\/www.tvnovelas.com.br\/tvnews\/wp-json\/wp\/v2\/categories?post=78135"},{"taxonomy":"post_tag","embeddable":true,"href":"https:\/\/www.tvnovelas.com.br\/tvnews\/wp-json\/wp\/v2\/tags?post=78135"}],"curies":[{"name":"wp","href":"https:\/\/api.w.org\/{rel}","templated":true}]}}