{"id":78184,"date":"2025-07-09T11:41:50","date_gmt":"2025-07-09T14:41:50","guid":{"rendered":"https:\/\/www.tvnovelas.com.br\/tvnews\/?p=78184"},"modified":"2025-07-09T11:41:50","modified_gmt":"2025-07-09T14:41:50","slug":"o-rico-e-lazaro-evil-merodaque-clama-pelo-rei-dos-hebreus","status":"publish","type":"post","link":"https:\/\/www.tvnovelas.com.br\/tvnews\/o-rico-e-lazaro-evil-merodaque-clama-pelo-rei-dos-hebreus\/","title":{"rendered":"O Rico e L\u00e1zaro: Evil-Merodaque clama pelo rei dos hebreus"},"content":{"rendered":"<figure id=\"attachment_78185\" aria-describedby=\"caption-attachment-78185\" style=\"width: 728px\" class=\"wp-caption alignnone\"><img data-recalc-dims=\"1\" decoding=\"async\" class=\"wp-image-78185 size-full\" title=\"(Foto TV Record\/ O Rico e L\u00e1zaro)\" src=\"https:\/\/i0.wp.com\/www.tvnovelas.com.br\/tvnews\/wp-content\/uploads\/2025\/07\/11481.jpg?resize=728%2C409&#038;ssl=1\" alt=\"Foto em O Rico e L\u00e1zaro: Evil-Merodaque clama pelo rei dos hebreus\" width=\"728\" height=\"409\" srcset=\"https:\/\/i0.wp.com\/www.tvnovelas.com.br\/tvnews\/wp-content\/uploads\/2025\/07\/11481.jpg?w=728&amp;ssl=1 728w, https:\/\/i0.wp.com\/www.tvnovelas.com.br\/tvnews\/wp-content\/uploads\/2025\/07\/11481.jpg?resize=250%2C140&amp;ssl=1 250w\" sizes=\"(max-width: 728px) 100vw, 728px\" \/><figcaption id=\"caption-attachment-78185\" class=\"wp-caption-text\">O Rico e L\u00e1zaro: Evil-Merodaque clama pelo rei dos hebreus<\/figcaption><\/figure>\n<p>No cap\u00edtulo de de O Rico e L\u00e1zaro desta quarta, dia 9, Evil\u2011Merodaque, agora no trono da Babil\u00f4nia, se v\u00ea pressionado pelos acontecimentos e clama a ajuda do Deus dos Hebreus.<\/p>\n<p>Ele faz uma ora\u00e7\u00e3o fervorosa na sala do trono, implorando ao Senhor \u2014 e, pela gra\u00e7a divina, sua filha Shala desperta de um sono profundo, como se milagrosamente recuperada pelo poder do Deus hebreu.<br \/>\nO resumo do cap\u00edtulo desta ter\u00e7a, dia 8:<br \/>\nEvil-Merodaque toma decis\u00f5es que causam tens\u00e3o no pal\u00e1cio, deixando a rainha Nit\u00f3cris profundamente preocupada com o rumo do imp\u00e9rio. Ela confronta o pr\u00edncipe, cobrando mais responsabilidade e equil\u00edbrio em suas escolhas. Enquanto isso, Joana segue aflita com as persegui\u00e7\u00f5es aos hebreus, e Asher tenta proteger os seus, enfrentando desafios cada vez maiores. No meio disso, Zac passa por um momento de culpa e reflex\u00e3o sobre suas atitudes. A disputa pelo poder e a f\u00e9 dos hebreus continuam sendo postas \u00e0 prova, com reviravoltas marcantes e revela\u00e7\u00f5es que podem mudar o destino de Babil\u00f4nia.<\/p>\n<p>Enquanto isso, intrigas no pal\u00e1cio aumentam e os inimigos de Evil-Merodaque tentam se aproveitar da situa\u00e7\u00e3o delicada para desestabilizar o governo da Babil\u00f4nia.<\/p>\n<div class=\"fb-comments\" data-width=\"100%\" data-order-by=\"reverse_time\" data-numposts=\"5\"><\/div>\n<h2>Saiba mais:<\/h2>\n<p><a href=\"https:\/\/tvnovelas.com.br\/filmes\/filmes-na-tv-segunda\/\" target=\"_blank\" rel=\"noopener\">Confira a Programa\u00e7\u00e3o de Filmes na TV aberta<\/a><br \/>\n<a href=\"https:\/\/www.facebook.com\/tevenovelas\/\" target=\"_blank\" rel=\"noopener\">As \u00faltimas not\u00edcias do TV Novelas no Facebook<\/a><br \/>\n<a href=\"https:\/\/tvnovelas.com.br\/novelas\/\">O que acontece nas outras novelas<\/a><\/p>\n<h2>\u00daltimas not\u00edcias das novelas<\/h2>\n<p>[wp-rss-aggregator feeds=&#8221;todas&#8221;]<\/p>\n","protected":false},"excerpt":{"rendered":"<p>O Rico e L\u00e1zaro: Evil-Merodaque clama pelo rei dos hebreus&#8230; No cap\u00edtulo de de O Rico e L\u00e1zaro desta quarta, dia 9, Evil\u2011Merodaque, agora no trono,,,<\/p>\n","protected":false},"author":1,"featured_media":78185,"comment_status":"closed","ping_status":"closed","sticky":false,"template":"","format":"standard","meta":{"_uf_show_specific_survey":0,"_uf_disable_surveys":false,"_jetpack_memberships_contains_paid_content":false,"footnotes":"","_wp_rev_ctl_limit":""},"categories":[912],"tags":[64,52,14],"class_list":["post-78184","post","type-post","status-publish","format-standard","has-post-thumbnail","hentry","category-o-rico-e-lazaro","tag-novelas","tag-o-rico-e-lazaro","tag-record","wpcat-912-id"],"aioseo_notices":[],"jetpack_featured_media_url":"https:\/\/i0.wp.com\/www.tvnovelas.com.br\/tvnews\/wp-content\/uploads\/2025\/07\/11481.jpg?fit=728%2C409&ssl=1","jetpack_shortlink":"https:\/\/wp.me\/pdP2BO-kl2","jetpack_sharing_enabled":true,"_links":{"self":[{"href":"https:\/\/www.tvnovelas.com.br\/tvnews\/wp-json\/wp\/v2\/posts\/78184","targetHints":{"allow":["GET"]}}],"collection":[{"href":"https:\/\/www.tvnovelas.com.br\/tvnews\/wp-json\/wp\/v2\/posts"}],"about":[{"href":"https:\/\/www.tvnovelas.com.br\/tvnews\/wp-json\/wp\/v2\/types\/post"}],"author":[{"embeddable":true,"href":"https:\/\/www.tvnovelas.com.br\/tvnews\/wp-json\/wp\/v2\/users\/1"}],"replies":[{"embeddable":true,"href":"https:\/\/www.tvnovelas.com.br\/tvnews\/wp-json\/wp\/v2\/comments?post=78184"}],"version-history":[{"count":1,"href":"https:\/\/www.tvnovelas.com.br\/tvnews\/wp-json\/wp\/v2\/posts\/78184\/revisions"}],"predecessor-version":[{"id":78186,"href":"https:\/\/www.tvnovelas.com.br\/tvnews\/wp-json\/wp\/v2\/posts\/78184\/revisions\/78186"}],"wp:featuredmedia":[{"embeddable":true,"href":"https:\/\/www.tvnovelas.com.br\/tvnews\/wp-json\/wp\/v2\/media\/78185"}],"wp:attachment":[{"href":"https:\/\/www.tvnovelas.com.br\/tvnews\/wp-json\/wp\/v2\/media?parent=78184"}],"wp:term":[{"taxonomy":"category","embeddable":true,"href":"https:\/\/www.tvnovelas.com.br\/tvnews\/wp-json\/wp\/v2\/categories?post=78184"},{"taxonomy":"post_tag","embeddable":true,"href":"https:\/\/www.tvnovelas.com.br\/tvnews\/wp-json\/wp\/v2\/tags?post=78184"}],"curies":[{"name":"wp","href":"https:\/\/api.w.org\/{rel}","templated":true}]}}