{"id":78211,"date":"2025-07-10T08:51:37","date_gmt":"2025-07-10T11:51:37","guid":{"rendered":"https:\/\/www.tvnovelas.com.br\/tvnews\/?p=78211"},"modified":"2025-07-10T08:51:37","modified_gmt":"2025-07-10T11:51:37","slug":"eta-mundo-melhor-zulma-se-desespera-com-sumico-do-bebe","status":"publish","type":"post","link":"https:\/\/www.tvnovelas.com.br\/tvnews\/eta-mundo-melhor-zulma-se-desespera-com-sumico-do-bebe\/","title":{"rendered":"\u00cata Mundo Melhor!: Zulma se desespera com sumi\u00e7o do beb\u00ea"},"content":{"rendered":"<figure id=\"attachment_78212\" aria-describedby=\"caption-attachment-78212\" style=\"width: 728px\" class=\"wp-caption alignnone\"><img data-recalc-dims=\"1\" decoding=\"async\" class=\"wp-image-78212 size-full\" title=\"(Foto: TV Globo\/\u00cata Mundo Melhor!)\" src=\"https:\/\/i0.wp.com\/www.tvnovelas.com.br\/tvnews\/wp-content\/uploads\/2025\/07\/11486.jpg?resize=728%2C410&#038;ssl=1\" alt=\"Foto em \u00cata Mundo Melhor!: Zulma se desespera com sumi\u00e7o do beb\u00ea\" width=\"728\" height=\"410\" srcset=\"https:\/\/i0.wp.com\/www.tvnovelas.com.br\/tvnews\/wp-content\/uploads\/2025\/07\/11486.jpg?w=728&amp;ssl=1 728w, https:\/\/i0.wp.com\/www.tvnovelas.com.br\/tvnews\/wp-content\/uploads\/2025\/07\/11486.jpg?resize=250%2C141&amp;ssl=1 250w\" sizes=\"(max-width: 728px) 100vw, 728px\" \/><figcaption id=\"caption-attachment-78212\" class=\"wp-caption-text\">\u00cata Mundo Melhor!: Zulma se desespera com sumi\u00e7o do beb\u00ea<\/figcaption><\/figure>\n<p>Em \u00cata Mundo Melhor!, o \u00fanico objetivo de Zulma (Heloisa P\u00e9riss\u00e9) \u00e9 aplicar pequenos golpes com as crian\u00e7as que vivem em seu orfanato. E sua maior &#8220;mina de ouro&#8221; neste sentido \u00e9 Junior, o filho sequestrado de Candinho (Sergio Guiz\u00e9), que foi parar no local e passou a receber o nome de Samir.<\/p>\n<p>No entanto, a loira vai levar um baque e entrar em desespero acreditando que o menino simplesmente sumiu.<\/p>\n<p>Durante uma troca de farpas com Zenaide (Evelyn Castro), ela se d\u00e1 conta de que o orfanato est\u00e1 calmo at\u00e9 demais:<\/p>\n<p>&#8220;N\u00e3o precisa gritar! A casa est\u00e1 um sil\u00eancio!&#8221;, reclama a empregada.<\/p>\n<p>&#8220;Tranquila demais, parece at\u00e9 qu\u00ea&#8230; Zenaide, n\u00e3o ou\u00e7o o choro de Samir!&#8221;, se toca Zulma.<\/p>\n<p>As duas correm para o quarto das crian\u00e7as e v\u00e3o at\u00e9 o ber\u00e7o do menino, at\u00e9 que constatam:<\/p>\n<p>&#8220;Ele sumiu, Zenaide! Levaram Samir!&#8221;, grita Zulma.<\/p>\n<h2>Coment\u00e1rios em Resumos de \u00cata Mundo Melhor!<\/h2>\n<div class=\"fb-comments\" data-width=\"100%\" data-order-by=\"reverse_time\" data-numposts=\"5\"><\/div>\n<h2>Saiba mais sobre \u00cata Mundo Melhor!:<\/h2>\n<blockquote><p><a href=\"https:\/\/tvnovelas.com.br\/page2\/arquivo\/eta-mundo-melhor-a-volta-de-candinho-e-policarpo\/&quot;\" target=\"_blank\" rel=\"noopener\"><strong>\u00cata Mundo Melhor!: A volta de Candinho e Policarpo<\/strong><\/a> (Sinopse)<\/p><\/blockquote>\n<h2>Outros resumos atualizados<\/h2>\n<div class=\"pt-cv-wrapper\">Erro: visualiza\u00e7\u00e3o <strong>662bf56ijm<\/strong> pode n\u00e3o existir<\/div>\n<h2>\u00daltimas not\u00edcias das novelas<\/h2>\n<p>[wp-rss-aggregator feeds=&#8221;todas&#8221;]<\/p>\n<h2>Mais:<\/h2>\n<p><a href=\"https:\/\/pt.wikipedia.org\/wiki\/%C3%8Ata_Mundo_Melhor!\" target=\"_blank\" rel=\"noopener\">Sobre \u00cata Mundo Melhor!, na Wikipedia<\/a><br \/>\n<a href=\"https:\/\/tvnovelas.com.br\/filmes\/filmes-na-tv-segunda\/\" target=\"_blank\" rel=\"noopener\">Confira a Programa\u00e7\u00e3o de Filmes na TV aberta<\/a><br \/>\n<a href=\"https:\/\/tvnovelas.com.br\/novelas\/\" target=\"_blank\" rel=\"noopener\">Resumos de todas as novelas<\/a><\/p>\n","protected":false},"excerpt":{"rendered":"<p>\u00cata Mundo Melhor!: Zulma se desespera&#8230; Em \u00cata Mundo Melhor!, o \u00fanico objetivo de Zulma (Heloisa P\u00e9riss\u00e9) \u00e9 aplicar pequenos golpes com as crian\u00e7as&#8230;<\/p>\n","protected":false},"author":1,"featured_media":78212,"comment_status":"closed","ping_status":"closed","sticky":false,"template":"","format":"standard","meta":{"_uf_show_specific_survey":0,"_uf_disable_surveys":false,"_jetpack_memberships_contains_paid_content":false,"footnotes":"","_wp_rev_ctl_limit":""},"categories":[920],"tags":[921,5,64],"class_list":["post-78211","post","type-post","status-publish","format-standard","has-post-thumbnail","hentry","category-eta-mundo-melhor","tag-eta-mundo-melhor","tag-globo","tag-novelas","wpcat-920-id"],"aioseo_notices":[],"jetpack_featured_media_url":"https:\/\/i0.wp.com\/www.tvnovelas.com.br\/tvnews\/wp-content\/uploads\/2025\/07\/11486.jpg?fit=728%2C410&ssl=1","jetpack_shortlink":"https:\/\/wp.me\/pdP2BO-klt","jetpack_sharing_enabled":true,"_links":{"self":[{"href":"https:\/\/www.tvnovelas.com.br\/tvnews\/wp-json\/wp\/v2\/posts\/78211","targetHints":{"allow":["GET"]}}],"collection":[{"href":"https:\/\/www.tvnovelas.com.br\/tvnews\/wp-json\/wp\/v2\/posts"}],"about":[{"href":"https:\/\/www.tvnovelas.com.br\/tvnews\/wp-json\/wp\/v2\/types\/post"}],"author":[{"embeddable":true,"href":"https:\/\/www.tvnovelas.com.br\/tvnews\/wp-json\/wp\/v2\/users\/1"}],"replies":[{"embeddable":true,"href":"https:\/\/www.tvnovelas.com.br\/tvnews\/wp-json\/wp\/v2\/comments?post=78211"}],"version-history":[{"count":1,"href":"https:\/\/www.tvnovelas.com.br\/tvnews\/wp-json\/wp\/v2\/posts\/78211\/revisions"}],"predecessor-version":[{"id":78214,"href":"https:\/\/www.tvnovelas.com.br\/tvnews\/wp-json\/wp\/v2\/posts\/78211\/revisions\/78214"}],"wp:featuredmedia":[{"embeddable":true,"href":"https:\/\/www.tvnovelas.com.br\/tvnews\/wp-json\/wp\/v2\/media\/78212"}],"wp:attachment":[{"href":"https:\/\/www.tvnovelas.com.br\/tvnews\/wp-json\/wp\/v2\/media?parent=78211"}],"wp:term":[{"taxonomy":"category","embeddable":true,"href":"https:\/\/www.tvnovelas.com.br\/tvnews\/wp-json\/wp\/v2\/categories?post=78211"},{"taxonomy":"post_tag","embeddable":true,"href":"https:\/\/www.tvnovelas.com.br\/tvnews\/wp-json\/wp\/v2\/tags?post=78211"}],"curies":[{"name":"wp","href":"https:\/\/api.w.org\/{rel}","templated":true}]}}