{"id":78269,"date":"2025-07-10T18:21:12","date_gmt":"2025-07-10T21:21:12","guid":{"rendered":"https:\/\/www.tvnovelas.com.br\/tvnews\/?p=78269"},"modified":"2025-07-10T20:52:26","modified_gmt":"2025-07-10T23:52:26","slug":"o-que-se-passa-em-dona-de-mim-na-semana-14-a-19-7","status":"publish","type":"post","link":"https:\/\/www.tvnovelas.com.br\/tvnews\/o-que-se-passa-em-dona-de-mim-na-semana-14-a-19-7\/","title":{"rendered":"O que se passa em Dona de Mim na semana 14 a 19\/7"},"content":{"rendered":"<p>(Foto: TV Globo\/Dona de Mim)<\/p>\n<div style=\"background-color: #F0E4D3;  border-style: solid; border-width:0px 0px 10px 0px; solid; border-radius: 30px; padding: 10px; font-size: 120%; text-align: justify;\">\n.<br \/>\n<figure id=\"attachment_78270\" aria-describedby=\"caption-attachment-78270\" style=\"width: 728px\" class=\"wp-caption alignnone\"><img data-recalc-dims=\"1\" decoding=\"async\" src=\"https:\/\/i0.wp.com\/www.tvnovelas.com.br\/tvnews\/wp-content\/uploads\/2025\/07\/11495.jpg?resize=728%2C410&#038;ssl=1\" alt=\"Foto em Dona de Mim na semana 14 a 19\/7\" width=\"728\" height=\"410\" class=\"size-full wp-image-78270\" srcset=\"https:\/\/i0.wp.com\/www.tvnovelas.com.br\/tvnews\/wp-content\/uploads\/2025\/07\/11495.jpg?w=728&amp;ssl=1 728w, https:\/\/i0.wp.com\/www.tvnovelas.com.br\/tvnews\/wp-content\/uploads\/2025\/07\/11495.jpg?resize=250%2C141&amp;ssl=1 250w\" sizes=\"(max-width: 728px) 100vw, 728px\" \/><figcaption id=\"caption-attachment-78270\" class=\"wp-caption-text\">Dona de Mim na semana 14 a 19\/7<\/figcaption><\/figure><br \/>\n<strong style=\"color: #9929EA;\">Nos pr\u00f3ximos cap\u00edtulos de Dona de Mim, <\/strong>O Juiz determina que a paternidade de Vanderson seja reconhecida; Abel anuncia a Sofia e a toda a fam\u00edlia que Vanderson poder\u00e1 visitar a menina; T\u00e2nia combina com Leo uma forma de Vanderson perder o direito a Sofia; Nina desconfia de Danilo&#8230;\n<\/div>\n<h2 style=\"color: #9929EA;\">Resumo de segunda-feira, 14 de julho<\/h2>\n<p>Abel acolhe Filipa. Nina provoca Sofia. Marlon se preocupa com a quantidade de visualiza\u00e7\u00f5es de seus v\u00eddeos. Lucas afirma a Jussara que \u00e9 o namorado de Dara. Kami se irrita com o interesse de todos pelos v\u00eddeos de Marlon. Marlon exige que Adriano retire seus v\u00eddeos da internet. Nina tenta se aproximar de Filipa, que segue em crise. Danilo sonda Nina sobre o estado de Filipa. Abel chama a aten\u00e7\u00e3o de Davi na empresa. Jaques manipula Davi. Marlon faz uma doa\u00e7\u00e3o para o pastor Enoque. Filipa pede ajuda a Paula. Tem in\u00edcio a audi\u00eancia com Vanderson e Abel sobre Sofia.<br \/>\n\u00a0<\/p>\n<h2 style=\"color: #9929EA;\">Resumo de ter\u00e7a-feira, 15 de julho<\/h2>\n<p>O Juiz determina que a paternidade de Vanderson seja reconhecida. Filipa pede desculpas a Sofia por sua crise. Abel acredita que Elias esteja comemorando o resultado da audi\u00eancia com Ricardo. Samuel demite Ricardo, que amea\u00e7a Jaques. Abel anuncia a Sofia e a toda a fam\u00edlia que Vanderson poder\u00e1 visitar a menina. Filipa come\u00e7a a fazer terapia. Danilo se insinua para Filipa. Abel demite T\u00e2nia, que confronta Jaques. Samuel, Ayla e Davi conversam sobre Abel. Davi decide ouvir o lado de Jaques. Danilo passa informa\u00e7\u00f5es da mans\u00e3o para Jaques. Rosa pede que Nina lhe fa\u00e7a uma tatuagem. Vespa pede que Ryan esconda sua mercadoria no sal\u00e3o de Fabiana. Rosa tem um epis\u00f3dio de confus\u00e3o, e J\u00e9ssica a observa.<br \/>\n\u00a0<\/p>\n<h2 style=\"color: #9929EA;\">Resumo de quarta-feira, 16 de julho<\/h2>\n<p>Sofia apoia Rosa, que se entristece com mais um epis\u00f3dio de esquecimento. Nina desconfia de Danilo. Ryan teme que a mercadoria de Vespa seja descoberta por Fabiana. Denise acompanha J\u00e9ssica na visita \u00e0 mans\u00e3o. Rebeca avisa a Abel que Vanderson visitar\u00e1 Sofia. Vanderson flagra T\u00e2nia e Ricardo tramando contra Jaques. Nina chantageia Danilo. Leo tem uma ideia para a comemora\u00e7\u00e3o dos 60 anos da Boaz. Jussara cuida de Alan. Sofia confessa a Abel que n\u00e3o sentiu algo bom sobre Vanderson. Jaques pressiona T\u00e2nia. Marlon questiona Leo sobre Samuel. T\u00e2nia usa Sofia para manipular Leo e atacar Jaques.<br \/>\n\u00a0<\/p>\n<h2 style=\"color: #9929EA;\">Resumo de quinta-feira, 17 de julho<\/h2>\n<p>T\u00e2nia combina com Leo uma forma de Vanderson perder o direito a Sofia. Leo acompanha J\u00e9ssica e Sofia \u00e0 visita com Vanderson. Kami encontra a mercadoria de Vespa no sal\u00e3o de Fabiana e encara Ryan. Sofia gosta quando Vanderson lhe conta fatos sobre Ellen. Leo chama a aten\u00e7\u00e3o de Sofia quando a menina pede para colocar uma foto de Vanderson em seu quarto. Davi conversa com Jaques sobre sua m\u00e3e. Rosa exige que Danilo leve Leo at\u00e9 a Boaz, para apresentar suas ideias para Abel. Nina manipula Filipa para ir a S\u00e3o Crist\u00f3v\u00e3o com Danilo. Marlon questiona Kami sobre Ryan. Leo inicia a apresenta\u00e7\u00e3o de sua ideia para comemorar os 60 anos da Boaz.<br \/>\n\u00a0<\/p>\n<h2 style=\"color: #9929EA;\">Resumo de sexta-feira, 18 de julho<\/h2>\n<p>Abel agradece a contribui\u00e7\u00e3o de Leo, mas rejeita sua ideia para a Boaz. Samuel tenta apoiar Leo, e Davi se irrita. Kami conta a Marlon que viu a mercadoria de Vespa no sal\u00e3o, escondida por Ryan. Marlon confronta Ryan. Gisele desconfia da aus\u00eancia do ciclo de Ayla. Leo decide voltar para a faculdade de Marketing. Leo e Sofia fazem as pazes. Jaques pede que Danilo arme contra Rosa. Danilo prop\u00f5e alian\u00e7a a Nina. Gisele encontra um presente de Davi, e fica desconfiada. Com a ajuda de Danilo, Nina manipula Kaiky.<br \/>\n\u00a0<\/p>\n<h2 style=\"color: #9929EA;\">Resumo de s\u00e1bado, 19 de julho<\/h2>\n<p>Gisele diz a Ayla que se sentiu tra\u00edda. J\u00e9ssica visita a mans\u00e3o novamente, e Abel se desespera com a confus\u00e3o provocada por Nina. Gisele pede um tempo para Ayla, que pede para voltar para a mans\u00e3o da fam\u00edlia. Abel e Filipa discutem por causa de Nina. Deco pressiona Nina. Nina conta para Danilo sobre a carta de Ellen para Sofia. Ded\u00e9 pede para ver Ryan. Jaques pede que Danilo consiga a carta de Ellen. Sofia visita Vanderson. Nina encontra a carta de Ellen.<br \/>\n<!--FIM--><br \/>\n<a href=\"https:\/\/wp.me\/pfspD2-UO\" rel=\"noopener\" target=\"_blank\">Dona de Mim: A trama da novela<\/a><br \/>\n<a href=\"https:\/\/wp.me\/pfspD2-UG\" rel=\"noopener\" target=\"_blank\">Dona de Mim: A fam\u00edlia Boaz e seu imp\u00e9rio de lingerie<\/a><br \/>\n<a href=\"https:\/\/pt.wikipedia.org\/wiki\/Dona_de_Mim_(telenovela)\" target=\"_blank\" rel=\"noopener\">Sobre Dona de Mim na Wikipedia<\/a><br \/>\n<strong>\u00daltimas not\u00edcias de Dona de Mim:<\/strong><br \/>\n<div class=\"pt-cv-wrapper\"><div class=\"pt-cv-view pt-cv-grid pt-cv-colsys\" id=\"pt-cv-view-53ef48buaf\"><div data-id=\"pt-cv-page-1\" class=\"pt-cv-page\" data-cvc=\"1\"><div class=\"col-md-12 col-sm-12 col-xs-12 pt-cv-content-item pt-cv-1-col\" ><div class='pt-cv-ifield'><h4 class=\"pt-cv-title\"><a href=\"https:\/\/www.tvnovelas.com.br\/tvnews\/dona-de-mim-abel-aparece-e-salva-sofia-do-incendio\/\" class=\"_blank\" target=\"_blank\" >Dona de Mim: Abel \u2018aparece&#8217; e salva Sofia do inc\u00eandio<\/a><\/h4><\/div><\/div>\n<div class=\"col-md-12 col-sm-12 col-xs-12 pt-cv-content-item pt-cv-1-col\" ><div class='pt-cv-ifield'><h4 class=\"pt-cv-title\"><a href=\"https:\/\/www.tvnovelas.com.br\/tvnews\/dona-de-mim-jaques-coloca-fogo-na-boaz\/\" class=\"_blank\" target=\"_blank\" >Dona de Mim: Jaques coloca fogo na Boaz<\/a><\/h4><\/div><\/div>\n<div class=\"col-md-12 col-sm-12 col-xs-12 pt-cv-content-item pt-cv-1-col\" ><div class='pt-cv-ifield'><h4 class=\"pt-cv-title\"><a href=\"https:\/\/www.tvnovelas.com.br\/tvnews\/dona-de-mim-davi-e-barbara-sofrem-grave-acidente\/\" class=\"_blank\" target=\"_blank\" >Dona de Mim: Davi e B\u00e1rbara sofrem grave acidente<\/a><\/h4><\/div><\/div>\n<div class=\"col-md-12 col-sm-12 col-xs-12 pt-cv-content-item pt-cv-1-col\" ><div class='pt-cv-ifield'><h4 class=\"pt-cv-title\"><a href=\"https:\/\/www.tvnovelas.com.br\/tvnews\/dona-de-mim-ellen-e-presa-e-sofia-volta-para-casa\/\" class=\"_blank\" target=\"_blank\" >Dona de Mim: Ellen \u00e9 presa, e Sofia volta para casa<\/a><\/h4><\/div><\/div>\n<div class=\"col-md-12 col-sm-12 col-xs-12 pt-cv-content-item pt-cv-1-col\" ><div class='pt-cv-ifield'><h4 class=\"pt-cv-title\"><a href=\"https:\/\/www.tvnovelas.com.br\/tvnews\/dona-de-mim-na-ultima-semana-05-a-10-01\/\" class=\"_blank\" target=\"_blank\" >Dona de Mim na \u00faltima semana (05 a 10\/01)<\/a><\/h4><\/div><\/div><\/div><\/div><\/div><br \/>\n<strong>\u00daltimas not\u00edcias das novelas<\/strong><br \/>\n<div class=\"pt-cv-wrapper\"><div class=\"pt-cv-view pt-cv-grid pt-cv-colsys\" id=\"pt-cv-view-440a179we1\"><div data-id=\"pt-cv-page-1\" class=\"pt-cv-page\" data-cvc=\"2\"><div class=\"col-md-6 col-sm-12 col-xs-12 pt-cv-content-item pt-cv-1-col\" ><div class='pt-cv-ifield'><a href=\"https:\/\/www.tvnovelas.com.br\/tvnews\/coracao-de-mae-atilla-confronta-hasan-e-exige-o-divorcio-de-lale\/\" class=\"_blank pt-cv-href-thumbnail pt-cv-thumb-default\" target=\"_blank\" ><\/a>\n<h4 class=\"pt-cv-title\"><a href=\"https:\/\/www.tvnovelas.com.br\/tvnews\/coracao-de-mae-atilla-confronta-hasan-e-exige-o-divorcio-de-lale\/\" class=\"_blank\" target=\"_blank\" >Cora\u00e7\u00e3o de M\u00e3e: Atilla confronta Hasan e exige o div\u00f3rcio de Lale<\/a><\/h4><\/div><\/div>\n<div class=\"col-md-6 col-sm-12 col-xs-12 pt-cv-content-item pt-cv-1-col\" ><div class='pt-cv-ifield'><a href=\"https:\/\/www.tvnovelas.com.br\/tvnews\/guerra-das-rosas-gulfem-coloca-gulru-contra-a-parede\/\" class=\"_blank pt-cv-href-thumbnail pt-cv-thumb-default\" target=\"_blank\" ><img decoding=\"async\" width=\"728\" height=\"410\" src=\"https:\/\/i0.wp.com\/www.tvnovelas.com.br\/tvnews\/wp-content\/uploads\/2026\/04\/13184.jpg?fit=728%2C410&amp;ssl=1\" class=\"pt-cv-thumbnail\" alt=\"Foto em Guerra das Rosas: Gulfem coloca Gulru contra a parede\" srcset=\"https:\/\/i0.wp.com\/www.tvnovelas.com.br\/tvnews\/wp-content\/uploads\/2026\/04\/13184.jpg?w=728&amp;ssl=1 728w, https:\/\/i0.wp.com\/www.tvnovelas.com.br\/tvnews\/wp-content\/uploads\/2026\/04\/13184.jpg?resize=250%2C141&amp;ssl=1 250w\" sizes=\"(max-width: 728px) 100vw, 728px\" \/><\/a>\n<h4 class=\"pt-cv-title\"><a href=\"https:\/\/www.tvnovelas.com.br\/tvnews\/guerra-das-rosas-gulfem-coloca-gulru-contra-a-parede\/\" class=\"_blank\" target=\"_blank\" >Guerra das Rosas: Gulfem coloca Gulru contra a parede<\/a><\/h4><\/div><\/div>\n<div class=\"col-md-6 col-sm-12 col-xs-12 pt-cv-content-item pt-cv-1-col\" ><div class='pt-cv-ifield'><a href=\"https:\/\/www.tvnovelas.com.br\/tvnews\/coracao-de-mae-atilla-diz-a-lale-que-quer-o-divorcio\/\" class=\"_blank pt-cv-href-thumbnail pt-cv-thumb-default\" target=\"_blank\" ><img decoding=\"async\" width=\"728\" height=\"410\" src=\"https:\/\/i0.wp.com\/www.tvnovelas.com.br\/tvnews\/wp-content\/uploads\/2026\/04\/13183.jpg?fit=728%2C410&amp;ssl=1\" class=\"pt-cv-thumbnail\" alt=\"Foto em Cora\u00e7\u00e3o de M\u00e3e: Atilla diz a Lale que quer o div\u00f3rcio\" srcset=\"https:\/\/i0.wp.com\/www.tvnovelas.com.br\/tvnews\/wp-content\/uploads\/2026\/04\/13183.jpg?w=728&amp;ssl=1 728w, https:\/\/i0.wp.com\/www.tvnovelas.com.br\/tvnews\/wp-content\/uploads\/2026\/04\/13183.jpg?resize=250%2C141&amp;ssl=1 250w\" sizes=\"(max-width: 728px) 100vw, 728px\" \/><\/a>\n<h4 class=\"pt-cv-title\"><a href=\"https:\/\/www.tvnovelas.com.br\/tvnews\/coracao-de-mae-atilla-diz-a-lale-que-quer-o-divorcio\/\" class=\"_blank\" target=\"_blank\" >Cora\u00e7\u00e3o de M\u00e3e: Atilla diz a Lale que quer o div\u00f3rcio<\/a><\/h4><\/div><\/div>\n<div class=\"col-md-6 col-sm-12 col-xs-12 pt-cv-content-item pt-cv-1-col\" ><div class='pt-cv-ifield'><a href=\"https:\/\/www.tvnovelas.com.br\/tvnews\/a-nobreza-do-amor-mirinho-garante-noivado-com-virginia-para-atrair-sogro-a-negocio\/\" class=\"_blank pt-cv-href-thumbnail pt-cv-thumb-default\" target=\"_blank\" ><img decoding=\"async\" width=\"728\" height=\"410\" src=\"https:\/\/i0.wp.com\/www.tvnovelas.com.br\/tvnews\/wp-content\/uploads\/2026\/04\/13182.jpg?fit=728%2C410&amp;ssl=1\" class=\"pt-cv-thumbnail\" alt=\"Foto em A Nobreza do Amor: Mirinho garante noivado com Virg\u00ednia para atrair sogro a neg\u00f3cio\" srcset=\"https:\/\/i0.wp.com\/www.tvnovelas.com.br\/tvnews\/wp-content\/uploads\/2026\/04\/13182.jpg?w=728&amp;ssl=1 728w, https:\/\/i0.wp.com\/www.tvnovelas.com.br\/tvnews\/wp-content\/uploads\/2026\/04\/13182.jpg?resize=250%2C141&amp;ssl=1 250w\" sizes=\"(max-width: 728px) 100vw, 728px\" \/><\/a>\n<h4 class=\"pt-cv-title\"><a href=\"https:\/\/www.tvnovelas.com.br\/tvnews\/a-nobreza-do-amor-mirinho-garante-noivado-com-virginia-para-atrair-sogro-a-negocio\/\" class=\"_blank\" target=\"_blank\" >A Nobreza do Amor: Mirinho garante noivado com Virg\u00ednia para atrair sogro a neg\u00f3cio<\/a><\/h4><\/div><\/div>\n<div class=\"col-md-6 col-sm-12 col-xs-12 pt-cv-content-item pt-cv-1-col\" ><div class='pt-cv-ifield'><a href=\"https:\/\/www.tvnovelas.com.br\/tvnews\/tres-gracas-joaquim-propoe-fuga-a-arminda-com-o-dinheiro-das-tres-gracas\/\" class=\"_blank pt-cv-href-thumbnail pt-cv-thumb-default\" target=\"_blank\" ><img decoding=\"async\" width=\"728\" height=\"410\" src=\"https:\/\/i0.wp.com\/www.tvnovelas.com.br\/tvnews\/wp-content\/uploads\/2026\/04\/13181.jpg?fit=728%2C410&amp;ssl=1\" class=\"pt-cv-thumbnail\" alt=\"Foto em Tr\u00eas Gra\u00e7as: Joaquim prop\u00f5e fuga a Arminda com o dinheiro das Tr\u00eas Gra\u00e7as\" srcset=\"https:\/\/i0.wp.com\/www.tvnovelas.com.br\/tvnews\/wp-content\/uploads\/2026\/04\/13181.jpg?w=728&amp;ssl=1 728w, https:\/\/i0.wp.com\/www.tvnovelas.com.br\/tvnews\/wp-content\/uploads\/2026\/04\/13181.jpg?resize=250%2C141&amp;ssl=1 250w\" sizes=\"(max-width: 728px) 100vw, 728px\" \/><\/a>\n<h4 class=\"pt-cv-title\"><a href=\"https:\/\/www.tvnovelas.com.br\/tvnews\/tres-gracas-joaquim-propoe-fuga-a-arminda-com-o-dinheiro-das-tres-gracas\/\" class=\"_blank\" target=\"_blank\" >Tr\u00eas Gra\u00e7as:  Joaquim prop\u00f5e fuga a Arminda com o dinheiro das Tr\u00eas Gra\u00e7as<\/a><\/h4><\/div><\/div>\n<div class=\"col-md-6 col-sm-12 col-xs-12 pt-cv-content-item pt-cv-1-col\" ><div class='pt-cv-ifield'><a href=\"https:\/\/www.tvnovelas.com.br\/tvnews\/coracao-de-mae-atilla-decide-abrir-o-jogo-com-karsu\/\" class=\"_blank pt-cv-href-thumbnail pt-cv-thumb-default\" target=\"_blank\" ><img decoding=\"async\" width=\"728\" height=\"410\" src=\"https:\/\/i0.wp.com\/www.tvnovelas.com.br\/tvnews\/wp-content\/uploads\/2026\/04\/13180.jpg?fit=728%2C410&amp;ssl=1\" class=\"pt-cv-thumbnail\" alt=\"Foto em Cora\u00e7\u00e3o de M\u00e3e: Atilla decide abrir o jogo com Karsu\" srcset=\"https:\/\/i0.wp.com\/www.tvnovelas.com.br\/tvnews\/wp-content\/uploads\/2026\/04\/13180.jpg?w=728&amp;ssl=1 728w, https:\/\/i0.wp.com\/www.tvnovelas.com.br\/tvnews\/wp-content\/uploads\/2026\/04\/13180.jpg?resize=250%2C141&amp;ssl=1 250w\" sizes=\"(max-width: 728px) 100vw, 728px\" \/><\/a>\n<h4 class=\"pt-cv-title\"><a href=\"https:\/\/www.tvnovelas.com.br\/tvnews\/coracao-de-mae-atilla-decide-abrir-o-jogo-com-karsu\/\" class=\"_blank\" target=\"_blank\" >Cora\u00e7\u00e3o de M\u00e3e: Atilla decide abrir o jogo com Karsu<\/a><\/h4><\/div><\/div>\n<div class=\"col-md-6 col-sm-12 col-xs-12 pt-cv-content-item pt-cv-1-col\" ><div class='pt-cv-ifield'><a href=\"https:\/\/www.tvnovelas.com.br\/tvnews\/coracao-de-mae-adnan-e-preso-apos-denuncia-de-irmak\/\" class=\"_blank pt-cv-href-thumbnail pt-cv-thumb-default\" target=\"_blank\" ><img decoding=\"async\" width=\"728\" height=\"408\" src=\"https:\/\/i0.wp.com\/www.tvnovelas.com.br\/tvnews\/wp-content\/uploads\/2026\/04\/13179.jpg?fit=728%2C408&amp;ssl=1\" class=\"pt-cv-thumbnail\" alt=\"Foto erm Cora\u00e7\u00e3o de M\u00e3e: Adnan \u00e9 preso ap\u00f3s denuncia de Irmak\" srcset=\"https:\/\/i0.wp.com\/www.tvnovelas.com.br\/tvnews\/wp-content\/uploads\/2026\/04\/13179.jpg?w=728&amp;ssl=1 728w, https:\/\/i0.wp.com\/www.tvnovelas.com.br\/tvnews\/wp-content\/uploads\/2026\/04\/13179.jpg?resize=250%2C140&amp;ssl=1 250w\" sizes=\"(max-width: 728px) 100vw, 728px\" \/><\/a>\n<h4 class=\"pt-cv-title\"><a href=\"https:\/\/www.tvnovelas.com.br\/tvnews\/coracao-de-mae-adnan-e-preso-apos-denuncia-de-irmak\/\" class=\"_blank\" target=\"_blank\" >Em Cora\u00e7\u00e3o de M\u00e3e: Adnan \u00e9 preso ap\u00f3s denuncia de Irmak<\/a><\/h4><\/div><\/div>\n<div class=\"col-md-6 col-sm-12 col-xs-12 pt-cv-content-item pt-cv-1-col\" ><div class='pt-cv-ifield'><a href=\"https:\/\/www.tvnovelas.com.br\/tvnews\/coracao-de-mae-atilla-forca-karsu-a-ouvir-suas-explicacoes\/\" class=\"_blank pt-cv-href-thumbnail pt-cv-thumb-default\" target=\"_blank\" ><img decoding=\"async\" width=\"728\" height=\"410\" src=\"https:\/\/i0.wp.com\/www.tvnovelas.com.br\/tvnews\/wp-content\/uploads\/2026\/04\/13178.jpg?fit=728%2C410&amp;ssl=1\" class=\"pt-cv-thumbnail\" alt=\"Foto em Cora\u00e7\u00e3o de M\u00e3e: Atilla for\u00e7a Karsu a ouvir suas explica\u00e7\u00f5es\" srcset=\"https:\/\/i0.wp.com\/www.tvnovelas.com.br\/tvnews\/wp-content\/uploads\/2026\/04\/13178.jpg?w=728&amp;ssl=1 728w, https:\/\/i0.wp.com\/www.tvnovelas.com.br\/tvnews\/wp-content\/uploads\/2026\/04\/13178.jpg?resize=250%2C141&amp;ssl=1 250w\" sizes=\"(max-width: 728px) 100vw, 728px\" \/><\/a>\n<h4 class=\"pt-cv-title\"><a href=\"https:\/\/www.tvnovelas.com.br\/tvnews\/coracao-de-mae-atilla-forca-karsu-a-ouvir-suas-explicacoes\/\" class=\"_blank\" target=\"_blank\" >Cora\u00e7\u00e3o de M\u00e3e: Atilla for\u00e7a Karsu a ouvir suas explica\u00e7\u00f5es<\/a><\/h4><\/div><\/div>\n<div class=\"col-md-6 col-sm-12 col-xs-12 pt-cv-content-item pt-cv-1-col\" ><div class='pt-cv-ifield'><a href=\"https:\/\/www.tvnovelas.com.br\/tvnews\/coracao-acelerado-mulher-choca-janete-ao-se-apresentar-como-amante-do-palhares\/\" class=\"_blank pt-cv-href-thumbnail pt-cv-thumb-default\" target=\"_blank\" ><img decoding=\"async\" width=\"728\" height=\"410\" src=\"https:\/\/i0.wp.com\/www.tvnovelas.com.br\/tvnews\/wp-content\/uploads\/2026\/04\/13176.jpg?fit=728%2C410&amp;ssl=1\" class=\"pt-cv-thumbnail\" alt=\"Foto em Cora\u00e7\u00e3o Acelerado: Mulher choca Janete ao se apresentar como amante do Palhares\" srcset=\"https:\/\/i0.wp.com\/www.tvnovelas.com.br\/tvnews\/wp-content\/uploads\/2026\/04\/13176.jpg?w=728&amp;ssl=1 728w, https:\/\/i0.wp.com\/www.tvnovelas.com.br\/tvnews\/wp-content\/uploads\/2026\/04\/13176.jpg?resize=250%2C141&amp;ssl=1 250w\" sizes=\"(max-width: 728px) 100vw, 728px\" \/><\/a>\n<h4 class=\"pt-cv-title\"><a href=\"https:\/\/www.tvnovelas.com.br\/tvnews\/coracao-acelerado-mulher-choca-janete-ao-se-apresentar-como-amante-do-palhares\/\" class=\"_blank\" target=\"_blank\" >Cora\u00e7\u00e3o Acelerado: Mulher choca Janete ao se apresentar como amante do Palhares<\/a><\/h4><\/div><\/div>\n<div class=\"col-md-6 col-sm-12 col-xs-12 pt-cv-content-item pt-cv-1-col\" ><div class='pt-cv-ifield'><a href=\"https:\/\/www.tvnovelas.com.br\/tvnews\/a-nobreza-do-amor-jendal-dobra-a-recompensa-por-alika\/\" class=\"_blank pt-cv-href-thumbnail pt-cv-thumb-default\" target=\"_blank\" ><img decoding=\"async\" width=\"728\" height=\"410\" src=\"https:\/\/i0.wp.com\/www.tvnovelas.com.br\/tvnews\/wp-content\/uploads\/2026\/04\/13175.jpg?fit=728%2C410&amp;ssl=1\" class=\"pt-cv-thumbnail\" alt=\"Foto em A Nobreza do Amor: Jendal dobra a recompensa por Alika\" srcset=\"https:\/\/i0.wp.com\/www.tvnovelas.com.br\/tvnews\/wp-content\/uploads\/2026\/04\/13175.jpg?w=728&amp;ssl=1 728w, https:\/\/i0.wp.com\/www.tvnovelas.com.br\/tvnews\/wp-content\/uploads\/2026\/04\/13175.jpg?resize=250%2C141&amp;ssl=1 250w\" sizes=\"(max-width: 728px) 100vw, 728px\" \/><\/a>\n<h4 class=\"pt-cv-title\"><a href=\"https:\/\/www.tvnovelas.com.br\/tvnews\/a-nobreza-do-amor-jendal-dobra-a-recompensa-por-alika\/\" class=\"_blank\" target=\"_blank\" >A Nobreza do Amor: Jendal dobra a recompensa por Alika<\/a><\/h4><\/div><\/div><\/div><\/div><\/div><br \/>\n<a href=\"https:\/\/tvnovelas.com.br\/filmes\/filmes-na-tv-segunda\/\" target=\"_blank\" rel=\"noopener\">Confira a Programa\u00e7\u00e3o de Filmes na TV aberta<\/a><\/p>\n","protected":false},"excerpt":{"rendered":"<p>Dona de Mim na semana 14 a 19\/7&#8230; Nos pr\u00f3ximos cap\u00edtulos de Dona de Mim, O Juiz determina que a paternidade de Vanderson seja reconhecida; Abel anuncia&#8230;<\/p>\n","protected":false},"author":1,"featured_media":78270,"comment_status":"closed","ping_status":"closed","sticky":false,"template":"","format":"standard","meta":{"_uf_show_specific_survey":0,"_uf_disable_surveys":false,"_jetpack_memberships_contains_paid_content":false,"footnotes":"","_wp_rev_ctl_limit":""},"categories":[884],"tags":[883,5,64],"class_list":["post-78269","post","type-post","status-publish","format-standard","has-post-thumbnail","hentry","category-dona-de-mim","tag-dona-de-mim","tag-globo","tag-novelas","wpcat-884-id"],"aioseo_notices":[],"jetpack_featured_media_url":"https:\/\/i0.wp.com\/www.tvnovelas.com.br\/tvnews\/wp-content\/uploads\/2025\/07\/11495.jpg?fit=728%2C410&ssl=1","jetpack_shortlink":"https:\/\/wp.me\/pdP2BO-kmp","jetpack_sharing_enabled":true,"_links":{"self":[{"href":"https:\/\/www.tvnovelas.com.br\/tvnews\/wp-json\/wp\/v2\/posts\/78269","targetHints":{"allow":["GET"]}}],"collection":[{"href":"https:\/\/www.tvnovelas.com.br\/tvnews\/wp-json\/wp\/v2\/posts"}],"about":[{"href":"https:\/\/www.tvnovelas.com.br\/tvnews\/wp-json\/wp\/v2\/types\/post"}],"author":[{"embeddable":true,"href":"https:\/\/www.tvnovelas.com.br\/tvnews\/wp-json\/wp\/v2\/users\/1"}],"replies":[{"embeddable":true,"href":"https:\/\/www.tvnovelas.com.br\/tvnews\/wp-json\/wp\/v2\/comments?post=78269"}],"version-history":[{"count":6,"href":"https:\/\/www.tvnovelas.com.br\/tvnews\/wp-json\/wp\/v2\/posts\/78269\/revisions"}],"predecessor-version":[{"id":78278,"href":"https:\/\/www.tvnovelas.com.br\/tvnews\/wp-json\/wp\/v2\/posts\/78269\/revisions\/78278"}],"wp:featuredmedia":[{"embeddable":true,"href":"https:\/\/www.tvnovelas.com.br\/tvnews\/wp-json\/wp\/v2\/media\/78270"}],"wp:attachment":[{"href":"https:\/\/www.tvnovelas.com.br\/tvnews\/wp-json\/wp\/v2\/media?parent=78269"}],"wp:term":[{"taxonomy":"category","embeddable":true,"href":"https:\/\/www.tvnovelas.com.br\/tvnews\/wp-json\/wp\/v2\/categories?post=78269"},{"taxonomy":"post_tag","embeddable":true,"href":"https:\/\/www.tvnovelas.com.br\/tvnews\/wp-json\/wp\/v2\/tags?post=78269"}],"curies":[{"name":"wp","href":"https:\/\/api.w.org\/{rel}","templated":true}]}}