{"id":78283,"date":"2025-07-10T20:39:51","date_gmt":"2025-07-10T23:39:51","guid":{"rendered":"https:\/\/www.tvnovelas.com.br\/tvnews\/?p=78283"},"modified":"2025-07-10T20:51:52","modified_gmt":"2025-07-10T23:51:52","slug":"o-que-acontece-em-vale-tudo-na-semana-14-a-19-7","status":"publish","type":"post","link":"https:\/\/www.tvnovelas.com.br\/tvnews\/o-que-acontece-em-vale-tudo-na-semana-14-a-19-7\/","title":{"rendered":"O que acontece em Vale Tudo na semana 14 a 19\/7"},"content":{"rendered":"<div style=\"background-color: #f0e4d3; border-style: solid; border-width: 0px 0px 10px 0px; solid green; border-radius: 30px; padding: 10px; font-size: 100%;\">\n.<\/p>\n<figure id=\"attachment_78285\" aria-describedby=\"caption-attachment-78285\" style=\"width: 728px\" class=\"wp-caption alignnone\"><img data-recalc-dims=\"1\" decoding=\"async\" class=\"wp-image-78285 size-full\" title=\"(Foto: TV Globo\/Vale Tudo)\" src=\"https:\/\/i0.wp.com\/www.tvnovelas.com.br\/tvnews\/wp-content\/uploads\/2025\/07\/11496.jpg?resize=728%2C410&#038;ssl=1\" alt=\"Foto em Vale Tudo na semana 14 a 19\/7\" width=\"728\" height=\"410\" srcset=\"https:\/\/i0.wp.com\/www.tvnovelas.com.br\/tvnews\/wp-content\/uploads\/2025\/07\/11496.jpg?w=728&amp;ssl=1 728w, https:\/\/i0.wp.com\/www.tvnovelas.com.br\/tvnews\/wp-content\/uploads\/2025\/07\/11496.jpg?resize=250%2C141&amp;ssl=1 250w\" sizes=\"(max-width: 728px) 100vw, 728px\" \/><figcaption id=\"caption-attachment-78285\" class=\"wp-caption-text\">Vale Tudo na semana 14 a 19\/7<\/figcaption><\/figure>\n<p><strong style=\"color: #9929ea;\">Nos pr\u00f3ximos cap\u00edtulos de Vale Tudo, <\/strong>Raquel contrata Bartolomeu como assessor de imprensa da Paladar; Heleninha procura Raquel para tirar satisfa\u00e7\u00f5es sobre a contrata\u00e7\u00e3o de Bartolomeu; Bartolomeu convida Raquel e Poliana para jantar em sua casa, a fim de comemorar o sucesso da Paladar; Heleninha amanhece numa pra\u00e7a em Vila Isabel&#8230;<\/div>\n<h2 style=\"color: #9929ea;\">Resumo de segunda-feira, 14 de julho<\/h2>\n<p>Heleninha e Eug\u00eanio percebem que Celina est\u00e1 mentindo. Renato se sente mal por ter que ceder \u00e0s exig\u00eancias de Marco Aur\u00e9lio para fechar o contrato com a TCA e salvar a Tomorrow da fal\u00eancia. Raquel comenta com Poliana que eles precisam de um assessor de imprensa para cuidar da imagem da Paladar. Raquel fica sabendo por Ivan que Bartolomeu saiu da TCA. Afonso e Maria de F\u00e1tima chegam de viagem.<\/p>\n<h2 style=\"color: #9929ea;\">Resumo de ter\u00e7a-feira, 15 de julho<\/h2>\n<p>Afonso pensa em voltar a morar no Brasil, e Odete fica furiosa. Raquel contrata Bartolomeu como assessor de imprensa da Paladar. Maria de F\u00e1tima se faz de v\u00edtima para Afonso. Consu\u00ealo reclama do casamento para Alde\u00edde. Bartolomeu prepara Raquel para dar uma entrevista. Marco Aur\u00e9lio e Leila discordam sobre a fun\u00e7\u00e3o da cl\u00ednica de est\u00e9tica. Poliana avisa a Raquel sobre a morte de Laudelino. Maria de F\u00e1tima fica furiosa ao saber que C\u00e9sar est\u00e1 voltando para o Brasil. Heleninha questiona Ivan ao ficar sabendo que Bartolomeu est\u00e1 trabalhando na empresa de Raquel.<\/p>\n<h2 style=\"color: #9929ea;\">Resumo de quarta-feira, 16 de julho<\/h2>\n<p>Ivan e Heleninha discutem. C\u00e9sar volta ao Brasil. Heleninha procura Raquel para tirar satisfa\u00e7\u00f5es sobre a contrata\u00e7\u00e3o de Bartolomeu. Cec\u00edlia coloca Sarita para participar de uma soltura de passarinhos. Ivan e Celina ficam preocupados com o sumi\u00e7o de Heleninha. C\u00e9sar manda um v\u00eddeo para Maria de F\u00e1tima, registrando Heleninha embriagada em uma pista de dan\u00e7a. Ivan e Afonso resgatam Heleninha. Tiago se desentende com Marco Aur\u00e9lio. Heleninha flagra uma discuss\u00e3o entre Ivan e Celina.<\/p>\n<h2 style=\"color: #9929ea;\">Resumo de quinta-feira, 17 de julho<\/h2>\n<p>Heleninha defende Ivan de Celina. Alde\u00edde chega ao Brasil. Heleninha confessa a Ana que tem medo de perder Ivan para Raquel. Celina se sente culpada diante de Heleninha, por conta de sua sociedade com Raquel. Maria de F\u00e1tima tenta fazer as pazes com Raquel. Bartolomeu convida Raquel e Poliana para jantar em sua casa, a fim de comemorar o sucesso da Paladar. Ivan se surpreende ao ver Raquel na casa de seu pai. Heleninha v\u00ea a localiza\u00e7\u00e3o de Ivan em seu celular e resolve ir atr\u00e1s dele.<\/p>\n<h2 style=\"color: #9929ea;\">Resumo de sexta-feira, 18 de julho<\/h2>\n<p>Heleninha causa constrangimento em todos ao chegar \u00e0 casa de Bartolomeu. Alde\u00edde sente ci\u00fames da rela\u00e7\u00e3o de Poliana com Raquel. Celina revela a Afonso seu receio de que Ivan possa querer se separar de Heleninha. F\u00e1tima decide procurar Renato para ajud\u00e1-la a se tornar uma influencer profissional. Alde\u00edde visita Consu\u00ealo na TCA e troca provoca\u00e7\u00f5es com Marco Aur\u00e9lio. Alde\u00edde e Andr\u00e9 sentem atra\u00e7\u00e3o um pelo outro. Ivan descobre que Heleninha invadiu sua privacidade e decide dormir fora. Celina convence Ivan a ficar em casa, mas o executivo encontra Heleninha embriagada.<\/p>\n<h2 style=\"color: #9929ea;\">Resumo de s\u00e1bado, 19 de julho<\/h2>\n<p>Bartolomeu acolhe Ivan. Poliana percebe o interesse de Alde\u00edde por Andr\u00e9 e repreende a irm\u00e3. Heleninha resolve ir atr\u00e1s de Ivan. Marco Aur\u00e9lio pede a Leila para organizar um evento com a inten\u00e7\u00e3o de impressionar um sheik. Bartolomeu deixa Heleninha na porta de casa. Celina passa mal com o sumi\u00e7o de Heleninha e culpa Ivan. Heleninha amanhece numa pra\u00e7a em Vila Isabel, e Consu\u00ealo a leva para casa. Raquel entra na casa de Consu\u00ealo e se depara com Heleninha.<br \/>\n<h2>Mais:<\/h2>\r\n<p><a href=\"https:\/\/tvnovelas.com.br\/novelas\/resumos-de-vale-tudo\/\" target=\"_blank\" rel=\"noopener\">Confira os resumos da semana de Vale Tudo'<\/a><\/p>\r\n<p><a href=\"https:\/\/wp.me\/pfspD2-U7\" target=\"_blank\" rel=\"noopener\">Vale Tudo: Conflitos de princ\u00edpios e valores (Sinopse)<\/a>\r\n<p><a href=\"https:\/\/wp.me\/pfspD2-oI\" target=\"_blank\" rel=\"noopener\">Vale Tudo: Invers\u00e3o de valores no final dos anos 1980<\/a> (Sinopse)<\/p>\r\n<p><a href=\"https:\/\/pt.wikipedia.org\/wiki\/Vale_Tudo_(2025)\" target=\"_blank\" rel=\"noopener\">Sobre Vale Tudo (2025) na Wikipedia<\/a><\/p>\r\n<p><a href=\"https:\/\/tvnovelas.com.br\/novelas\/\" target=\"_blank\" rel=\"noopener\">Resumos de todas as novelas<\/a><\/p>\r\n<p><strong style=\"font-size: 120%;\">\u00daltimas not\u00edcias de 'Vale Tudo':<\/strong><\/p>\r\n<div class=\"pt-cv-wrapper\"><h2 class='pt-cv-heading-container heading2' data-blockid='d7366c1g0j'><span class='pt-cv-heading'> \u00daltimas da novela <\/span><\/h2><div class=\"pt-cv-view pt-cv-grid pt-cv-colsys\" id=\"pt-cv-view-d7366c1g0j\"><div data-id=\"pt-cv-page-1\" class=\"pt-cv-page\" data-cvc=\"1\"><div class=\"col-md-12 col-sm-12 col-xs-12 pt-cv-content-item pt-cv-1-col\" ><div class='pt-cv-ifield'><h4 class=\"pt-cv-title\"><a href=\"https:\/\/www.tvnovelas.com.br\/tvnews\/vale-tudo-casamento-de-raquel-e-ivan-entre-os-finais\/\" class=\"_self\" target=\"_self\" >Vale Tudo: Casamento de Raquel e Ivan entre os finais<\/a><\/h4><\/div><\/div>\n<div class=\"col-md-12 col-sm-12 col-xs-12 pt-cv-content-item pt-cv-1-col\" ><div class='pt-cv-ifield'><h4 class=\"pt-cv-title\"><a href=\"https:\/\/www.tvnovelas.com.br\/tvnews\/vale-tudo-fatima-decide-entregar-o-filho-para-a-adocao\/\" class=\"_self\" target=\"_self\" >Vale Tudo: F\u00e1tima decide entregar o filho para a ado\u00e7\u00e3o<\/a><\/h4><\/div><\/div>\n<div class=\"col-md-12 col-sm-12 col-xs-12 pt-cv-content-item pt-cv-1-col\" ><div class='pt-cv-ifield'><h4 class=\"pt-cv-title\"><a href=\"https:\/\/www.tvnovelas.com.br\/tvnews\/vale-tudo-cesar-e-fatima-se-reencontram\/\" class=\"_self\" target=\"_self\" >Vale Tudo: C\u00e9sar e F\u00e1tima se reencontram<\/a><\/h4><\/div><\/div><\/div><\/div><\/div>\r\n<p><strong style=\"font-size: 120%;\">\u00daltimas not\u00edcias deste site:<\/strong><\/p>\r\n<div class=\"pt-cv-wrapper\"><div class=\"pt-cv-view pt-cv-grid pt-cv-colsys\" id=\"pt-cv-view-90991035b3\"><div data-id=\"pt-cv-page-1\" class=\"pt-cv-page\" data-cvc=\"1\"><div class=\"col-md-12 col-sm-12 col-xs-12 pt-cv-content-item pt-cv-1-col\" ><div class='pt-cv-ifield'><h4 class=\"pt-cv-title\"><a href=\"https:\/\/www.tvnovelas.com.br\/tvnews\/coracao-de-mae-atilla-confronta-hasan-e-exige-o-divorcio-de-lale\/\" class=\"_self\" target=\"_self\" >Cora\u00e7\u00e3o de M\u00e3e: Atilla confronta Hasan e exige o div\u00f3rcio de Lale<\/a><\/h4><\/div><\/div>\n<div class=\"col-md-12 col-sm-12 col-xs-12 pt-cv-content-item pt-cv-1-col\" ><div class='pt-cv-ifield'><h4 class=\"pt-cv-title\"><a href=\"https:\/\/www.tvnovelas.com.br\/tvnews\/guerra-das-rosas-gulfem-coloca-gulru-contra-a-parede\/\" class=\"_self\" target=\"_self\" >Guerra das Rosas: Gulfem coloca Gulru contra a parede<\/a><\/h4><\/div><\/div>\n<div class=\"col-md-12 col-sm-12 col-xs-12 pt-cv-content-item pt-cv-1-col\" ><div class='pt-cv-ifield'><h4 class=\"pt-cv-title\"><a href=\"https:\/\/www.tvnovelas.com.br\/tvnews\/coracao-de-mae-atilla-diz-a-lale-que-quer-o-divorcio\/\" class=\"_self\" target=\"_self\" >Cora\u00e7\u00e3o de M\u00e3e: Atilla diz a Lale que quer o div\u00f3rcio<\/a><\/h4><\/div><\/div>\n<div class=\"col-md-12 col-sm-12 col-xs-12 pt-cv-content-item pt-cv-1-col\" ><div class='pt-cv-ifield'><h4 class=\"pt-cv-title\"><a href=\"https:\/\/www.tvnovelas.com.br\/tvnews\/a-nobreza-do-amor-mirinho-garante-noivado-com-virginia-para-atrair-sogro-a-negocio\/\" class=\"_self\" target=\"_self\" >A Nobreza do Amor: Mirinho garante noivado com Virg\u00ednia para atrair sogro a neg\u00f3cio<\/a><\/h4><\/div><\/div>\n<div class=\"col-md-12 col-sm-12 col-xs-12 pt-cv-content-item pt-cv-1-col\" ><div class='pt-cv-ifield'><h4 class=\"pt-cv-title\"><a href=\"https:\/\/www.tvnovelas.com.br\/tvnews\/tres-gracas-joaquim-propoe-fuga-a-arminda-com-o-dinheiro-das-tres-gracas\/\" class=\"_self\" target=\"_self\" >Tr\u00eas Gra\u00e7as:  Joaquim prop\u00f5e fuga a Arminda com o dinheiro das Tr\u00eas Gra\u00e7as<\/a><\/h4><\/div><\/div>\n<div class=\"col-md-12 col-sm-12 col-xs-12 pt-cv-content-item pt-cv-1-col\" ><div class='pt-cv-ifield'><h4 class=\"pt-cv-title\"><a href=\"https:\/\/www.tvnovelas.com.br\/tvnews\/coracao-de-mae-atilla-decide-abrir-o-jogo-com-karsu\/\" class=\"_self\" target=\"_self\" >Cora\u00e7\u00e3o de M\u00e3e: Atilla decide abrir o jogo com Karsu<\/a><\/h4><\/div><\/div>\n<div class=\"col-md-12 col-sm-12 col-xs-12 pt-cv-content-item pt-cv-1-col\" ><div class='pt-cv-ifield'><h4 class=\"pt-cv-title\"><a href=\"https:\/\/www.tvnovelas.com.br\/tvnews\/coracao-de-mae-adnan-e-preso-apos-denuncia-de-irmak\/\" class=\"_self\" target=\"_self\" >Em Cora\u00e7\u00e3o de M\u00e3e: Adnan \u00e9 preso ap\u00f3s denuncia de Irmak<\/a><\/h4><\/div><\/div>\n<div class=\"col-md-12 col-sm-12 col-xs-12 pt-cv-content-item pt-cv-1-col\" ><div class='pt-cv-ifield'><h4 class=\"pt-cv-title\"><a href=\"https:\/\/www.tvnovelas.com.br\/tvnews\/coracao-de-mae-atilla-forca-karsu-a-ouvir-suas-explicacoes\/\" class=\"_self\" target=\"_self\" >Cora\u00e7\u00e3o de M\u00e3e: Atilla for\u00e7a Karsu a ouvir suas explica\u00e7\u00f5es<\/a><\/h4><\/div><\/div>\n<div class=\"col-md-12 col-sm-12 col-xs-12 pt-cv-content-item pt-cv-1-col\" ><div class='pt-cv-ifield'><h4 class=\"pt-cv-title\"><a href=\"https:\/\/www.tvnovelas.com.br\/tvnews\/coracao-acelerado-mulher-choca-janete-ao-se-apresentar-como-amante-do-palhares\/\" class=\"_self\" target=\"_self\" >Cora\u00e7\u00e3o Acelerado: Mulher choca Janete ao se apresentar como amante do Palhares<\/a><\/h4><\/div><\/div>\n<div class=\"col-md-12 col-sm-12 col-xs-12 pt-cv-content-item pt-cv-1-col\" ><div class='pt-cv-ifield'><h4 class=\"pt-cv-title\"><a href=\"https:\/\/www.tvnovelas.com.br\/tvnews\/a-nobreza-do-amor-jendal-dobra-a-recompensa-por-alika\/\" class=\"_self\" target=\"_self\" >A Nobreza do Amor: Jendal dobra a recompensa por Alika<\/a><\/h4><\/div><\/div><\/div><\/div><\/div>\r\n<h3>Confira tamb\u00e9m<\/h3>\r\n<p><a href=\"https:\/\/www.tvnovelas.com.br\/filmes\/\" target=\"_blank\" rel=\"noopener noreferrer\"><strong>Programa\u00e7\u00e3o de filmes na TV aberta<\/strong><\/a><\/p>\r\n<p><a href=\"https:\/\/caetenews.com.br\/semana\/filmes-da-globo-na-sessao-da-tarde-desta-semana\/\" target=\"_blank\" rel=\"noopener\"><strong>Confira os filmes da semana na Sess\u00e3o da Tarde<\/strong><\/a><\/p>\r\n<p><a href=\"https:\/\/www.tvnovelas.com.br\/novelas\/\"><strong>Confira os resumos da semana de todas novelas<\/strong><\/a><\/p><br \/>\n<a href=\"https:\/\/tvnovelas.com.br\/filmes\/filmes-na-tv-segunda\/\" target=\"_blank\" rel=\"noopener\">Confira a Progrma\u00e7\u00e3o de Filmes na TV aberta<\/a><br \/>\n<a href=\"https:\/\/www.tvnovelas.com.br\/tvnews\/\" target=\"_blank\" rel=\"noopener\">\u00daltimas not\u00edcias das novelas<\/a><\/p>\n","protected":false},"excerpt":{"rendered":"<p> Vale Tudo na semana 14 a 19\/7&#8230; Nos pr\u00f3ximos cap\u00edtulos de Vale Tudo, Raquel contrata Bartolomeu como assessor de imprensa da Paladar; Heleninha procura Raquel para&#8230;<\/p>\n","protected":false},"author":1,"featured_media":78285,"comment_status":"closed","ping_status":"closed","sticky":false,"template":"","format":"standard","meta":{"_uf_show_specific_survey":0,"_uf_disable_surveys":false,"_jetpack_memberships_contains_paid_content":false,"footnotes":"","_wp_rev_ctl_limit":""},"categories":[871],"tags":[5,64,801],"class_list":["post-78283","post","type-post","status-publish","format-standard","has-post-thumbnail","hentry","category-vale-tudo","tag-globo","tag-novelas","tag-vale-tudo","wpcat-871-id"],"aioseo_notices":[],"jetpack_featured_media_url":"https:\/\/i0.wp.com\/www.tvnovelas.com.br\/tvnews\/wp-content\/uploads\/2025\/07\/11496.jpg?fit=728%2C410&ssl=1","jetpack_shortlink":"https:\/\/wp.me\/pdP2BO-kmD","jetpack_sharing_enabled":true,"_links":{"self":[{"href":"https:\/\/www.tvnovelas.com.br\/tvnews\/wp-json\/wp\/v2\/posts\/78283","targetHints":{"allow":["GET"]}}],"collection":[{"href":"https:\/\/www.tvnovelas.com.br\/tvnews\/wp-json\/wp\/v2\/posts"}],"about":[{"href":"https:\/\/www.tvnovelas.com.br\/tvnews\/wp-json\/wp\/v2\/types\/post"}],"author":[{"embeddable":true,"href":"https:\/\/www.tvnovelas.com.br\/tvnews\/wp-json\/wp\/v2\/users\/1"}],"replies":[{"embeddable":true,"href":"https:\/\/www.tvnovelas.com.br\/tvnews\/wp-json\/wp\/v2\/comments?post=78283"}],"version-history":[{"count":4,"href":"https:\/\/www.tvnovelas.com.br\/tvnews\/wp-json\/wp\/v2\/posts\/78283\/revisions"}],"predecessor-version":[{"id":78289,"href":"https:\/\/www.tvnovelas.com.br\/tvnews\/wp-json\/wp\/v2\/posts\/78283\/revisions\/78289"}],"wp:featuredmedia":[{"embeddable":true,"href":"https:\/\/www.tvnovelas.com.br\/tvnews\/wp-json\/wp\/v2\/media\/78285"}],"wp:attachment":[{"href":"https:\/\/www.tvnovelas.com.br\/tvnews\/wp-json\/wp\/v2\/media?parent=78283"}],"wp:term":[{"taxonomy":"category","embeddable":true,"href":"https:\/\/www.tvnovelas.com.br\/tvnews\/wp-json\/wp\/v2\/categories?post=78283"},{"taxonomy":"post_tag","embeddable":true,"href":"https:\/\/www.tvnovelas.com.br\/tvnews\/wp-json\/wp\/v2\/tags?post=78283"}],"curies":[{"name":"wp","href":"https:\/\/api.w.org\/{rel}","templated":true}]}}