{"id":78318,"date":"2025-07-13T09:21:14","date_gmt":"2025-07-13T12:21:14","guid":{"rendered":"https:\/\/www.tvnovelas.com.br\/tvnews\/?p=78318"},"modified":"2025-07-13T09:21:14","modified_gmt":"2025-07-13T12:21:14","slug":"dona-de-mim-filipa-surta-e-tem-crise-de-choro","status":"publish","type":"post","link":"https:\/\/www.tvnovelas.com.br\/tvnews\/dona-de-mim-filipa-surta-e-tem-crise-de-choro\/","title":{"rendered":"Dona de Mim: Filipa surta e tem crise de choro"},"content":{"rendered":"<figure id=\"attachment_78319\" aria-describedby=\"caption-attachment-78319\" style=\"width: 728px\" class=\"wp-caption alignnone\"><img data-recalc-dims=\"1\" decoding=\"async\" class=\"wp-image-78319 size-full\" title=\"(Foto: TV Globo\/Dona de Mim)\" src=\"https:\/\/i0.wp.com\/www.tvnovelas.com.br\/tvnews\/wp-content\/uploads\/2025\/07\/11500.jpg?resize=728%2C410&#038;ssl=1\" alt=\"Foto em Dona de Mim: Filipa surta e tem crise de choro\" width=\"728\" height=\"410\" srcset=\"https:\/\/i0.wp.com\/www.tvnovelas.com.br\/tvnews\/wp-content\/uploads\/2025\/07\/11500.jpg?w=728&amp;ssl=1 728w, https:\/\/i0.wp.com\/www.tvnovelas.com.br\/tvnews\/wp-content\/uploads\/2025\/07\/11500.jpg?resize=250%2C141&amp;ssl=1 250w\" sizes=\"(max-width: 728px) 100vw, 728px\" \/><figcaption id=\"caption-attachment-78319\" class=\"wp-caption-text\">Dona de Mim: Filipa surta e tem crise de choro<\/figcaption><\/figure>\n<p>Em Dona de Mim, Filipa (Cl\u00e1udia Abreu) est\u00e1 mexida com a chegada da filha, Nina (Flora Camolese), que n\u00e3o tem sido exatamente agrad\u00e1vel com a m\u00e3e. E ela vai surtar, ter uma crise de choro e se trancar no quarto. O estopim da crise ser\u00e1 uma pegadinha armada por Sofia, que far\u00e1 Filipa cair e se molhar ao entrar na mans\u00e3o.<\/p>\n<p>Filipa chegar\u00e1 em casa ap\u00f3s brigar com Nina, que fugiu e foi resgatada pela m\u00e3e em S\u00e3o Crist\u00f3v\u00e3o. Ao passar pela porta, ela escorregar\u00e1 em cascas de banana ,e um balde de \u00e1gua cair\u00e1 sobre sua cabe\u00e7a. Nervosa, Filipa come\u00e7ar\u00e1 a gritar. T\u00e3o alto, que assustar\u00e1 a todos na mans\u00e3o, principalmente \u00e0 menina Sofia.<\/p>\n<p>\u201cSofia foi voc\u00ea quem fez isso?, pergunta Filipa.<\/p>\n<p>\u201cFoi&#8230;\u201d, responde Sofia, amparada por Leo (Clara Moneke).<\/p>\n<p>\u201cEu n\u00e3o aguento mais! Eu n\u00e3o aguento mais\u201d, grita Filipa.<\/p>\n<p>Abel (Tony Ramos) ir\u00e1 atr\u00e1s dela, Nina ficar\u00e1 ali sem rea\u00e7\u00e3o, e Sofia, muito assustada.<\/p>\n<p>Filipa se encolher\u00e1 no quarto, chorando muito. Abel tentar\u00e1 conversar com ela, mas ela ir\u00e1 pedir para ficar sozinha.<\/p>\n<p>\u201cSai daqui, por favor.\u201d<\/p>\n<p>No dia seguinte, Filipa pede desculpas a Sofia por sua crise.<br \/>\n<!--FIM--><br \/>\n<a href=\"https:\/\/wp.me\/pfspD2-UO\" target=\"_blank\" rel=\"noopener\">Dona de Mim: A trama da novela<\/a><br \/>\n<a href=\"https:\/\/wp.me\/pfspD2-UG\" target=\"_blank\" rel=\"noopener\">Dona de Mim: A fam\u00edlia Boaz e seu imp\u00e9rio de lingerie<\/a><br \/>\n<a href=\"https:\/\/pt.wikipedia.org\/wiki\/Dona_de_Mim_(telenovela)\" target=\"_blank\" rel=\"noopener\">Sobre Dona de Mim na Wikipedia<\/a><br \/>\n<strong>\u00daltimas not\u00edcias de Dona de Mim:<\/strong><br \/>\n<div class=\"pt-cv-wrapper\"><div class=\"pt-cv-view pt-cv-grid pt-cv-colsys\" id=\"pt-cv-view-53ef48buaf\"><div data-id=\"pt-cv-page-1\" class=\"pt-cv-page\" data-cvc=\"1\"><div class=\"col-md-12 col-sm-12 col-xs-12 pt-cv-content-item pt-cv-1-col\" ><div class='pt-cv-ifield'><h4 class=\"pt-cv-title\"><a href=\"https:\/\/www.tvnovelas.com.br\/tvnews\/dona-de-mim-abel-aparece-e-salva-sofia-do-incendio\/\" class=\"_blank\" target=\"_blank\" >Dona de Mim: Abel \u2018aparece&#8217; e salva Sofia do inc\u00eandio<\/a><\/h4><\/div><\/div>\n<div class=\"col-md-12 col-sm-12 col-xs-12 pt-cv-content-item pt-cv-1-col\" ><div class='pt-cv-ifield'><h4 class=\"pt-cv-title\"><a href=\"https:\/\/www.tvnovelas.com.br\/tvnews\/dona-de-mim-jaques-coloca-fogo-na-boaz\/\" class=\"_blank\" target=\"_blank\" >Dona de Mim: Jaques coloca fogo na Boaz<\/a><\/h4><\/div><\/div>\n<div class=\"col-md-12 col-sm-12 col-xs-12 pt-cv-content-item pt-cv-1-col\" ><div class='pt-cv-ifield'><h4 class=\"pt-cv-title\"><a href=\"https:\/\/www.tvnovelas.com.br\/tvnews\/dona-de-mim-davi-e-barbara-sofrem-grave-acidente\/\" class=\"_blank\" target=\"_blank\" >Dona de Mim: Davi e B\u00e1rbara sofrem grave acidente<\/a><\/h4><\/div><\/div>\n<div class=\"col-md-12 col-sm-12 col-xs-12 pt-cv-content-item pt-cv-1-col\" ><div class='pt-cv-ifield'><h4 class=\"pt-cv-title\"><a href=\"https:\/\/www.tvnovelas.com.br\/tvnews\/dona-de-mim-ellen-e-presa-e-sofia-volta-para-casa\/\" class=\"_blank\" target=\"_blank\" >Dona de Mim: Ellen \u00e9 presa, e Sofia volta para casa<\/a><\/h4><\/div><\/div>\n<div class=\"col-md-12 col-sm-12 col-xs-12 pt-cv-content-item pt-cv-1-col\" ><div class='pt-cv-ifield'><h4 class=\"pt-cv-title\"><a href=\"https:\/\/www.tvnovelas.com.br\/tvnews\/dona-de-mim-na-ultima-semana-05-a-10-01\/\" class=\"_blank\" target=\"_blank\" >Dona de Mim na \u00faltima semana (05 a 10\/01)<\/a><\/h4><\/div><\/div><\/div><\/div><\/div><br \/>\n<strong>\u00daltimas not\u00edcias das novelas<\/strong><br \/>\n<div class=\"pt-cv-wrapper\"><div class=\"pt-cv-view pt-cv-grid pt-cv-colsys\" id=\"pt-cv-view-440a179we1\"><div data-id=\"pt-cv-page-1\" class=\"pt-cv-page\" data-cvc=\"2\"><div class=\"col-md-6 col-sm-12 col-xs-12 pt-cv-content-item pt-cv-1-col\" ><div class='pt-cv-ifield'><a href=\"https:\/\/www.tvnovelas.com.br\/tvnews\/coracao-de-mae-atilla-confronta-hasan-e-exige-o-divorcio-de-lale\/\" class=\"_blank pt-cv-href-thumbnail pt-cv-thumb-default\" target=\"_blank\" ><\/a>\n<h4 class=\"pt-cv-title\"><a href=\"https:\/\/www.tvnovelas.com.br\/tvnews\/coracao-de-mae-atilla-confronta-hasan-e-exige-o-divorcio-de-lale\/\" class=\"_blank\" target=\"_blank\" >Cora\u00e7\u00e3o de M\u00e3e: Atilla confronta Hasan e exige o div\u00f3rcio de Lale<\/a><\/h4><\/div><\/div>\n<div class=\"col-md-6 col-sm-12 col-xs-12 pt-cv-content-item pt-cv-1-col\" ><div class='pt-cv-ifield'><a href=\"https:\/\/www.tvnovelas.com.br\/tvnews\/guerra-das-rosas-gulfem-coloca-gulru-contra-a-parede\/\" class=\"_blank pt-cv-href-thumbnail pt-cv-thumb-default\" target=\"_blank\" ><img decoding=\"async\" width=\"728\" height=\"410\" src=\"https:\/\/i0.wp.com\/www.tvnovelas.com.br\/tvnews\/wp-content\/uploads\/2026\/04\/13184.jpg?fit=728%2C410&amp;ssl=1\" class=\"pt-cv-thumbnail\" alt=\"Foto em Guerra das Rosas: Gulfem coloca Gulru contra a parede\" srcset=\"https:\/\/i0.wp.com\/www.tvnovelas.com.br\/tvnews\/wp-content\/uploads\/2026\/04\/13184.jpg?w=728&amp;ssl=1 728w, https:\/\/i0.wp.com\/www.tvnovelas.com.br\/tvnews\/wp-content\/uploads\/2026\/04\/13184.jpg?resize=250%2C141&amp;ssl=1 250w\" sizes=\"(max-width: 728px) 100vw, 728px\" \/><\/a>\n<h4 class=\"pt-cv-title\"><a href=\"https:\/\/www.tvnovelas.com.br\/tvnews\/guerra-das-rosas-gulfem-coloca-gulru-contra-a-parede\/\" class=\"_blank\" target=\"_blank\" >Guerra das Rosas: Gulfem coloca Gulru contra a parede<\/a><\/h4><\/div><\/div>\n<div class=\"col-md-6 col-sm-12 col-xs-12 pt-cv-content-item pt-cv-1-col\" ><div class='pt-cv-ifield'><a href=\"https:\/\/www.tvnovelas.com.br\/tvnews\/coracao-de-mae-atilla-diz-a-lale-que-quer-o-divorcio\/\" class=\"_blank pt-cv-href-thumbnail pt-cv-thumb-default\" target=\"_blank\" ><img decoding=\"async\" width=\"728\" height=\"410\" src=\"https:\/\/i0.wp.com\/www.tvnovelas.com.br\/tvnews\/wp-content\/uploads\/2026\/04\/13183.jpg?fit=728%2C410&amp;ssl=1\" class=\"pt-cv-thumbnail\" alt=\"Foto em Cora\u00e7\u00e3o de M\u00e3e: Atilla diz a Lale que quer o div\u00f3rcio\" srcset=\"https:\/\/i0.wp.com\/www.tvnovelas.com.br\/tvnews\/wp-content\/uploads\/2026\/04\/13183.jpg?w=728&amp;ssl=1 728w, https:\/\/i0.wp.com\/www.tvnovelas.com.br\/tvnews\/wp-content\/uploads\/2026\/04\/13183.jpg?resize=250%2C141&amp;ssl=1 250w\" sizes=\"(max-width: 728px) 100vw, 728px\" \/><\/a>\n<h4 class=\"pt-cv-title\"><a href=\"https:\/\/www.tvnovelas.com.br\/tvnews\/coracao-de-mae-atilla-diz-a-lale-que-quer-o-divorcio\/\" class=\"_blank\" target=\"_blank\" >Cora\u00e7\u00e3o de M\u00e3e: Atilla diz a Lale que quer o div\u00f3rcio<\/a><\/h4><\/div><\/div>\n<div class=\"col-md-6 col-sm-12 col-xs-12 pt-cv-content-item pt-cv-1-col\" ><div class='pt-cv-ifield'><a href=\"https:\/\/www.tvnovelas.com.br\/tvnews\/a-nobreza-do-amor-mirinho-garante-noivado-com-virginia-para-atrair-sogro-a-negocio\/\" class=\"_blank pt-cv-href-thumbnail pt-cv-thumb-default\" target=\"_blank\" ><img decoding=\"async\" width=\"728\" height=\"410\" src=\"https:\/\/i0.wp.com\/www.tvnovelas.com.br\/tvnews\/wp-content\/uploads\/2026\/04\/13182.jpg?fit=728%2C410&amp;ssl=1\" class=\"pt-cv-thumbnail\" alt=\"Foto em A Nobreza do Amor: Mirinho garante noivado com Virg\u00ednia para atrair sogro a neg\u00f3cio\" srcset=\"https:\/\/i0.wp.com\/www.tvnovelas.com.br\/tvnews\/wp-content\/uploads\/2026\/04\/13182.jpg?w=728&amp;ssl=1 728w, https:\/\/i0.wp.com\/www.tvnovelas.com.br\/tvnews\/wp-content\/uploads\/2026\/04\/13182.jpg?resize=250%2C141&amp;ssl=1 250w\" sizes=\"(max-width: 728px) 100vw, 728px\" \/><\/a>\n<h4 class=\"pt-cv-title\"><a href=\"https:\/\/www.tvnovelas.com.br\/tvnews\/a-nobreza-do-amor-mirinho-garante-noivado-com-virginia-para-atrair-sogro-a-negocio\/\" class=\"_blank\" target=\"_blank\" >A Nobreza do Amor: Mirinho garante noivado com Virg\u00ednia para atrair sogro a neg\u00f3cio<\/a><\/h4><\/div><\/div>\n<div class=\"col-md-6 col-sm-12 col-xs-12 pt-cv-content-item pt-cv-1-col\" ><div class='pt-cv-ifield'><a href=\"https:\/\/www.tvnovelas.com.br\/tvnews\/tres-gracas-joaquim-propoe-fuga-a-arminda-com-o-dinheiro-das-tres-gracas\/\" class=\"_blank pt-cv-href-thumbnail pt-cv-thumb-default\" target=\"_blank\" ><img decoding=\"async\" width=\"728\" height=\"410\" src=\"https:\/\/i0.wp.com\/www.tvnovelas.com.br\/tvnews\/wp-content\/uploads\/2026\/04\/13181.jpg?fit=728%2C410&amp;ssl=1\" class=\"pt-cv-thumbnail\" alt=\"Foto em Tr\u00eas Gra\u00e7as: Joaquim prop\u00f5e fuga a Arminda com o dinheiro das Tr\u00eas Gra\u00e7as\" srcset=\"https:\/\/i0.wp.com\/www.tvnovelas.com.br\/tvnews\/wp-content\/uploads\/2026\/04\/13181.jpg?w=728&amp;ssl=1 728w, https:\/\/i0.wp.com\/www.tvnovelas.com.br\/tvnews\/wp-content\/uploads\/2026\/04\/13181.jpg?resize=250%2C141&amp;ssl=1 250w\" sizes=\"(max-width: 728px) 100vw, 728px\" \/><\/a>\n<h4 class=\"pt-cv-title\"><a href=\"https:\/\/www.tvnovelas.com.br\/tvnews\/tres-gracas-joaquim-propoe-fuga-a-arminda-com-o-dinheiro-das-tres-gracas\/\" class=\"_blank\" target=\"_blank\" >Tr\u00eas Gra\u00e7as:  Joaquim prop\u00f5e fuga a Arminda com o dinheiro das Tr\u00eas Gra\u00e7as<\/a><\/h4><\/div><\/div>\n<div class=\"col-md-6 col-sm-12 col-xs-12 pt-cv-content-item pt-cv-1-col\" ><div class='pt-cv-ifield'><a href=\"https:\/\/www.tvnovelas.com.br\/tvnews\/coracao-de-mae-atilla-decide-abrir-o-jogo-com-karsu\/\" class=\"_blank pt-cv-href-thumbnail pt-cv-thumb-default\" target=\"_blank\" ><img decoding=\"async\" width=\"728\" height=\"410\" src=\"https:\/\/i0.wp.com\/www.tvnovelas.com.br\/tvnews\/wp-content\/uploads\/2026\/04\/13180.jpg?fit=728%2C410&amp;ssl=1\" class=\"pt-cv-thumbnail\" alt=\"Foto em Cora\u00e7\u00e3o de M\u00e3e: Atilla decide abrir o jogo com Karsu\" srcset=\"https:\/\/i0.wp.com\/www.tvnovelas.com.br\/tvnews\/wp-content\/uploads\/2026\/04\/13180.jpg?w=728&amp;ssl=1 728w, https:\/\/i0.wp.com\/www.tvnovelas.com.br\/tvnews\/wp-content\/uploads\/2026\/04\/13180.jpg?resize=250%2C141&amp;ssl=1 250w\" sizes=\"(max-width: 728px) 100vw, 728px\" \/><\/a>\n<h4 class=\"pt-cv-title\"><a href=\"https:\/\/www.tvnovelas.com.br\/tvnews\/coracao-de-mae-atilla-decide-abrir-o-jogo-com-karsu\/\" class=\"_blank\" target=\"_blank\" >Cora\u00e7\u00e3o de M\u00e3e: Atilla decide abrir o jogo com Karsu<\/a><\/h4><\/div><\/div>\n<div class=\"col-md-6 col-sm-12 col-xs-12 pt-cv-content-item pt-cv-1-col\" ><div class='pt-cv-ifield'><a href=\"https:\/\/www.tvnovelas.com.br\/tvnews\/coracao-de-mae-adnan-e-preso-apos-denuncia-de-irmak\/\" class=\"_blank pt-cv-href-thumbnail pt-cv-thumb-default\" target=\"_blank\" ><img decoding=\"async\" width=\"728\" height=\"408\" src=\"https:\/\/i0.wp.com\/www.tvnovelas.com.br\/tvnews\/wp-content\/uploads\/2026\/04\/13179.jpg?fit=728%2C408&amp;ssl=1\" class=\"pt-cv-thumbnail\" alt=\"Foto erm Cora\u00e7\u00e3o de M\u00e3e: Adnan \u00e9 preso ap\u00f3s denuncia de Irmak\" srcset=\"https:\/\/i0.wp.com\/www.tvnovelas.com.br\/tvnews\/wp-content\/uploads\/2026\/04\/13179.jpg?w=728&amp;ssl=1 728w, https:\/\/i0.wp.com\/www.tvnovelas.com.br\/tvnews\/wp-content\/uploads\/2026\/04\/13179.jpg?resize=250%2C140&amp;ssl=1 250w\" sizes=\"(max-width: 728px) 100vw, 728px\" \/><\/a>\n<h4 class=\"pt-cv-title\"><a href=\"https:\/\/www.tvnovelas.com.br\/tvnews\/coracao-de-mae-adnan-e-preso-apos-denuncia-de-irmak\/\" class=\"_blank\" target=\"_blank\" >Em Cora\u00e7\u00e3o de M\u00e3e: Adnan \u00e9 preso ap\u00f3s denuncia de Irmak<\/a><\/h4><\/div><\/div>\n<div class=\"col-md-6 col-sm-12 col-xs-12 pt-cv-content-item pt-cv-1-col\" ><div class='pt-cv-ifield'><a href=\"https:\/\/www.tvnovelas.com.br\/tvnews\/coracao-de-mae-atilla-forca-karsu-a-ouvir-suas-explicacoes\/\" class=\"_blank pt-cv-href-thumbnail pt-cv-thumb-default\" target=\"_blank\" ><img decoding=\"async\" width=\"728\" height=\"410\" src=\"https:\/\/i0.wp.com\/www.tvnovelas.com.br\/tvnews\/wp-content\/uploads\/2026\/04\/13178.jpg?fit=728%2C410&amp;ssl=1\" class=\"pt-cv-thumbnail\" alt=\"Foto em Cora\u00e7\u00e3o de M\u00e3e: Atilla for\u00e7a Karsu a ouvir suas explica\u00e7\u00f5es\" srcset=\"https:\/\/i0.wp.com\/www.tvnovelas.com.br\/tvnews\/wp-content\/uploads\/2026\/04\/13178.jpg?w=728&amp;ssl=1 728w, https:\/\/i0.wp.com\/www.tvnovelas.com.br\/tvnews\/wp-content\/uploads\/2026\/04\/13178.jpg?resize=250%2C141&amp;ssl=1 250w\" sizes=\"(max-width: 728px) 100vw, 728px\" \/><\/a>\n<h4 class=\"pt-cv-title\"><a href=\"https:\/\/www.tvnovelas.com.br\/tvnews\/coracao-de-mae-atilla-forca-karsu-a-ouvir-suas-explicacoes\/\" class=\"_blank\" target=\"_blank\" >Cora\u00e7\u00e3o de M\u00e3e: Atilla for\u00e7a Karsu a ouvir suas explica\u00e7\u00f5es<\/a><\/h4><\/div><\/div>\n<div class=\"col-md-6 col-sm-12 col-xs-12 pt-cv-content-item pt-cv-1-col\" ><div class='pt-cv-ifield'><a href=\"https:\/\/www.tvnovelas.com.br\/tvnews\/coracao-acelerado-mulher-choca-janete-ao-se-apresentar-como-amante-do-palhares\/\" class=\"_blank pt-cv-href-thumbnail pt-cv-thumb-default\" target=\"_blank\" ><img decoding=\"async\" width=\"728\" height=\"410\" src=\"https:\/\/i0.wp.com\/www.tvnovelas.com.br\/tvnews\/wp-content\/uploads\/2026\/04\/13176.jpg?fit=728%2C410&amp;ssl=1\" class=\"pt-cv-thumbnail\" alt=\"Foto em Cora\u00e7\u00e3o Acelerado: Mulher choca Janete ao se apresentar como amante do Palhares\" srcset=\"https:\/\/i0.wp.com\/www.tvnovelas.com.br\/tvnews\/wp-content\/uploads\/2026\/04\/13176.jpg?w=728&amp;ssl=1 728w, https:\/\/i0.wp.com\/www.tvnovelas.com.br\/tvnews\/wp-content\/uploads\/2026\/04\/13176.jpg?resize=250%2C141&amp;ssl=1 250w\" sizes=\"(max-width: 728px) 100vw, 728px\" \/><\/a>\n<h4 class=\"pt-cv-title\"><a href=\"https:\/\/www.tvnovelas.com.br\/tvnews\/coracao-acelerado-mulher-choca-janete-ao-se-apresentar-como-amante-do-palhares\/\" class=\"_blank\" target=\"_blank\" >Cora\u00e7\u00e3o Acelerado: Mulher choca Janete ao se apresentar como amante do Palhares<\/a><\/h4><\/div><\/div>\n<div class=\"col-md-6 col-sm-12 col-xs-12 pt-cv-content-item pt-cv-1-col\" ><div class='pt-cv-ifield'><a href=\"https:\/\/www.tvnovelas.com.br\/tvnews\/a-nobreza-do-amor-jendal-dobra-a-recompensa-por-alika\/\" class=\"_blank pt-cv-href-thumbnail pt-cv-thumb-default\" target=\"_blank\" ><img decoding=\"async\" width=\"728\" height=\"410\" src=\"https:\/\/i0.wp.com\/www.tvnovelas.com.br\/tvnews\/wp-content\/uploads\/2026\/04\/13175.jpg?fit=728%2C410&amp;ssl=1\" class=\"pt-cv-thumbnail\" alt=\"Foto em A Nobreza do Amor: Jendal dobra a recompensa por Alika\" srcset=\"https:\/\/i0.wp.com\/www.tvnovelas.com.br\/tvnews\/wp-content\/uploads\/2026\/04\/13175.jpg?w=728&amp;ssl=1 728w, https:\/\/i0.wp.com\/www.tvnovelas.com.br\/tvnews\/wp-content\/uploads\/2026\/04\/13175.jpg?resize=250%2C141&amp;ssl=1 250w\" sizes=\"(max-width: 728px) 100vw, 728px\" \/><\/a>\n<h4 class=\"pt-cv-title\"><a href=\"https:\/\/www.tvnovelas.com.br\/tvnews\/a-nobreza-do-amor-jendal-dobra-a-recompensa-por-alika\/\" class=\"_blank\" target=\"_blank\" >A Nobreza do Amor: Jendal dobra a recompensa por Alika<\/a><\/h4><\/div><\/div><\/div><\/div><\/div><br \/>\n<a href=\"https:\/\/tvnovelas.com.br\/filmes\/filmes-na-tv-segunda\/\" target=\"_blank\" rel=\"noopener\">Confira a Programa\u00e7\u00e3o de Filmes na TV aberta<\/a><\/p>\n","protected":false},"excerpt":{"rendered":"<p>Dona de Mim: Filipa surta e tem crise de choro&#8230; Em Dona de Mim, Filipa (Cl\u00e1udia Abreu) est\u00e1 mexida com a chegada da filha, Nina&#8230;<\/p>\n","protected":false},"author":1,"featured_media":78319,"comment_status":"closed","ping_status":"closed","sticky":false,"template":"","format":"standard","meta":{"_uf_show_specific_survey":0,"_uf_disable_surveys":false,"_jetpack_memberships_contains_paid_content":false,"footnotes":"","_wp_rev_ctl_limit":""},"categories":[884],"tags":[883,5,64],"class_list":["post-78318","post","type-post","status-publish","format-standard","has-post-thumbnail","hentry","category-dona-de-mim","tag-dona-de-mim","tag-globo","tag-novelas","wpcat-884-id"],"aioseo_notices":[],"jetpack_featured_media_url":"https:\/\/i0.wp.com\/www.tvnovelas.com.br\/tvnews\/wp-content\/uploads\/2025\/07\/11500.jpg?fit=728%2C410&ssl=1","jetpack_shortlink":"https:\/\/wp.me\/pdP2BO-knc","jetpack_sharing_enabled":true,"_links":{"self":[{"href":"https:\/\/www.tvnovelas.com.br\/tvnews\/wp-json\/wp\/v2\/posts\/78318","targetHints":{"allow":["GET"]}}],"collection":[{"href":"https:\/\/www.tvnovelas.com.br\/tvnews\/wp-json\/wp\/v2\/posts"}],"about":[{"href":"https:\/\/www.tvnovelas.com.br\/tvnews\/wp-json\/wp\/v2\/types\/post"}],"author":[{"embeddable":true,"href":"https:\/\/www.tvnovelas.com.br\/tvnews\/wp-json\/wp\/v2\/users\/1"}],"replies":[{"embeddable":true,"href":"https:\/\/www.tvnovelas.com.br\/tvnews\/wp-json\/wp\/v2\/comments?post=78318"}],"version-history":[{"count":1,"href":"https:\/\/www.tvnovelas.com.br\/tvnews\/wp-json\/wp\/v2\/posts\/78318\/revisions"}],"predecessor-version":[{"id":78320,"href":"https:\/\/www.tvnovelas.com.br\/tvnews\/wp-json\/wp\/v2\/posts\/78318\/revisions\/78320"}],"wp:featuredmedia":[{"embeddable":true,"href":"https:\/\/www.tvnovelas.com.br\/tvnews\/wp-json\/wp\/v2\/media\/78319"}],"wp:attachment":[{"href":"https:\/\/www.tvnovelas.com.br\/tvnews\/wp-json\/wp\/v2\/media?parent=78318"}],"wp:term":[{"taxonomy":"category","embeddable":true,"href":"https:\/\/www.tvnovelas.com.br\/tvnews\/wp-json\/wp\/v2\/categories?post=78318"},{"taxonomy":"post_tag","embeddable":true,"href":"https:\/\/www.tvnovelas.com.br\/tvnews\/wp-json\/wp\/v2\/tags?post=78318"}],"curies":[{"name":"wp","href":"https:\/\/api.w.org\/{rel}","templated":true}]}}