{"id":78322,"date":"2025-07-13T09:49:02","date_gmt":"2025-07-13T12:49:02","guid":{"rendered":"https:\/\/www.tvnovelas.com.br\/tvnews\/?p=78322"},"modified":"2025-07-13T09:49:02","modified_gmt":"2025-07-13T12:49:02","slug":"eta-mundo-melhor-celso-se-declara-para-estela","status":"publish","type":"post","link":"https:\/\/www.tvnovelas.com.br\/tvnews\/eta-mundo-melhor-celso-se-declara-para-estela\/","title":{"rendered":"\u00cata Mundo Melhor!: Celso se declara para Estela"},"content":{"rendered":"<figure id=\"attachment_78323\" aria-describedby=\"caption-attachment-78323\" style=\"width: 728px\" class=\"wp-caption alignnone\"><img data-recalc-dims=\"1\" decoding=\"async\" class=\"wp-image-78323 size-full\" title=\"(Foto: TV Globo\/\u00cata Mundo Melhor!)\" src=\"https:\/\/i0.wp.com\/www.tvnovelas.com.br\/tvnews\/wp-content\/uploads\/2025\/07\/11501.jpg?resize=728%2C410&#038;ssl=1\" alt=\"Foto em \u00cata Mundo Melhor!: Celso se declara para Estela\" width=\"728\" height=\"410\" srcset=\"https:\/\/i0.wp.com\/www.tvnovelas.com.br\/tvnews\/wp-content\/uploads\/2025\/07\/11501.jpg?w=728&amp;ssl=1 728w, https:\/\/i0.wp.com\/www.tvnovelas.com.br\/tvnews\/wp-content\/uploads\/2025\/07\/11501.jpg?resize=250%2C141&amp;ssl=1 250w\" sizes=\"(max-width: 728px) 100vw, 728px\" \/><figcaption id=\"caption-attachment-78323\" class=\"wp-caption-text\">\u00cata Mundo Melhor!: Celso se declara para Estela<\/figcaption><\/figure>\n<p>Em \u00cata Mundo Melhor!, a aproxima\u00e7\u00e3o de Celso (Rainer Cadete) e Estela (Larissa Manoela) ganhar\u00e1 novos contornos. Os dois ter\u00e3o um encontro rom\u00e2ntico, e o vi\u00favo aproveitar\u00e1 a oportunidade para deixar claro seu encantamento pela enfermeira.<\/p>\n<p>Celso e Estela se encontram para jantar. Na conversa, ele admite que jamais esquecer\u00e1 Maria (Bianca Bin), mas que agora consegue entender melhor o \u00faltimo pedido dela, para que ele tocasse a vida, seguisse adiante.<\/p>\n<p>Celso confessa:<\/p>\n<p>&#8220;Desde que nos conhecemos, durante a tr\u00e1gica partida de minha esposa, n\u00e3o deixei de pensar em voc\u00ea por um s\u00f3 dia&#8230;&#8221;<\/p>\n<p>Estela imagina que ele se entriste\u00e7a ao lembra dela, j\u00e1 que foi a \u00faltima pessoa a ver Maria com vida. Mas Celso a rasga de elogios:<\/p>\n<p>&#8220;N\u00e3o! Lembrava de voc\u00ea com ternura, com gratid\u00e3o, mas n\u00e3o apenas isso. Voc\u00ea tem um sorriso cativante, uma beleza que \u00e9 imposs\u00edvel de esquecer&#8230;&#8221;<\/p>\n<p>Estela fica sem gra\u00e7a com as palavra de Celso, que ainda faz quest\u00e3o de preparar uma surpresa. No dia seguinte, ao chegar no hospital para o trabalho, Estela \u00e9 surpreendida por um buqu\u00ea de flores e uma caixa de bombom com um cart\u00e3o:<\/p>\n<p>&#8220;&#8216;Aceite esta singela lembran\u00e7a para colorir e ado\u00e7ar o seu dia. Celso'&#8221;.<br \/>\n<!--FIM--><\/p>\n<h2>Coment\u00e1rios em Resumos de \u00cata Mundo Melhor!<\/h2>\n<div class=\"fb-comments\" data-width=\"100%\" data-order-by=\"reverse_time\" data-numposts=\"5\"><\/div>\n<h2>Saiba mais sobre \u00cata Mundo Melhor!:<\/h2>\n<blockquote><p><a href=\"https:\/\/tvnovelas.com.br\/page2\/arquivo\/eta-mundo-melhor-a-volta-de-candinho-e-policarpo\/&quot;\" target=\"_blank\" rel=\"noopener\"><strong>\u00cata Mundo Melhor!: A volta de Candinho e Policarpo<\/strong><\/a> (Sinopse)<\/p><\/blockquote>\n<h2>Outros resumos atualizados<\/h2>\n<div class=\"pt-cv-wrapper\">Erro: visualiza\u00e7\u00e3o <strong>662bf56ijm<\/strong> pode n\u00e3o existir<\/div>\n<h2>\u00daltimas not\u00edcias das novelas<\/h2>\n<p>[wp-rss-aggregator feeds=&#8221;todas&#8221;]<\/p>\n<h2>Mais:<\/h2>\n<p><a href=\"https:\/\/pt.wikipedia.org\/wiki\/%C3%8Ata_Mundo_Melhor!\" target=\"_blank\" rel=\"noopener\">Sobre \u00cata Mundo Melhor!, na Wikipedia<\/a><br \/>\n<a href=\"https:\/\/tvnovelas.com.br\/filmes\/filmes-na-tv-segunda\/\" target=\"_blank\" rel=\"noopener\">Confira a Programa\u00e7\u00e3o de Filmes na TV aberta<\/a><br \/>\n<a href=\"https:\/\/tvnovelas.com.br\/novelas\/\" target=\"_blank\" rel=\"noopener\">Resumos de todas as novelas<\/a><\/p>\n","protected":false},"excerpt":{"rendered":"<p>\u00cata Mundo Melhor!: Celso se declara para Estela&#8230; Em \u00cata Mundo Melhor!, a aproxima\u00e7\u00e3o de Celso (Rainer Cadete) e Estela (Larissa Manoela) ganhar\u00e1 novos contornos&#8230;<\/p>\n","protected":false},"author":1,"featured_media":78323,"comment_status":"closed","ping_status":"closed","sticky":false,"template":"","format":"standard","meta":{"_uf_show_specific_survey":0,"_uf_disable_surveys":false,"_jetpack_memberships_contains_paid_content":false,"footnotes":"","_wp_rev_ctl_limit":""},"categories":[920],"tags":[921,5,64],"class_list":["post-78322","post","type-post","status-publish","format-standard","has-post-thumbnail","hentry","category-eta-mundo-melhor","tag-eta-mundo-melhor","tag-globo","tag-novelas","wpcat-920-id"],"aioseo_notices":[],"jetpack_featured_media_url":"https:\/\/i0.wp.com\/www.tvnovelas.com.br\/tvnews\/wp-content\/uploads\/2025\/07\/11501.jpg?fit=728%2C410&ssl=1","jetpack_shortlink":"https:\/\/wp.me\/pdP2BO-kng","jetpack_sharing_enabled":true,"_links":{"self":[{"href":"https:\/\/www.tvnovelas.com.br\/tvnews\/wp-json\/wp\/v2\/posts\/78322","targetHints":{"allow":["GET"]}}],"collection":[{"href":"https:\/\/www.tvnovelas.com.br\/tvnews\/wp-json\/wp\/v2\/posts"}],"about":[{"href":"https:\/\/www.tvnovelas.com.br\/tvnews\/wp-json\/wp\/v2\/types\/post"}],"author":[{"embeddable":true,"href":"https:\/\/www.tvnovelas.com.br\/tvnews\/wp-json\/wp\/v2\/users\/1"}],"replies":[{"embeddable":true,"href":"https:\/\/www.tvnovelas.com.br\/tvnews\/wp-json\/wp\/v2\/comments?post=78322"}],"version-history":[{"count":1,"href":"https:\/\/www.tvnovelas.com.br\/tvnews\/wp-json\/wp\/v2\/posts\/78322\/revisions"}],"predecessor-version":[{"id":78324,"href":"https:\/\/www.tvnovelas.com.br\/tvnews\/wp-json\/wp\/v2\/posts\/78322\/revisions\/78324"}],"wp:featuredmedia":[{"embeddable":true,"href":"https:\/\/www.tvnovelas.com.br\/tvnews\/wp-json\/wp\/v2\/media\/78323"}],"wp:attachment":[{"href":"https:\/\/www.tvnovelas.com.br\/tvnews\/wp-json\/wp\/v2\/media?parent=78322"}],"wp:term":[{"taxonomy":"category","embeddable":true,"href":"https:\/\/www.tvnovelas.com.br\/tvnews\/wp-json\/wp\/v2\/categories?post=78322"},{"taxonomy":"post_tag","embeddable":true,"href":"https:\/\/www.tvnovelas.com.br\/tvnews\/wp-json\/wp\/v2\/tags?post=78322"}],"curies":[{"name":"wp","href":"https:\/\/api.w.org\/{rel}","templated":true}]}}