{"id":78332,"date":"2025-07-13T13:44:16","date_gmt":"2025-07-13T16:44:16","guid":{"rendered":"https:\/\/www.tvnovelas.com.br\/tvnews\/?p=78332"},"modified":"2025-07-13T13:49:10","modified_gmt":"2025-07-13T16:49:10","slug":"eta-mundo-melhor-sandra-foge-da-cadeia-e-desaparece","status":"publish","type":"post","link":"https:\/\/www.tvnovelas.com.br\/tvnews\/eta-mundo-melhor-sandra-foge-da-cadeia-e-desaparece\/","title":{"rendered":"\u00cata Mundo Melhor!: Sandra foge da cadeia e desaparece"},"content":{"rendered":"<figure id=\"attachment_78333\" aria-describedby=\"caption-attachment-78333\" style=\"width: 728px\" class=\"wp-caption alignnone\"><img data-recalc-dims=\"1\" decoding=\"async\" class=\"wp-image-78333 size-full\" title=\"(Foto: TV Globo\/\u00cata Mundo Melhor!)\" src=\"https:\/\/i0.wp.com\/www.tvnovelas.com.br\/tvnews\/wp-content\/uploads\/2025\/07\/11504.jpg?resize=728%2C410&#038;ssl=1\" alt=\"Foto em \u00cata Mundo Melhor!: Sandra foge da cadeia e desaparece\" width=\"728\" height=\"410\" srcset=\"https:\/\/i0.wp.com\/www.tvnovelas.com.br\/tvnews\/wp-content\/uploads\/2025\/07\/11504.jpg?w=728&amp;ssl=1 728w, https:\/\/i0.wp.com\/www.tvnovelas.com.br\/tvnews\/wp-content\/uploads\/2025\/07\/11504.jpg?resize=250%2C141&amp;ssl=1 250w\" sizes=\"(max-width: 728px) 100vw, 728px\" \/><figcaption id=\"caption-attachment-78333\" class=\"wp-caption-text\">\u00cata Mundo Melhor!: Sandra foge da cadeia e desaparece<\/figcaption><\/figure>\n<p>Em \u00cata Mundo Melhor!, Sandra (Fl\u00e1via Alessandra) vai ter um desfecho surpreendente: Primeiro, ela briga com N\u00e1dia e tem sua liberdade condicional revogada, mas com a ajuda de Ernesto (Eriberto Le\u00e3o), ela consegue fugir da pris\u00e3o.<\/p>\n<p>Na sequ\u00eancia, ela declara seu amor ao &#8220;bigodinho&#8221; e simplesmente some no mundo.<\/p>\n<h2 style=\"color: #8a0000;\">Resumo de segunda-feira, 14 de julho<\/h2>\n<p>Asdr\u00fabal explica para Candinho e Picol\u00e9 seu plano para encontrar Samir. S\u00f4nia convida Quincas para sair, e os dois acabam tendo que lavar pratos. Sandra briga com N\u00e1dia e tem sua liberdade condicional revogada. Disfar\u00e7ado, Asdr\u00fabal conhece Samir, e Zulma desconfia do professor. Cunegundes descobre que pode ter esmeraldas em suas terras. Celso informa a Tamires que n\u00e3o comprar\u00e1 mais o dancing para Sandra. Celso se declara para Estela. Ernesto confessa a Tamires que planeja se vingar de quem o deportou. Ernesto ajuda Sandra a fugir da pris\u00e3o. Candinho se encanta por Dita.<br \/>\n<!--FIM--><\/p>\n<h2>Coment\u00e1rios em Resumos de \u00cata Mundo Melhor!<\/h2>\n<div class=\"fb-comments\" data-width=\"100%\" data-order-by=\"reverse_time\" data-numposts=\"5\"><\/div>\n<h2>Saiba mais sobre \u00cata Mundo Melhor!:<\/h2>\n<blockquote><p><a href=\"https:\/\/tvnovelas.com.br\/page2\/arquivo\/eta-mundo-melhor-a-volta-de-candinho-e-policarpo\/&quot;\" target=\"_blank\" rel=\"noopener\"><strong>\u00cata Mundo Melhor!: A volta de Candinho e Policarpo<\/strong><\/a> (Sinopse)<\/p><\/blockquote>\n<h2>Outros resumos atualizados<\/h2>\n<div class=\"pt-cv-wrapper\">Erro: visualiza\u00e7\u00e3o <strong>662bf56ijm<\/strong> pode n\u00e3o existir<\/div>\n<h2>\u00daltimas not\u00edcias das novelas<\/h2>\n<p>[wp-rss-aggregator feeds=&#8221;todas&#8221;]<\/p>\n<h2>Mais:<\/h2>\n<p><a href=\"https:\/\/pt.wikipedia.org\/wiki\/%C3%8Ata_Mundo_Melhor!\" target=\"_blank\" rel=\"noopener\">Sobre \u00cata Mundo Melhor!, na Wikipedia<\/a><br \/>\n<a href=\"https:\/\/tvnovelas.com.br\/filmes\/filmes-na-tv-segunda\/\" target=\"_blank\" rel=\"noopener\">Confira a Programa\u00e7\u00e3o de Filmes na TV aberta<\/a><br \/>\n<a href=\"https:\/\/tvnovelas.com.br\/novelas\/\" target=\"_blank\" rel=\"noopener\">Resumos de todas as novelas<\/a><\/p>\n","protected":false},"excerpt":{"rendered":"<p>\u00cata Mundo Melhor!: Sandra foge da cadeia&#8230; Em \u00cata Mundo Melhor!, Sandra (Fl\u00e1via Alessandra) vai ter um desfecho surpreendente&#8230;<\/p>\n","protected":false},"author":1,"featured_media":78333,"comment_status":"closed","ping_status":"closed","sticky":false,"template":"","format":"standard","meta":{"_uf_show_specific_survey":0,"_uf_disable_surveys":false,"_jetpack_memberships_contains_paid_content":false,"footnotes":"","_wp_rev_ctl_limit":""},"categories":[920],"tags":[933,934,921,72,5,64],"class_list":["post-78332","post","type-post","status-publish","format-standard","has-post-thumbnail","hentry","category-eta-mundo-melhor","tag-cadeia","tag-eriberto-leao","tag-eta-mundo-melhor","tag-flavia-alessandra","tag-globo","tag-novelas","wpcat-920-id"],"aioseo_notices":[],"jetpack_featured_media_url":"https:\/\/i0.wp.com\/www.tvnovelas.com.br\/tvnews\/wp-content\/uploads\/2025\/07\/11504.jpg?fit=728%2C410&ssl=1","jetpack_shortlink":"https:\/\/wp.me\/pdP2BO-knq","jetpack_sharing_enabled":true,"_links":{"self":[{"href":"https:\/\/www.tvnovelas.com.br\/tvnews\/wp-json\/wp\/v2\/posts\/78332","targetHints":{"allow":["GET"]}}],"collection":[{"href":"https:\/\/www.tvnovelas.com.br\/tvnews\/wp-json\/wp\/v2\/posts"}],"about":[{"href":"https:\/\/www.tvnovelas.com.br\/tvnews\/wp-json\/wp\/v2\/types\/post"}],"author":[{"embeddable":true,"href":"https:\/\/www.tvnovelas.com.br\/tvnews\/wp-json\/wp\/v2\/users\/1"}],"replies":[{"embeddable":true,"href":"https:\/\/www.tvnovelas.com.br\/tvnews\/wp-json\/wp\/v2\/comments?post=78332"}],"version-history":[{"count":3,"href":"https:\/\/www.tvnovelas.com.br\/tvnews\/wp-json\/wp\/v2\/posts\/78332\/revisions"}],"predecessor-version":[{"id":78336,"href":"https:\/\/www.tvnovelas.com.br\/tvnews\/wp-json\/wp\/v2\/posts\/78332\/revisions\/78336"}],"wp:featuredmedia":[{"embeddable":true,"href":"https:\/\/www.tvnovelas.com.br\/tvnews\/wp-json\/wp\/v2\/media\/78333"}],"wp:attachment":[{"href":"https:\/\/www.tvnovelas.com.br\/tvnews\/wp-json\/wp\/v2\/media?parent=78332"}],"wp:term":[{"taxonomy":"category","embeddable":true,"href":"https:\/\/www.tvnovelas.com.br\/tvnews\/wp-json\/wp\/v2\/categories?post=78332"},{"taxonomy":"post_tag","embeddable":true,"href":"https:\/\/www.tvnovelas.com.br\/tvnews\/wp-json\/wp\/v2\/tags?post=78332"}],"curies":[{"name":"wp","href":"https:\/\/api.w.org\/{rel}","templated":true}]}}