{"id":78448,"date":"2025-07-14T14:17:49","date_gmt":"2025-07-14T17:17:49","guid":{"rendered":"https:\/\/www.tvnovelas.com.br\/tvnews\/?p=78448"},"modified":"2025-07-14T14:17:49","modified_gmt":"2025-07-14T17:17:49","slug":"eta-mundo-melhor-dita-deixa-candinho-encantado","status":"publish","type":"post","link":"https:\/\/www.tvnovelas.com.br\/tvnews\/eta-mundo-melhor-dita-deixa-candinho-encantado\/","title":{"rendered":"\u00cata Mundo Melhor!: Dita deixa Candinho encantado"},"content":{"rendered":"<figure id=\"attachment_78449\" aria-describedby=\"caption-attachment-78449\" style=\"width: 728px\" class=\"wp-caption alignnone\"><img data-recalc-dims=\"1\" decoding=\"async\" class=\"wp-image-78449 size-full\" title=\"(Foto: TV Globo\/\u00cata Mundo Melhor!)\" src=\"https:\/\/i0.wp.com\/www.tvnovelas.com.br\/tvnews\/wp-content\/uploads\/2025\/07\/11509.jpg?resize=728%2C410&#038;ssl=1\" alt=\"foto em \u00cata Mundo Melhor!: Dita deixa Candinho encantado\" width=\"728\" height=\"410\" srcset=\"https:\/\/i0.wp.com\/www.tvnovelas.com.br\/tvnews\/wp-content\/uploads\/2025\/07\/11509.jpg?w=728&amp;ssl=1 728w, https:\/\/i0.wp.com\/www.tvnovelas.com.br\/tvnews\/wp-content\/uploads\/2025\/07\/11509.jpg?resize=250%2C141&amp;ssl=1 250w\" sizes=\"(max-width: 728px) 100vw, 728px\" \/><figcaption id=\"caption-attachment-78449\" class=\"wp-caption-text\">\u00cata Mundo Melhor!: Dita deixa Candinho encantado<\/figcaption><\/figure>\n<p>Em \u00cata Mundo Melhor!, Dita (Jeniffer Nascimento) vai viver uma reviravolta daquela. Depois de desabafar com Candinho (Sergio Guiz\u00e9) que s\u00f3 canta escondida na coxia enquanto \u00e9 dublada no palco, ela vai receber uma ajuda pra l\u00e1 de inusitada de uma dupla curiosa: Picol\u00e9 (Isaac Amendoim) e Policarpo.<\/p>\n<p>os dois invadem a coxia onde Dita se apresenta. Ela leva um susto ao ver os dois por ali momentos antes da apresenta\u00e7\u00e3o come\u00e7ar. E, assim que o show se inicia, com Dita cantando escondida, Policarpo toma uma atitude intempestiva: morde o fio do microfone e estraga tudo.<\/p>\n<p>No palco, a cantora que dubla Dita tentar cantar \u00e0 capela, mas sua voz \u00e9 reprovada pela plateia, que n\u00e3o entende o que est\u00e1 acontecendo. Tales (Duio Botta) vai at\u00e9 a coxia entender o que est\u00e1 acontecendo, no que Dita decide:<\/p>\n<p>&#8220;Eu v\u00f4 sarv\u00e1 as apresenta\u00e7\u00e3o!&#8221;<\/p>\n<p>Determinada, Dita entra no palco, solta a voz e leva a plateia ao del\u00edrio, sendo ovacionada por sua performance. Depois do show, ela ainda recebe uma declara\u00e7\u00e3o apaixonada de Candinho:<\/p>\n<p>&#8220;Dita, oc\u00ea encant\u00f4 meus cora\u00e7\u00e3o!&#8221;<br \/>\n<!--FIM--><\/p>\n<h2>Saiba mais sobre \u00cata Mundo Melhor!:<\/h2>\n<p><a href=\"https:\/\/tvnovelas.com.br\/page2\/arquivo\/eta-mundo-melhor-a-volta-de-candinho-e-policarpo\/&quot;\" target=\"_blank\" rel=\"noopener\"><strong>\u00cata Mundo Melhor!: A volta de Candinho e Policarpo<\/strong><\/a> (Sinopse)<br \/>\n<a href=\"https:\/\/pt.wikipedia.org\/wiki\/%C3%8Ata_Mundo_Melhor!\" target=\"_blank\" rel=\"noopener\">Sobre \u00cata Mundo Melhor!, na Wikipedia<\/a><\/p>\n<div style=\"font-size: 120%;\"><h3>Confira tamb\u00e9m<\/h3>\r\n<a href=\"https:\/\/tvnovelas.com.br\/novelas\/\" rel=\"noopener\" target=\"_blank\"><strong>Todos os resumos de novelas<\/strong><\/a><\/br>\r\n<a href=\"https:\/\/www.tvnovelas.com.br\/tvnews\/\" rel=\"noopener\" target=\"_blank\"><strong>\u00daltimas not\u00edcias das novelas<\/strong><\/a><\/br>\r\n<a href=\"https:\/\/www.tvnovelas.com.br\/filmes\/\" target=\"_blank\" rel=\"noopener noreferrer\"><strong>Programa\u00e7\u00e3o de filmes na TV aberta<\/strong><\/a><\/br>\r\n<a href=\"https:\/\/caetenews.com.br\/semana\/filmes-da-globo-na-sessao-da-tarde-desta-semana\/\" target=\"_blank\" rel=\"noopener\"><strong>Confira os filmes da semana na Sess\u00e3o da Tarde<\/strong><\/a><\/br>\r\n<a href=\"https:\/\/classindportal.mj.gov.br\/consulta-filmes\" target=\"_blank\" rel=\"noopener\"><strong>Consulte a classifica\u00e7\u00e3o indicativa dos filmes e novelas<\/strong><\/a><\/br><\/div>\n","protected":false},"excerpt":{"rendered":"<p>\u00cata Mundo Melhor!: Dita deixa Candinho encantado&#8230; Dita (Jeniffer Nascimento) vai viver uma reviravolta daquela. Depois de desabafar com Candinho&#8230;<\/p>\n","protected":false},"author":1,"featured_media":78449,"comment_status":"closed","ping_status":"closed","sticky":false,"template":"","format":"standard","meta":{"_uf_show_specific_survey":0,"_uf_disable_surveys":false,"_jetpack_memberships_contains_paid_content":false,"footnotes":"","_wp_rev_ctl_limit":""},"categories":[920],"tags":[921,5,64],"class_list":["post-78448","post","type-post","status-publish","format-standard","has-post-thumbnail","hentry","category-eta-mundo-melhor","tag-eta-mundo-melhor","tag-globo","tag-novelas","wpcat-920-id"],"aioseo_notices":[],"jetpack_featured_media_url":"https:\/\/i0.wp.com\/www.tvnovelas.com.br\/tvnews\/wp-content\/uploads\/2025\/07\/11509.jpg?fit=728%2C410&ssl=1","jetpack_shortlink":"https:\/\/wp.me\/pdP2BO-kpi","jetpack_sharing_enabled":true,"_links":{"self":[{"href":"https:\/\/www.tvnovelas.com.br\/tvnews\/wp-json\/wp\/v2\/posts\/78448","targetHints":{"allow":["GET"]}}],"collection":[{"href":"https:\/\/www.tvnovelas.com.br\/tvnews\/wp-json\/wp\/v2\/posts"}],"about":[{"href":"https:\/\/www.tvnovelas.com.br\/tvnews\/wp-json\/wp\/v2\/types\/post"}],"author":[{"embeddable":true,"href":"https:\/\/www.tvnovelas.com.br\/tvnews\/wp-json\/wp\/v2\/users\/1"}],"replies":[{"embeddable":true,"href":"https:\/\/www.tvnovelas.com.br\/tvnews\/wp-json\/wp\/v2\/comments?post=78448"}],"version-history":[{"count":2,"href":"https:\/\/www.tvnovelas.com.br\/tvnews\/wp-json\/wp\/v2\/posts\/78448\/revisions"}],"predecessor-version":[{"id":78451,"href":"https:\/\/www.tvnovelas.com.br\/tvnews\/wp-json\/wp\/v2\/posts\/78448\/revisions\/78451"}],"wp:featuredmedia":[{"embeddable":true,"href":"https:\/\/www.tvnovelas.com.br\/tvnews\/wp-json\/wp\/v2\/media\/78449"}],"wp:attachment":[{"href":"https:\/\/www.tvnovelas.com.br\/tvnews\/wp-json\/wp\/v2\/media?parent=78448"}],"wp:term":[{"taxonomy":"category","embeddable":true,"href":"https:\/\/www.tvnovelas.com.br\/tvnews\/wp-json\/wp\/v2\/categories?post=78448"},{"taxonomy":"post_tag","embeddable":true,"href":"https:\/\/www.tvnovelas.com.br\/tvnews\/wp-json\/wp\/v2\/tags?post=78448"}],"curies":[{"name":"wp","href":"https:\/\/api.w.org\/{rel}","templated":true}]}}