{"id":78497,"date":"2025-07-14T18:21:24","date_gmt":"2025-07-14T21:21:24","guid":{"rendered":"https:\/\/www.tvnovelas.com.br\/tvnews\/?p=78497"},"modified":"2025-07-14T19:04:30","modified_gmt":"2025-07-14T22:04:30","slug":"vale-tudo-marco-aurelio-descarta-ideia-de-leila","status":"publish","type":"post","link":"https:\/\/www.tvnovelas.com.br\/tvnews\/vale-tudo-marco-aurelio-descarta-ideia-de-leila\/","title":{"rendered":"Vale Tudo: Marco Aur\u00e9lio descarta ideia de Leila"},"content":{"rendered":"<figure id=\"attachment_78498\" aria-describedby=\"caption-attachment-78498\" style=\"width: 728px\" class=\"wp-caption alignnone\"><img data-recalc-dims=\"1\" decoding=\"async\" class=\"wp-image-78498 size-full\" title=\"(Foto: TV Globo\/Vale Tudo)\" src=\"https:\/\/i0.wp.com\/www.tvnovelas.com.br\/tvnews\/wp-content\/uploads\/2025\/07\/11511.jpg?resize=728%2C410&#038;ssl=1\" alt=\"Foto em Vale Tudo: Marco Aur\u00e9lio descarta ideia de Leila\" width=\"728\" height=\"410\" srcset=\"https:\/\/i0.wp.com\/www.tvnovelas.com.br\/tvnews\/wp-content\/uploads\/2025\/07\/11511.jpg?w=728&amp;ssl=1 728w, https:\/\/i0.wp.com\/www.tvnovelas.com.br\/tvnews\/wp-content\/uploads\/2025\/07\/11511.jpg?resize=250%2C141&amp;ssl=1 250w\" sizes=\"(max-width: 728px) 100vw, 728px\" \/><figcaption id=\"caption-attachment-78498\" class=\"wp-caption-text\">Vale Tudo: Marco Aur\u00e9lio descarta ideia de Leila<\/figcaption><\/figure>\n<p>Em Vale Tudo, Leila (Carolina Dieckmmann) se revelou uma baita criminosa, depois que se juntou com Marco Aur\u00e9lio (Alexandre Nero). Para lavar o dinheiro do amado, a contadora abriu uma cl\u00ednica de est\u00e9tica, contando que os valores dos procedimentos fossem o suficiente para disfar\u00e7ar a quantia que o executivo desvia da TCA. Acontece que o neg\u00f3cio virou um sucesso.<\/p>\n<p>O \u00eaxito do projeto de Leila ser\u00e1 tanto, que ela receber\u00e1 a proposta de um investidor para expandir a marca e abrir outras unidade.<\/p>\n<p>\u201cV\u00e1rias filiais, Marco Aur\u00e9lio! Esse empres\u00e1rio que me procurou \u00e9 CEO de um grupo grande que investe em wellness, e agora est\u00e1 querendo expandir os neg\u00f3cios pra beleza\u201d, contar\u00e1 Leila.<br \/>\nMas, apesar de ser apaixonado por dinheiro, Marco Aur\u00e9lio n\u00e3o vai reagir da forma que a parceira esperava.<\/p>\n<p>\u201cE eu acho a pior ideia do ano\u201d, responder\u00e1 ele. \u201cA fun\u00e7\u00e3o dessa cl\u00ednica \u00e9 lavar o meu, o nosso dinheiro. N\u00e3o \u00e9 chamar aten\u00e7\u00e3o.\u201d<\/p>\n<p>\u201cMas e se for um bom neg\u00f3cio? Voc\u00ea n\u00e3o quer nem analisar a proposta?\u201d, argumentar\u00e1 ela.<\/p>\n<p>\u201cNem pensar, Leila. Esse cara deve estar a fim de te levar pra cama, isso sim!\u201d, vai disparar o empres\u00e1rio.<br \/>\nLeila ficar\u00e1 chocada com a resposta de Marco Aur\u00e9lio e n\u00e3o vai engolir a postura machista do parceiro. No dia seguinte, diante do sil\u00eancio da amada, o empres\u00e1rio vai perceber que passou muito do ponto.<\/p>\n<p>\u201cT\u00e1 bom, desculpa, eu sei que n\u00e3o tive o menor tato pra falar com voc\u00ea ontem\u201d, vai admitir o vice-presidente da TCA.<br \/>\n<!--FIM--><br \/>\n<strong>Sobre a novela<\/strong><br \/>\n<a href=\"https:\/\/wp.me\/pfspD2-U7\" target=\"_blank\" rel=\"noopener\">Vale Tudo: Conflitos de princ\u00edpios e valores (Sinopse)<\/a><br \/>\n<a href=\"https:\/\/wp.me\/pfspD2-oI\" target=\"_blank\" rel=\"noopener\">Vale Tudo: Invers\u00e3o de valores no final dos anos 1980<\/a> (Sinopse)<\/p>\n<div style=\"font-size: 120%;\">\n<h3>Confira tamb\u00e9m<\/h3>\r\n<a href=\"https:\/\/tvnovelas.com.br\/novelas\/\" rel=\"noopener\" target=\"_blank\"><strong>Todos os resumos de novelas<\/strong><\/a><\/br>\r\n<a href=\"https:\/\/www.tvnovelas.com.br\/tvnews\/\" rel=\"noopener\" target=\"_blank\"><strong>\u00daltimas not\u00edcias das novelas<\/strong><\/a><\/br>\r\n<a href=\"https:\/\/www.tvnovelas.com.br\/filmes\/\" target=\"_blank\" rel=\"noopener noreferrer\"><strong>Programa\u00e7\u00e3o de filmes na TV aberta<\/strong><\/a><\/br>\r\n<a href=\"https:\/\/caetenews.com.br\/semana\/filmes-da-globo-na-sessao-da-tarde-desta-semana\/\" target=\"_blank\" rel=\"noopener\"><strong>Confira os filmes da semana na Sess\u00e3o da Tarde<\/strong><\/a><\/br>\r\n<a href=\"https:\/\/classindportal.mj.gov.br\/consulta-filmes\" target=\"_blank\" rel=\"noopener\"><strong>Consulte a classifica\u00e7\u00e3o indicativa dos filmes e novelas<\/strong><\/a><\/br>\n<\/div>\n","protected":false},"excerpt":{"rendered":"<p>Vale Tudo: Marco Aur\u00e9lio descarta ideia de Leila&#8230; Em Vale Tudo, Leila (Carolina Dieckmmann) se revelou uma baita criminosa, depois que se juntou com Marco Aur\u00e9lio&#8230;<\/p>\n","protected":false},"author":1,"featured_media":78498,"comment_status":"closed","ping_status":"closed","sticky":false,"template":"","format":"standard","meta":{"_uf_show_specific_survey":0,"_uf_disable_surveys":false,"_jetpack_memberships_contains_paid_content":false,"footnotes":"","_wp_rev_ctl_limit":""},"categories":[871],"tags":[5,64,801],"class_list":["post-78497","post","type-post","status-publish","format-standard","has-post-thumbnail","hentry","category-vale-tudo","tag-globo","tag-novelas","tag-vale-tudo","wpcat-871-id"],"aioseo_notices":[],"jetpack_featured_media_url":"https:\/\/i0.wp.com\/www.tvnovelas.com.br\/tvnews\/wp-content\/uploads\/2025\/07\/11511.jpg?fit=728%2C410&ssl=1","jetpack_shortlink":"https:\/\/wp.me\/pdP2BO-kq5","jetpack_sharing_enabled":true,"_links":{"self":[{"href":"https:\/\/www.tvnovelas.com.br\/tvnews\/wp-json\/wp\/v2\/posts\/78497","targetHints":{"allow":["GET"]}}],"collection":[{"href":"https:\/\/www.tvnovelas.com.br\/tvnews\/wp-json\/wp\/v2\/posts"}],"about":[{"href":"https:\/\/www.tvnovelas.com.br\/tvnews\/wp-json\/wp\/v2\/types\/post"}],"author":[{"embeddable":true,"href":"https:\/\/www.tvnovelas.com.br\/tvnews\/wp-json\/wp\/v2\/users\/1"}],"replies":[{"embeddable":true,"href":"https:\/\/www.tvnovelas.com.br\/tvnews\/wp-json\/wp\/v2\/comments?post=78497"}],"version-history":[{"count":3,"href":"https:\/\/www.tvnovelas.com.br\/tvnews\/wp-json\/wp\/v2\/posts\/78497\/revisions"}],"predecessor-version":[{"id":78508,"href":"https:\/\/www.tvnovelas.com.br\/tvnews\/wp-json\/wp\/v2\/posts\/78497\/revisions\/78508"}],"wp:featuredmedia":[{"embeddable":true,"href":"https:\/\/www.tvnovelas.com.br\/tvnews\/wp-json\/wp\/v2\/media\/78498"}],"wp:attachment":[{"href":"https:\/\/www.tvnovelas.com.br\/tvnews\/wp-json\/wp\/v2\/media?parent=78497"}],"wp:term":[{"taxonomy":"category","embeddable":true,"href":"https:\/\/www.tvnovelas.com.br\/tvnews\/wp-json\/wp\/v2\/categories?post=78497"},{"taxonomy":"post_tag","embeddable":true,"href":"https:\/\/www.tvnovelas.com.br\/tvnews\/wp-json\/wp\/v2\/tags?post=78497"}],"curies":[{"name":"wp","href":"https:\/\/api.w.org\/{rel}","templated":true}]}}