{"id":78594,"date":"2025-07-15T08:13:34","date_gmt":"2025-07-15T11:13:34","guid":{"rendered":"https:\/\/www.tvnovelas.com.br\/tvnews\/?p=78594"},"modified":"2025-07-15T08:13:34","modified_gmt":"2025-07-15T11:13:34","slug":"dona-de-mim-abel-pede-que-davi-volte-a-morar-na-mansao","status":"publish","type":"post","link":"https:\/\/www.tvnovelas.com.br\/tvnews\/dona-de-mim-abel-pede-que-davi-volte-a-morar-na-mansao\/","title":{"rendered":"Dona de Mim: Abel pede que Davi volte a morar na mans\u00e3o"},"content":{"rendered":"<figure id=\"attachment_78595\" aria-describedby=\"caption-attachment-78595\" style=\"width: 728px\" class=\"wp-caption alignnone\"><img data-recalc-dims=\"1\" decoding=\"async\" class=\"wp-image-78595 size-full\" title=\"(Foto: TV Globo\/Dona de Mim)\" src=\"https:\/\/i0.wp.com\/www.tvnovelas.com.br\/tvnews\/wp-content\/uploads\/2025\/07\/11512.jpg?resize=728%2C410&#038;ssl=1\" alt=\"Foto em Dona de Mim: Abel pede que Davi volte a morar na mans\u00e3o\" width=\"728\" height=\"410\" srcset=\"https:\/\/i0.wp.com\/www.tvnovelas.com.br\/tvnews\/wp-content\/uploads\/2025\/07\/11512.jpg?w=728&amp;ssl=1 728w, https:\/\/i0.wp.com\/www.tvnovelas.com.br\/tvnews\/wp-content\/uploads\/2025\/07\/11512.jpg?resize=250%2C141&amp;ssl=1 250w\" sizes=\"(max-width: 728px) 100vw, 728px\" \/><figcaption id=\"caption-attachment-78595\" class=\"wp-caption-text\">Dona de Mim: Abel pede que Davi volte a morar na mans\u00e3o<\/figcaption><\/figure>\n<p>Em Dona de Mim, Davi (Rafael Vitti) teve que improvisar um cantinho na casa da irm\u00e3 Ayla (Bel Lima) desde que foi \u201cconvidado a se retirar\u201d de casa pelo pai. Mas, Abel (Tony Ramos) vai voltar atr\u00e1s de sua decis\u00e3o e pedir que o filho volte a morar na mans\u00e3o da fam\u00edlia Boaz. Vem saber mais.<\/p>\n<p>Sem roupas limpas, Davi ir\u00e1 \u00e0 mans\u00e3o \u00e0 noite para pegar alguns pertences em seu antigo quarto, agora ocupado por Nina (Flora Camolese), a filha de Filipa (Cl\u00e1udia Abreu). E, l\u00e1, ter\u00e1 uma conversa com o pai.<\/p>\n<p>\u201cAconteceu alguma coisa, Davi?\u201d, pergunta Abel ao encontrar o filho com uma mochila nas costas.<br \/>\n\u201cAconteceu. Fiquei sem cueca e meia\u201d, afirma Davi.<\/p>\n<p>Abel ir\u00e1 rir aliviado, e Davi ir\u00e1 se dirigir \u00e0 porta para ir embora, quando ser\u00e1 interrompido pelo pai.<\/p>\n<p>\u201cDavi? Espera\u201d, pede Abel.<\/p>\n<p>\u201cJ\u00e1 \u00e9 tarde, eu n\u00e3o quero atrapalhar\u201d, reage Davi.<\/p>\n<p>Abel, ent\u00e3o, come\u00e7ar\u00e1 uma conversa s\u00e9ria com o filho, como se j\u00e1 devesse ter feito isso antes.<\/p>\n<p>\u201cPro pai, um filho nunca atrapalha. Em que trecho do caminho n\u00f3s nos perdemos? Meu menino alegre, sempre cheio de novidades, de repente, ficou t\u00e3o distante&#8230;\u201d, comenta Abel.<\/p>\n<p>\u201cEu nunca me afastei, pai. Voc\u00ea \u00e9 que n\u00e3o me viu crescer. Do meu jeito, n\u00e3o do seu\u201d, responde Davi, s\u00e9rio.<\/p>\n<p>Depois, os dois ir\u00e3o falar sobre o quanto Davi se parece com sua m\u00e3e e, juntos, v\u00e3o assistir a um filme de Chaplin, o preferido dela. E Abel ir\u00e1 fazer um pedido especial para o filho:<\/p>\n<p>\u201cVolta pra casa, meu filho. Por favor.\u201d<br \/>\n<!--FIM--><br \/>\n<strong>Sobre a novela<\/strong><br \/>\n<a href=\"https:\/\/wp.me\/pfspD2-UO\" target=\"_blank\" rel=\"noopener\">Dona de Mim: A trama da novela<\/a><br \/>\n<a href=\"https:\/\/wp.me\/pfspD2-UG\" target=\"_blank\" rel=\"noopener\">Dona de Mim: A fam\u00edlia Boaz e seu imp\u00e9rio de lingerie<\/a><\/p>\n<div style=\"font-size: 120%;\"><h3>Confira tamb\u00e9m<\/h3>\r\n<a href=\"https:\/\/tvnovelas.com.br\/novelas\/\" rel=\"noopener\" target=\"_blank\"><strong>Todos os resumos de novelas<\/strong><\/a><\/br>\r\n<a href=\"https:\/\/www.tvnovelas.com.br\/tvnews\/\" rel=\"noopener\" target=\"_blank\"><strong>\u00daltimas not\u00edcias das novelas<\/strong><\/a><\/br>\r\n<a href=\"https:\/\/www.tvnovelas.com.br\/filmes\/\" target=\"_blank\" rel=\"noopener noreferrer\"><strong>Programa\u00e7\u00e3o de filmes na TV aberta<\/strong><\/a><\/br>\r\n<a href=\"https:\/\/caetenews.com.br\/semana\/filmes-da-globo-na-sessao-da-tarde-desta-semana\/\" target=\"_blank\" rel=\"noopener\"><strong>Confira os filmes da semana na Sess\u00e3o da Tarde<\/strong><\/a><\/br>\r\n<a href=\"https:\/\/classindportal.mj.gov.br\/consulta-filmes\" target=\"_blank\" rel=\"noopener\"><strong>Consulte a classifica\u00e7\u00e3o indicativa dos filmes e novelas<\/strong><\/a><\/br><\/div>\n","protected":false},"excerpt":{"rendered":"<p>Dona de Mim: Abel pede que Davi volte a morar na mans\u00e3o&#8230; Davi (Rafael Vitti) teve que improvisar um cantinho na casa da irm\u00e3 Ayla (Bel Lima) desde que&#8230;<\/p>\n","protected":false},"author":1,"featured_media":78595,"comment_status":"closed","ping_status":"closed","sticky":false,"template":"","format":"standard","meta":{"_uf_show_specific_survey":0,"_uf_disable_surveys":false,"_jetpack_memberships_contains_paid_content":false,"footnotes":"","_wp_rev_ctl_limit":""},"categories":[884],"tags":[883,5,64],"class_list":["post-78594","post","type-post","status-publish","format-standard","has-post-thumbnail","hentry","category-dona-de-mim","tag-dona-de-mim","tag-globo","tag-novelas","wpcat-884-id"],"aioseo_notices":[],"jetpack_featured_media_url":"https:\/\/i0.wp.com\/www.tvnovelas.com.br\/tvnews\/wp-content\/uploads\/2025\/07\/11512.jpg?fit=728%2C410&ssl=1","jetpack_shortlink":"https:\/\/wp.me\/pdP2BO-krE","jetpack_sharing_enabled":true,"_links":{"self":[{"href":"https:\/\/www.tvnovelas.com.br\/tvnews\/wp-json\/wp\/v2\/posts\/78594","targetHints":{"allow":["GET"]}}],"collection":[{"href":"https:\/\/www.tvnovelas.com.br\/tvnews\/wp-json\/wp\/v2\/posts"}],"about":[{"href":"https:\/\/www.tvnovelas.com.br\/tvnews\/wp-json\/wp\/v2\/types\/post"}],"author":[{"embeddable":true,"href":"https:\/\/www.tvnovelas.com.br\/tvnews\/wp-json\/wp\/v2\/users\/1"}],"replies":[{"embeddable":true,"href":"https:\/\/www.tvnovelas.com.br\/tvnews\/wp-json\/wp\/v2\/comments?post=78594"}],"version-history":[{"count":1,"href":"https:\/\/www.tvnovelas.com.br\/tvnews\/wp-json\/wp\/v2\/posts\/78594\/revisions"}],"predecessor-version":[{"id":78596,"href":"https:\/\/www.tvnovelas.com.br\/tvnews\/wp-json\/wp\/v2\/posts\/78594\/revisions\/78596"}],"wp:featuredmedia":[{"embeddable":true,"href":"https:\/\/www.tvnovelas.com.br\/tvnews\/wp-json\/wp\/v2\/media\/78595"}],"wp:attachment":[{"href":"https:\/\/www.tvnovelas.com.br\/tvnews\/wp-json\/wp\/v2\/media?parent=78594"}],"wp:term":[{"taxonomy":"category","embeddable":true,"href":"https:\/\/www.tvnovelas.com.br\/tvnews\/wp-json\/wp\/v2\/categories?post=78594"},{"taxonomy":"post_tag","embeddable":true,"href":"https:\/\/www.tvnovelas.com.br\/tvnews\/wp-json\/wp\/v2\/tags?post=78594"}],"curies":[{"name":"wp","href":"https:\/\/api.w.org\/{rel}","templated":true}]}}