{"id":78599,"date":"2025-07-15T08:39:53","date_gmt":"2025-07-15T11:39:53","guid":{"rendered":"https:\/\/www.tvnovelas.com.br\/tvnews\/?p=78599"},"modified":"2025-07-15T08:39:53","modified_gmt":"2025-07-15T11:39:53","slug":"vale-tudo-heleninha-provoca-raquel-e-nao-gosta-do-que-ouve","status":"publish","type":"post","link":"https:\/\/www.tvnovelas.com.br\/tvnews\/vale-tudo-heleninha-provoca-raquel-e-nao-gosta-do-que-ouve\/","title":{"rendered":"Vale Tudo: Heleninha provoca Raquel e n\u00e3o gosta do que ouve"},"content":{"rendered":"<figure id=\"attachment_78600\" aria-describedby=\"caption-attachment-78600\" style=\"width: 728px\" class=\"wp-caption alignnone\"><img data-recalc-dims=\"1\" decoding=\"async\" class=\"wp-image-78600 size-full\" title=\"(Foto: TV Globo\/Vale Tudo)\" src=\"https:\/\/i0.wp.com\/www.tvnovelas.com.br\/tvnews\/wp-content\/uploads\/2025\/07\/11513.jpg?resize=728%2C410&#038;ssl=1\" alt=\"Foto em Vale Tudo: Heleninha provoca Raquel e n\u00e3o gosta do que ouve\" width=\"728\" height=\"410\" srcset=\"https:\/\/i0.wp.com\/www.tvnovelas.com.br\/tvnews\/wp-content\/uploads\/2025\/07\/11513.jpg?w=728&amp;ssl=1 728w, https:\/\/i0.wp.com\/www.tvnovelas.com.br\/tvnews\/wp-content\/uploads\/2025\/07\/11513.jpg?resize=250%2C141&amp;ssl=1 250w\" sizes=\"(max-width: 728px) 100vw, 728px\" \/><figcaption id=\"caption-attachment-78600\" class=\"wp-caption-text\">Vale Tudo: Heleninha provoca Raquel e n\u00e3o gosta do que ouve<\/figcaption><\/figure>\n<p>Em Vale Tudo, Heleninha (Paolla Oliveira) sofre de uma constante inseguran\u00e7a, e esse sentimento se reflete ao m\u00e1ximo no seu relacionamento com Ivan (Renato G\u00f3es), alvo de crises de ci\u00fames da pintora. Por isso, cair\u00e1 que nem um balde de \u00e1gua fria sobre ela a not\u00edcia de que o sogro, Bartolomeu (Lu\u00eds Melo), est\u00e1 trabalhando na Paladar, empresa tocada por Raquel (Ta\u00eds Araujo), a ex do empres\u00e1rio.<\/p>\n<p>Em um desses momentos de muita inseguran\u00e7a, Heleninha chegar\u00e1 a ir \u00e0 sede da Paladar, para conversar com a empres\u00e1ria. A pintora come\u00e7ar\u00e1 o papo dizendo que deseja falar \u201cnuma boa\u201d, quase como uma amiga. Mas logo far\u00e1 insinua\u00e7\u00f5es que deixar\u00e3o Raquel bem desconfort\u00e1vel.<\/p>\n<p>\u201cEu acho que \u00e9 de muito bom tom a gente respeitar a rela\u00e7\u00e3o dos outros\u201d, dir\u00e1 a pintora. \u201cOu voc\u00ea acha que n\u00e3o \u00e9 um desrespeito ir at\u00e9 o aeroporto fazer aquela cena, bem no dia que eu t\u00f4 indo viajar com ele.\u201d<\/p>\n<p>\u201cEu precisava falar com o Ivan&#8230; \u00c9 uma coisa que n\u00e3o tem nada a ver com voc\u00ea\u201d, explicar\u00e1 Raquel, sem entrar em maiores detalhes.<\/p>\n<p>Mas, intensa como sempre, Heleninha dir\u00e1 que tudo relacionado ao Ivan tem a ver com ela e revelar\u00e1 \u00e0 empres\u00e1ria que os dois se casaram na Gr\u00e9cia.<\/p>\n<p>\u201cQue bom pra voc\u00eas\u201d, responder\u00e1 Raquel, tentando n\u00e3o passar recibo do choque que levou.<\/p>\n<p>\u201cA \u00fanica coisa ruim que tem na nossa vida \u00e9 voc\u00ea ficar inventando motivo pra ficar rondando o Ivan\u201d, continuar\u00e1 Heleninha. \u201cAh, Raquel, contratar o pai do Ivan foi muito golpe baixo. Se eu soubesse, podia at\u00e9 ter arrumado um lugar pra ele na TCA.\u201d<\/p>\n<p>\u201cOlha, Helena, o seu Bartolomeu \u00e9 um profissional excelente, com muita experi\u00eancia! Inclusive, eu nem achei que ia ter dinheiro pra contratar ele\u201d, explicar\u00e1 Raquel, que ainda dir\u00e1 que s\u00f3 soube que o jornalista estava desempregado porque Ivan contou.<\/p>\n<p>\u201cMas pode ficar bem tranquila que eu n\u00e3o quero mais nada com o Ivan. E agora eu vou ter que te pedir licen\u00e7a porque eu j\u00e1 estava de sa\u00edda quando voc\u00ea chegou\u201d, finalizar\u00e1 a protagonista.<br \/>\n<!--FIM--><br \/>\n<strong>Sobre a novela<\/strong><\/p>\n<p><a href=\"https:\/\/wp.me\/pfspD2-U7\" target=\"_blank\" rel=\"noopener\">Vale Tudo: Conflitos de princ\u00edpios e valores (Sinopse)<\/a><\/p>\n<p><a href=\"https:\/\/wp.me\/pfspD2-oI\" target=\"_blank\" rel=\"noopener\">Vale Tudo: Invers\u00e3o de valores no final dos anos 1980<\/a> (Sinopse)<\/p>\n<div style=\"font-size: 120%;\"><h3>Confira tamb\u00e9m<\/h3>\r\n<a href=\"https:\/\/tvnovelas.com.br\/novelas\/\" rel=\"noopener\" target=\"_blank\"><strong>Todos os resumos de novelas<\/strong><\/a><\/br>\r\n<a href=\"https:\/\/www.tvnovelas.com.br\/tvnews\/\" rel=\"noopener\" target=\"_blank\"><strong>\u00daltimas not\u00edcias das novelas<\/strong><\/a><\/br>\r\n<a href=\"https:\/\/www.tvnovelas.com.br\/filmes\/\" target=\"_blank\" rel=\"noopener noreferrer\"><strong>Programa\u00e7\u00e3o de filmes na TV aberta<\/strong><\/a><\/br>\r\n<a href=\"https:\/\/caetenews.com.br\/semana\/filmes-da-globo-na-sessao-da-tarde-desta-semana\/\" target=\"_blank\" rel=\"noopener\"><strong>Confira os filmes da semana na Sess\u00e3o da Tarde<\/strong><\/a><\/br>\r\n<a href=\"https:\/\/classindportal.mj.gov.br\/consulta-filmes\" target=\"_blank\" rel=\"noopener\"><strong>Consulte a classifica\u00e7\u00e3o indicativa dos filmes e novelas<\/strong><\/a><\/br><br \/>\n&lt;\/div<\/div>\n","protected":false},"excerpt":{"rendered":"<p>Vale Tudo: Heleninha provoca Raquel&#8230; Em Vale Tudo, Heleninha (Paolla Oliveira) sofre de uma constante inseguran\u00e7a, e esse sentimento se reflete&#8230;<\/p>\n","protected":false},"author":1,"featured_media":78600,"comment_status":"closed","ping_status":"closed","sticky":false,"template":"","format":"standard","meta":{"_uf_show_specific_survey":0,"_uf_disable_surveys":false,"_jetpack_memberships_contains_paid_content":false,"footnotes":"","_wp_rev_ctl_limit":""},"categories":[871],"tags":[5,64,801],"class_list":["post-78599","post","type-post","status-publish","format-standard","has-post-thumbnail","hentry","category-vale-tudo","tag-globo","tag-novelas","tag-vale-tudo","wpcat-871-id"],"aioseo_notices":[],"jetpack_featured_media_url":"https:\/\/i0.wp.com\/www.tvnovelas.com.br\/tvnews\/wp-content\/uploads\/2025\/07\/11513.jpg?fit=728%2C410&ssl=1","jetpack_shortlink":"https:\/\/wp.me\/pdP2BO-krJ","jetpack_sharing_enabled":true,"_links":{"self":[{"href":"https:\/\/www.tvnovelas.com.br\/tvnews\/wp-json\/wp\/v2\/posts\/78599","targetHints":{"allow":["GET"]}}],"collection":[{"href":"https:\/\/www.tvnovelas.com.br\/tvnews\/wp-json\/wp\/v2\/posts"}],"about":[{"href":"https:\/\/www.tvnovelas.com.br\/tvnews\/wp-json\/wp\/v2\/types\/post"}],"author":[{"embeddable":true,"href":"https:\/\/www.tvnovelas.com.br\/tvnews\/wp-json\/wp\/v2\/users\/1"}],"replies":[{"embeddable":true,"href":"https:\/\/www.tvnovelas.com.br\/tvnews\/wp-json\/wp\/v2\/comments?post=78599"}],"version-history":[{"count":1,"href":"https:\/\/www.tvnovelas.com.br\/tvnews\/wp-json\/wp\/v2\/posts\/78599\/revisions"}],"predecessor-version":[{"id":78601,"href":"https:\/\/www.tvnovelas.com.br\/tvnews\/wp-json\/wp\/v2\/posts\/78599\/revisions\/78601"}],"wp:featuredmedia":[{"embeddable":true,"href":"https:\/\/www.tvnovelas.com.br\/tvnews\/wp-json\/wp\/v2\/media\/78600"}],"wp:attachment":[{"href":"https:\/\/www.tvnovelas.com.br\/tvnews\/wp-json\/wp\/v2\/media?parent=78599"}],"wp:term":[{"taxonomy":"category","embeddable":true,"href":"https:\/\/www.tvnovelas.com.br\/tvnews\/wp-json\/wp\/v2\/categories?post=78599"},{"taxonomy":"post_tag","embeddable":true,"href":"https:\/\/www.tvnovelas.com.br\/tvnews\/wp-json\/wp\/v2\/tags?post=78599"}],"curies":[{"name":"wp","href":"https:\/\/api.w.org\/{rel}","templated":true}]}}