{"id":78637,"date":"2025-07-15T11:43:23","date_gmt":"2025-07-15T14:43:23","guid":{"rendered":"https:\/\/www.tvnovelas.com.br\/tvnews\/?p=78637"},"modified":"2025-07-15T11:43:23","modified_gmt":"2025-07-15T14:43:23","slug":"vale-tudo-heleninha-bebe-da-vexame-e-e-filmada-por-cesar","status":"publish","type":"post","link":"https:\/\/www.tvnovelas.com.br\/tvnews\/vale-tudo-heleninha-bebe-da-vexame-e-e-filmada-por-cesar\/","title":{"rendered":"Vale Tudo: Heleninha bebe, d\u00e1 vexame e \u00e9 filmada por C\u00e9sar"},"content":{"rendered":"<figure id=\"attachment_78638\" aria-describedby=\"caption-attachment-78638\" style=\"width: 728px\" class=\"wp-caption alignnone\"><img data-recalc-dims=\"1\" decoding=\"async\" class=\"wp-image-78638 size-full\" title=\"(Foto: TV Globo\/Vale Tudo)\" src=\"https:\/\/i0.wp.com\/www.tvnovelas.com.br\/tvnews\/wp-content\/uploads\/2025\/07\/11518.jpg?resize=728%2C410&#038;ssl=1\" alt=\"Foto em Vale Tudo: Heleninha bebe, d\u00e1 vexame e \u00e9 filmada por C\u00e9sar\" width=\"728\" height=\"410\" srcset=\"https:\/\/i0.wp.com\/www.tvnovelas.com.br\/tvnews\/wp-content\/uploads\/2025\/07\/11518.jpg?w=728&amp;ssl=1 728w, https:\/\/i0.wp.com\/www.tvnovelas.com.br\/tvnews\/wp-content\/uploads\/2025\/07\/11518.jpg?resize=250%2C141&amp;ssl=1 250w\" sizes=\"(max-width: 728px) 100vw, 728px\" \/><figcaption id=\"caption-attachment-78638\" class=\"wp-caption-text\">Vale Tudo: Heleninha bebe, d\u00e1 vexame e \u00e9 filmada por C\u00e9sar<\/figcaption><\/figure>\n<p>Em Vale Tudo, Heleninha Roitman (Paolla Oliveira) ter\u00e1 outra reca\u00edda com o \u00e1lcool. Saber que Ivan (Renato G\u00f3es) procurou por Raquel (Ta\u00eds Araujo) deixar\u00e1 a pintora completamente desestabilizada. O reencontro do ex-casal n\u00e3o foi rom\u00e2ntico, apesar de ambos ainda amarem um ao outro. Na verdade, Ivan foi fazer uma ponte profissional entre o pai, Bartolomeu (Lu\u00eds Melo), e a empres\u00e1ria. Mas isso n\u00e3o importa.<\/p>\n<p>Apenas a ideia de que os dois estiveram juntos colocar\u00e1 Heleninha novamente em uma espiral de autodestrui\u00e7\u00e3o. A pintora ir\u00e1 sozinha em uma festa julina, onde vai beber a ponto de passar vexame na pista de dan\u00e7a.<\/p>\n<p>\u201cVamos dan\u00e7ar, gente! Me falaram que os jovens eram animados&#8230; Cad\u00ea?\u201d, dir\u00e1 ela, em um tom acima dos outros na festa.<\/p>\n<p>\u201cT\u00f4 achando essa m\u00fasica meio ca\u00edda, voc\u00eas n\u00e3o t\u00e3o n\u00e3o? Vamos animar, galera!! Toca um mambo DJ! Que inferno isso&#8230; Uma vida pedindo pra tocar um mambo, ningu\u00e9m toca um mambo!\u201d<\/p>\n<p>Acontece que entre os presentes v\u00e3o estar Olavo (Ricardo Teodoro) e C\u00e9sar (Cau\u00e3 Reymond), que ter\u00e1 acabado de voltar ao Brasil, depois de uma temporada na Fran\u00e7a, como funcion\u00e1rio fantasma da TCA e amante de F\u00e1tima (Bella Campos).<\/p>\n<p>\u201cHeleninha Roitman!\u201d, dir\u00e1 C\u00e9sar, ao ver a pintora passando vergonha na pista de dan\u00e7a. No mesmo momento, cafajeste vai sacar o celular e come\u00e7ar\u00e1 a filmar.<\/p>\n<p>\u201cA F\u00e1tima vai gostar de receber esse v\u00eddeo\u201d, comentar\u00e1 ele, ao enviar as imagens.<\/p>\n<p>\u201cTadinha, al\u00e1, ningu\u00e9m quer dan\u00e7ar com a garrafinha de u\u00edsque&#8230; Eu vou l\u00e1 que eu sou um cavalheiro!\u201d, anunciar\u00e1 Olavo.<\/p>\n<p>Embriagada, Heleninha vai adorar a companhia de Olavo na pista.<\/p>\n<p>\u201cAh, at\u00e9 que enfim, algu\u00e9m animado!\u201d, ir\u00e1 comemorar ela. \u201cGostei de voc\u00ea&#8230; Caliente! Eu gosto de gente assim. Toca uma caceta de um mambo, DJ!\u201d<br \/>\n<!--FIM--><br \/>\n<strong>Sobre a novela<\/strong><\/p>\n<p><a href=\"https:\/\/wp.me\/pfspD2-U7\" target=\"_blank\" rel=\"noopener\">Vale Tudo: Conflitos de princ\u00edpios e valores (Sinopse)<\/a><\/p>\n<p><a href=\"https:\/\/wp.me\/pfspD2-oI\" target=\"_blank\" rel=\"noopener\">Vale Tudo: Invers\u00e3o de valores no final dos anos 1980<\/a> (Sinopse)<\/p>\n<div style=\"font-size: 120%;\"><h3>Confira tamb\u00e9m<\/h3>\r\n<a href=\"https:\/\/tvnovelas.com.br\/novelas\/\" rel=\"noopener\" target=\"_blank\"><strong>Todos os resumos de novelas<\/strong><\/a><\/br>\r\n<a href=\"https:\/\/www.tvnovelas.com.br\/tvnews\/\" rel=\"noopener\" target=\"_blank\"><strong>\u00daltimas not\u00edcias das novelas<\/strong><\/a><\/br>\r\n<a href=\"https:\/\/www.tvnovelas.com.br\/filmes\/\" target=\"_blank\" rel=\"noopener noreferrer\"><strong>Programa\u00e7\u00e3o de filmes na TV aberta<\/strong><\/a><\/br>\r\n<a href=\"https:\/\/caetenews.com.br\/semana\/filmes-da-globo-na-sessao-da-tarde-desta-semana\/\" target=\"_blank\" rel=\"noopener\"><strong>Confira os filmes da semana na Sess\u00e3o da Tarde<\/strong><\/a><\/br>\r\n<a href=\"https:\/\/classindportal.mj.gov.br\/consulta-filmes\" target=\"_blank\" rel=\"noopener\"><strong>Consulte a classifica\u00e7\u00e3o indicativa dos filmes e novelas<\/strong><\/a><\/br><br \/>\n&lt;\/div<\/div>\n","protected":false},"excerpt":{"rendered":"<p>Vale Tudo: Heleninha bebe, d\u00e1 vexame&#8230; Em Vale Tudo, Heleninha Roitman (Paolla Oliveira) ter\u00e1 outra reca\u00edda com o \u00e1lcool. Saber que Ivan&#8230;<\/p>\n","protected":false},"author":1,"featured_media":78638,"comment_status":"closed","ping_status":"closed","sticky":false,"template":"","format":"standard","meta":{"_uf_show_specific_survey":0,"_uf_disable_surveys":false,"_jetpack_memberships_contains_paid_content":false,"footnotes":"","_wp_rev_ctl_limit":""},"categories":[871],"tags":[5,939,64,48,801,940],"class_list":["post-78637","post","type-post","status-publish","format-standard","has-post-thumbnail","hentry","category-vale-tudo","tag-globo","tag-mambo","tag-novelas","tag-paolla-oliveira","tag-vale-tudo","tag-vexame","wpcat-871-id"],"aioseo_notices":[],"jetpack_featured_media_url":"https:\/\/i0.wp.com\/www.tvnovelas.com.br\/tvnews\/wp-content\/uploads\/2025\/07\/11518.jpg?fit=728%2C410&ssl=1","jetpack_shortlink":"https:\/\/wp.me\/pdP2BO-ksl","jetpack_sharing_enabled":true,"_links":{"self":[{"href":"https:\/\/www.tvnovelas.com.br\/tvnews\/wp-json\/wp\/v2\/posts\/78637","targetHints":{"allow":["GET"]}}],"collection":[{"href":"https:\/\/www.tvnovelas.com.br\/tvnews\/wp-json\/wp\/v2\/posts"}],"about":[{"href":"https:\/\/www.tvnovelas.com.br\/tvnews\/wp-json\/wp\/v2\/types\/post"}],"author":[{"embeddable":true,"href":"https:\/\/www.tvnovelas.com.br\/tvnews\/wp-json\/wp\/v2\/users\/1"}],"replies":[{"embeddable":true,"href":"https:\/\/www.tvnovelas.com.br\/tvnews\/wp-json\/wp\/v2\/comments?post=78637"}],"version-history":[{"count":1,"href":"https:\/\/www.tvnovelas.com.br\/tvnews\/wp-json\/wp\/v2\/posts\/78637\/revisions"}],"predecessor-version":[{"id":78639,"href":"https:\/\/www.tvnovelas.com.br\/tvnews\/wp-json\/wp\/v2\/posts\/78637\/revisions\/78639"}],"wp:featuredmedia":[{"embeddable":true,"href":"https:\/\/www.tvnovelas.com.br\/tvnews\/wp-json\/wp\/v2\/media\/78638"}],"wp:attachment":[{"href":"https:\/\/www.tvnovelas.com.br\/tvnews\/wp-json\/wp\/v2\/media?parent=78637"}],"wp:term":[{"taxonomy":"category","embeddable":true,"href":"https:\/\/www.tvnovelas.com.br\/tvnews\/wp-json\/wp\/v2\/categories?post=78637"},{"taxonomy":"post_tag","embeddable":true,"href":"https:\/\/www.tvnovelas.com.br\/tvnews\/wp-json\/wp\/v2\/tags?post=78637"}],"curies":[{"name":"wp","href":"https:\/\/api.w.org\/{rel}","templated":true}]}}