{"id":78790,"date":"2025-07-16T09:10:27","date_gmt":"2025-07-16T12:10:27","guid":{"rendered":"https:\/\/www.tvnovelas.com.br\/tvnews\/?p=78790"},"modified":"2025-07-16T09:10:27","modified_gmt":"2025-07-16T12:10:27","slug":"vale-tudo-heleninha-segue-ivan-e-encontra-ele-e-raquel","status":"publish","type":"post","link":"https:\/\/www.tvnovelas.com.br\/tvnews\/vale-tudo-heleninha-segue-ivan-e-encontra-ele-e-raquel\/","title":{"rendered":"Vale Tudo: Heleninha segue Ivan e encontra ele e Raquel"},"content":{"rendered":"<figure id=\"attachment_78791\" aria-describedby=\"caption-attachment-78791\" style=\"width: 728px\" class=\"wp-caption alignnone\"><img data-recalc-dims=\"1\" decoding=\"async\" class=\"wp-image-78791 size-full\" title=\"(Foto: TV Globo\/Vale Tudo)\" src=\"https:\/\/i0.wp.com\/www.tvnovelas.com.br\/tvnews\/wp-content\/uploads\/2025\/07\/11526.jpg?resize=728%2C410&#038;ssl=1\" alt=\"Foto em Vale Tudo: Heleninha segue Ivan e encontra o marido e Raquel\" width=\"728\" height=\"410\" srcset=\"https:\/\/i0.wp.com\/www.tvnovelas.com.br\/tvnews\/wp-content\/uploads\/2025\/07\/11526.jpg?w=728&amp;ssl=1 728w, https:\/\/i0.wp.com\/www.tvnovelas.com.br\/tvnews\/wp-content\/uploads\/2025\/07\/11526.jpg?resize=250%2C141&amp;ssl=1 250w\" sizes=\"(max-width: 728px) 100vw, 728px\" \/><figcaption id=\"caption-attachment-78791\" class=\"wp-caption-text\">Vale Tudo: Heleninha segue Ivan e encontra o marido e Raquel<\/figcaption><\/figure>\n<p>Em Vale Tudo, agora Heleninha (Paolla Oliveira) sabe o paradeiro de Ivan (Renato G\u00f3es) 24 horas por dia. Acontece que a pintora invadiu o celular do marido e, sem que ele soubesse, compartilhou consigo mesma localiza\u00e7\u00e3o em tempo real do smartphone. Tudo isso por medo de que o empres\u00e1rio tenha uma reca\u00edda com Raquel (Ta\u00eds Araujo). Mas o acaso vai acabar impulsionando ainda mais as neuroses de Helena.<\/p>\n<p>Bartolomeu (Lu\u00eds Melo), pai de Ivan, agora \u00e9 funcion\u00e1rio da Paladar, empresa de Raquel (Ta\u00eds Araujo) e Poliana (Matheus Nachtergaele), e o jornalista convidar\u00e1 os chefes e amigos para jantar em sua casa.<\/p>\n<p>Ivan visitar\u00e1 o pai e ir\u00e1 se surpreender ao encontrar Raquel l\u00e1. Ele vai acabar ficando para o jantar tamb\u00e9m e, distra\u00eddo, n\u00e3o vai perceber as v\u00e1rias liga\u00e7\u00f5es de Heleninha. A pintora, por sua vez, entrar\u00e1 em um rompante de inseguran\u00e7a conforme n\u00e3o for atendida.<\/p>\n<p>\u201cT\u00e1 acontecendo alguma coisa\u201d, comentar\u00e1 ela, na mans\u00e3o.<\/p>\n<p>\u201cN\u00e3o t\u00e1 acontecendo nada, meu anjo. Daqui a pouco ele v\u00ea a sua liga\u00e7\u00e3o, e te retorna. Espera um pouquinho\u201d, dir\u00e1 Celina (Malu Galli), tentando tranquilizar a sobrinha.<\/p>\n<p>\u201cN\u00e3o vou esperar, n\u00e3o. Odeio esperar!\u201d, responder\u00e1 Heleninha, j\u00e1 de sa\u00edda, sem contar para onde vai. \u201cCalma todo mundo, eu n\u00e3o vou fazer nada de mais. S\u00f3&#8230; vou fazer uma surpresa pro Ivan!\u201d<\/p>\n<p>Enquanto isso, no jantar de Bartolomeu, o clima ser\u00e1 de descontra\u00e7\u00e3o. Ivan e Raquel v\u00e3o baixar as guardas e, inclusive, dar\u00e3o risadas, recordando de quando se viram pela primeira vez.<\/p>\n<p>\u201cFoi assim que eu conheci a Raquel, no meio de um assalto\u201d, lembrar\u00e1 ele.<\/p>\n<p>\u201cPalha\u00e7ada do Ivan, t\u00e1 falando isso porque me defendeu de um assalto\u201d, responder\u00e1 a empres\u00e1ria. &#8220;N\u00e3o que tivesse alguma coisa de valor na minha bolsa, mas&#8230;\u201d<\/p>\n<p>Neste momento, a campainha ir\u00e1 tocar e, quando Ivan for abrir a porta, se surpreender\u00e1 com a esposa, que, j\u00e1 de cara, trocar\u00e1 olhares com Raquel<\/p>\n<p>\u201cHeleninha?! O que \u00e9 que voc\u00ea est\u00e1 fazendo aqui?\u201d, perguntar\u00e1 ele, espantado.<br \/>\n<!--FIM--><br \/>\n<strong>Sobre a novela<\/strong><\/p>\n<p><a href=\"https:\/\/wp.me\/pfspD2-U7\" target=\"_blank\" rel=\"noopener\">Vale Tudo: Conflitos de princ\u00edpios e valores (Sinopse)<\/a><\/p>\n<p><a href=\"https:\/\/wp.me\/pfspD2-oI\" target=\"_blank\" rel=\"noopener\">Vale Tudo: Invers\u00e3o de valores no final dos anos 1980<\/a> (Sinopse)<\/p>\n<div style=\"font-size: 120%;\"><h3>Confira tamb\u00e9m<\/h3>\r\n<a href=\"https:\/\/tvnovelas.com.br\/novelas\/\" rel=\"noopener\" target=\"_blank\"><strong>Todos os resumos de novelas<\/strong><\/a><\/br>\r\n<a href=\"https:\/\/www.tvnovelas.com.br\/tvnews\/\" rel=\"noopener\" target=\"_blank\"><strong>\u00daltimas not\u00edcias das novelas<\/strong><\/a><\/br>\r\n<a href=\"https:\/\/www.tvnovelas.com.br\/filmes\/\" target=\"_blank\" rel=\"noopener noreferrer\"><strong>Programa\u00e7\u00e3o de filmes na TV aberta<\/strong><\/a><\/br>\r\n<a href=\"https:\/\/caetenews.com.br\/semana\/filmes-da-globo-na-sessao-da-tarde-desta-semana\/\" target=\"_blank\" rel=\"noopener\"><strong>Confira os filmes da semana na Sess\u00e3o da Tarde<\/strong><\/a><\/br>\r\n<a href=\"https:\/\/classindportal.mj.gov.br\/consulta-filmes\" target=\"_blank\" rel=\"noopener\"><strong>Consulte a classifica\u00e7\u00e3o indicativa dos filmes e novelas<\/strong><\/a><\/br><br \/>\n&lt;\/div<\/div>\n","protected":false},"excerpt":{"rendered":"<p>Vale Tudo: Heleninha segue Ivan e encontra&#8230; Em Vale Tudo, agora Heleninha (Paolla Oliveira) sabe o paradeiro de Ivan (Renato G\u00f3es) 24 horas por dia&#8230;<\/p>\n","protected":false},"author":1,"featured_media":78791,"comment_status":"closed","ping_status":"closed","sticky":false,"template":"","format":"standard","meta":{"_uf_show_specific_survey":0,"_uf_disable_surveys":false,"_jetpack_memberships_contains_paid_content":false,"footnotes":"","_wp_rev_ctl_limit":""},"categories":[871],"tags":[5,64,801],"class_list":["post-78790","post","type-post","status-publish","format-standard","has-post-thumbnail","hentry","category-vale-tudo","tag-globo","tag-novelas","tag-vale-tudo","wpcat-871-id"],"aioseo_notices":[],"jetpack_featured_media_url":"https:\/\/i0.wp.com\/www.tvnovelas.com.br\/tvnews\/wp-content\/uploads\/2025\/07\/11526.jpg?fit=728%2C410&ssl=1","jetpack_shortlink":"https:\/\/wp.me\/pdP2BO-kuO","jetpack_sharing_enabled":true,"_links":{"self":[{"href":"https:\/\/www.tvnovelas.com.br\/tvnews\/wp-json\/wp\/v2\/posts\/78790","targetHints":{"allow":["GET"]}}],"collection":[{"href":"https:\/\/www.tvnovelas.com.br\/tvnews\/wp-json\/wp\/v2\/posts"}],"about":[{"href":"https:\/\/www.tvnovelas.com.br\/tvnews\/wp-json\/wp\/v2\/types\/post"}],"author":[{"embeddable":true,"href":"https:\/\/www.tvnovelas.com.br\/tvnews\/wp-json\/wp\/v2\/users\/1"}],"replies":[{"embeddable":true,"href":"https:\/\/www.tvnovelas.com.br\/tvnews\/wp-json\/wp\/v2\/comments?post=78790"}],"version-history":[{"count":1,"href":"https:\/\/www.tvnovelas.com.br\/tvnews\/wp-json\/wp\/v2\/posts\/78790\/revisions"}],"predecessor-version":[{"id":78792,"href":"https:\/\/www.tvnovelas.com.br\/tvnews\/wp-json\/wp\/v2\/posts\/78790\/revisions\/78792"}],"wp:featuredmedia":[{"embeddable":true,"href":"https:\/\/www.tvnovelas.com.br\/tvnews\/wp-json\/wp\/v2\/media\/78791"}],"wp:attachment":[{"href":"https:\/\/www.tvnovelas.com.br\/tvnews\/wp-json\/wp\/v2\/media?parent=78790"}],"wp:term":[{"taxonomy":"category","embeddable":true,"href":"https:\/\/www.tvnovelas.com.br\/tvnews\/wp-json\/wp\/v2\/categories?post=78790"},{"taxonomy":"post_tag","embeddable":true,"href":"https:\/\/www.tvnovelas.com.br\/tvnews\/wp-json\/wp\/v2\/tags?post=78790"}],"curies":[{"name":"wp","href":"https:\/\/api.w.org\/{rel}","templated":true}]}}