{"id":78794,"date":"2025-07-16T09:35:53","date_gmt":"2025-07-16T12:35:53","guid":{"rendered":"https:\/\/www.tvnovelas.com.br\/tvnews\/?p=78794"},"modified":"2025-07-16T09:35:53","modified_gmt":"2025-07-16T12:35:53","slug":"eta-mundo-melhor-candinho-leva-bronca-por-mandar-flores-para-dita","status":"publish","type":"post","link":"https:\/\/www.tvnovelas.com.br\/tvnews\/eta-mundo-melhor-candinho-leva-bronca-por-mandar-flores-para-dita\/","title":{"rendered":"\u00cata Mundo Melhor!: Candinho leva bronca por mandar flores para Dita"},"content":{"rendered":"<p><figure id=\"attachment_78795\" aria-describedby=\"caption-attachment-78795\" style=\"width: 728px\" class=\"wp-caption alignnone\"><img data-recalc-dims=\"1\" decoding=\"async\" src=\"https:\/\/i0.wp.com\/www.tvnovelas.com.br\/tvnews\/wp-content\/uploads\/2025\/07\/11527.jpg?resize=728%2C409&#038;ssl=1\" alt=\"Foto em \u00cata Mundo Melhor!: Candinho leva bronca por mandar flores para Dita\" width=\"728\" height=\"409\" class=\"size-full wp-image-78795\" srcset=\"https:\/\/i0.wp.com\/www.tvnovelas.com.br\/tvnews\/wp-content\/uploads\/2025\/07\/11527.jpg?w=728&amp;ssl=1 728w, https:\/\/i0.wp.com\/www.tvnovelas.com.br\/tvnews\/wp-content\/uploads\/2025\/07\/11527.jpg?resize=250%2C140&amp;ssl=1 250w\" sizes=\"(max-width: 728px) 100vw, 728px\" \/><figcaption id=\"caption-attachment-78795\" class=\"wp-caption-text\">\u00cata Mundo Melhor!: Candinho leva bronca por mandar flores para Dita<\/figcaption><\/figure><br \/>\n(Foto: TV Globo\/\u00cata Mundo Melhor!)<br \/>\nEm \u00cata Mundo Melhor!, para conquistar Dita (Jeniffer Nascimento), Candinho (Sergio Guiz\u00e9) ter\u00e1 que passar por cima de Manoela (Dhu Moraes). Os dois est\u00e3o se aproximando cada vez mais, mas a tia tem se preocupado com a reputa\u00e7\u00e3o da sobrinha, que \u00e9 desquitada.<\/p>\n<p>Ap\u00f3s mandar flores novamente para Dita, Candinho \u00e9 surpreendido por uma visita de Manoela.<\/p>\n<p>&#8220;Vim \u00e9 devorv\u00ea essas fr\u00f4 qui oc\u00ea mand\u00f4 pra Dita e fal\u00e1 proc\u00ea larg\u00e1 do p\u00e9 dela!&#8221;]<\/p>\n<p>Candinho se defende dizendo que n\u00e3o quer iludir Dita e refor\u00e7ando suas boas inten\u00e7\u00f5es, j\u00e1 que Manoela o conhece desde crian\u00e7a. O caipira, ali\u00e1s, chega a dizer que se casaria com Dita:<\/p>\n<p>&#8220;Num v\u00f4 deix\u00e1 ningu\u00e9m fal\u00e1 m\u00e1 da Dita. Chamo at\u00e9 pras briga. Ieu me caso com a Dita e ningu\u00e9m fala mais nada!&#8221;<\/p>\n<p>Manoela repreende a ideia do rapaz:<\/p>\n<p>&#8220;Candinho, olha o que oc\u00ea t\u00e1 dizendo? A Dita \u00e9 mui\u00e9 separada, desquitada. Ela num pode cas\u00e1 com oc\u00ea perante as lei dos homis e a lei di Deus.&#8221;<\/p>\n<p>Candinho sente o baque, j\u00e1 que n\u00e3o havia pensado nisso. Manoela joga as flores em cima dele e vai embora.<br \/>\n<!--FIM--><\/p>\n<h2>Sobre a novela:<\/h2>\n<p><a href=https:\/\/tvnovelas.com.br\/page2\/arquivo\/eta-mundo-melhor-a-volta-de-candinho-e-policarpo\/\" target=\"_blank\" rel=\"noopener\">\u00cata Mundo Melhor!: A volta de Candinho e Policarpo<\/a> (Sinopse)<br \/>\n<a href=\"https:\/\/pt.wikipedia.org\/wiki\/%C3%8Ata_Mundo_Melhor!\" target=\"_blank\" rel=\"noopener\">Sobre \u00cata Mundo Melhor!, na Wikipedia<\/a><\/p>\n<div style=\"font-size: 120%;\">\n<h3>Confira tamb\u00e9m<\/h3>\r\n<a href=\"https:\/\/tvnovelas.com.br\/novelas\/\" rel=\"noopener\" target=\"_blank\"><strong>Todos os resumos de novelas<\/strong><\/a><\/br>\r\n<a href=\"https:\/\/www.tvnovelas.com.br\/tvnews\/\" rel=\"noopener\" target=\"_blank\"><strong>\u00daltimas not\u00edcias das novelas<\/strong><\/a><\/br>\r\n<a href=\"https:\/\/www.tvnovelas.com.br\/filmes\/\" target=\"_blank\" rel=\"noopener noreferrer\"><strong>Programa\u00e7\u00e3o de filmes na TV aberta<\/strong><\/a><\/br>\r\n<a href=\"https:\/\/caetenews.com.br\/semana\/filmes-da-globo-na-sessao-da-tarde-desta-semana\/\" target=\"_blank\" rel=\"noopener\"><strong>Confira os filmes da semana na Sess\u00e3o da Tarde<\/strong><\/a><\/br>\r\n<a href=\"https:\/\/classindportal.mj.gov.br\/consulta-filmes\" target=\"_blank\" rel=\"noopener\"><strong>Consulte a classifica\u00e7\u00e3o indicativa dos filmes e novelas<\/strong><\/a><\/br>\n<\/div>\n","protected":false},"excerpt":{"rendered":"<p>\u00cata Mundo Melhor!: Candinho leva bronca&#8230; Em \u00cata Mundo Melhor!, para conquistar Dita (Jeniffer Nascimento), Candinho (Sergio Guiz\u00e9) ter\u00e1 que passar por cima de Manoela&#8230;<\/p>\n","protected":false},"author":1,"featured_media":78795,"comment_status":"closed","ping_status":"closed","sticky":false,"template":"","format":"standard","meta":{"_uf_show_specific_survey":0,"_uf_disable_surveys":false,"_jetpack_memberships_contains_paid_content":false,"footnotes":"","_wp_rev_ctl_limit":""},"categories":[920],"tags":[921,5,64],"class_list":["post-78794","post","type-post","status-publish","format-standard","has-post-thumbnail","hentry","category-eta-mundo-melhor","tag-eta-mundo-melhor","tag-globo","tag-novelas","wpcat-920-id"],"aioseo_notices":[],"jetpack_featured_media_url":"https:\/\/i0.wp.com\/www.tvnovelas.com.br\/tvnews\/wp-content\/uploads\/2025\/07\/11527.jpg?fit=728%2C409&ssl=1","jetpack_shortlink":"https:\/\/wp.me\/pdP2BO-kuS","jetpack_sharing_enabled":true,"_links":{"self":[{"href":"https:\/\/www.tvnovelas.com.br\/tvnews\/wp-json\/wp\/v2\/posts\/78794","targetHints":{"allow":["GET"]}}],"collection":[{"href":"https:\/\/www.tvnovelas.com.br\/tvnews\/wp-json\/wp\/v2\/posts"}],"about":[{"href":"https:\/\/www.tvnovelas.com.br\/tvnews\/wp-json\/wp\/v2\/types\/post"}],"author":[{"embeddable":true,"href":"https:\/\/www.tvnovelas.com.br\/tvnews\/wp-json\/wp\/v2\/users\/1"}],"replies":[{"embeddable":true,"href":"https:\/\/www.tvnovelas.com.br\/tvnews\/wp-json\/wp\/v2\/comments?post=78794"}],"version-history":[{"count":1,"href":"https:\/\/www.tvnovelas.com.br\/tvnews\/wp-json\/wp\/v2\/posts\/78794\/revisions"}],"predecessor-version":[{"id":78796,"href":"https:\/\/www.tvnovelas.com.br\/tvnews\/wp-json\/wp\/v2\/posts\/78794\/revisions\/78796"}],"wp:featuredmedia":[{"embeddable":true,"href":"https:\/\/www.tvnovelas.com.br\/tvnews\/wp-json\/wp\/v2\/media\/78795"}],"wp:attachment":[{"href":"https:\/\/www.tvnovelas.com.br\/tvnews\/wp-json\/wp\/v2\/media?parent=78794"}],"wp:term":[{"taxonomy":"category","embeddable":true,"href":"https:\/\/www.tvnovelas.com.br\/tvnews\/wp-json\/wp\/v2\/categories?post=78794"},{"taxonomy":"post_tag","embeddable":true,"href":"https:\/\/www.tvnovelas.com.br\/tvnews\/wp-json\/wp\/v2\/tags?post=78794"}],"curies":[{"name":"wp","href":"https:\/\/api.w.org\/{rel}","templated":true}]}}