{"id":78837,"date":"2025-07-16T13:13:45","date_gmt":"2025-07-16T16:13:45","guid":{"rendered":"https:\/\/www.tvnovelas.com.br\/tvnews\/?p=78837"},"modified":"2025-07-16T13:13:45","modified_gmt":"2025-07-16T16:13:45","slug":"o-rico-e-lazaro-nitocris-nao-aceita-o-novo-governador-da-babilonia","status":"publish","type":"post","link":"https:\/\/www.tvnovelas.com.br\/tvnews\/o-rico-e-lazaro-nitocris-nao-aceita-o-novo-governador-da-babilonia\/","title":{"rendered":"O Rico e L\u00e1zaro: Nit\u00f3cris n\u00e3o aceita o novo governador da Babil\u00f4nia"},"content":{"rendered":"<figure id=\"attachment_78838\" aria-describedby=\"caption-attachment-78838\" style=\"width: 728px\" class=\"wp-caption alignnone\"><img data-recalc-dims=\"1\" decoding=\"async\" class=\"wp-image-78838 size-full\" title=\"(Foto TV Record\/ O Rico e L\u00e1zaro)\" src=\"https:\/\/i0.wp.com\/www.tvnovelas.com.br\/tvnews\/wp-content\/uploads\/2025\/07\/11532.jpg?resize=728%2C409&#038;ssl=1\" alt=\"Foto em O Rico e L\u00e1zaro: Nit\u00f3cris n\u00e3o aceita o novo governador da Babil\u00f4nia\" width=\"728\" height=\"409\" srcset=\"https:\/\/i0.wp.com\/www.tvnovelas.com.br\/tvnews\/wp-content\/uploads\/2025\/07\/11532.jpg?w=728&amp;ssl=1 728w, https:\/\/i0.wp.com\/www.tvnovelas.com.br\/tvnews\/wp-content\/uploads\/2025\/07\/11532.jpg?resize=250%2C140&amp;ssl=1 250w\" sizes=\"(max-width: 728px) 100vw, 728px\" \/><figcaption id=\"caption-attachment-78838\" class=\"wp-caption-text\">O Rico e L\u00e1zaro: Nit\u00f3cris n\u00e3o aceita o novo governador da Babil\u00f4nia<\/figcaption><\/figure>\n<p>No cap\u00edtulo de de O Rico e L\u00e1zaro desta quarta, dia 16, Ap\u00f3s Nebuzarad\u00e3 nomear Zac como governador, membros da corte \u2014 incluindo Nit\u00f3cris \u2014 ficam revoltados com a escolha.<\/p>\n<p>Anunciando sua insatisfa\u00e7\u00e3o, ela promete se vingar de Sammu por ter humilhado sua honra, evidenciando que sua recusa ao novo governador \u00e9 tanto pol\u00edtica quanto pessoal<\/p>\n<p>Nit\u00f3cris se recusa politicamente a aceitar Zac, e pessoalmente, ela se sente ofendida por ter sido humilhada. Agora, ela planeja agir contra Sammu e possivelmente contra todo o novo regime.<br \/>\n<!--fim--><\/p>\n<div style=\"font-size: 120%;\"><h3>Confira tamb\u00e9m<\/h3>\r\n<a href=\"https:\/\/tvnovelas.com.br\/novelas\/\" rel=\"noopener\" target=\"_blank\"><strong>Todos os resumos de novelas<\/strong><\/a><\/br>\r\n<a href=\"https:\/\/www.tvnovelas.com.br\/tvnews\/\" rel=\"noopener\" target=\"_blank\"><strong>\u00daltimas not\u00edcias das novelas<\/strong><\/a><\/br>\r\n<a href=\"https:\/\/www.tvnovelas.com.br\/filmes\/\" target=\"_blank\" rel=\"noopener noreferrer\"><strong>Programa\u00e7\u00e3o de filmes na TV aberta<\/strong><\/a><\/br>\r\n<a href=\"https:\/\/caetenews.com.br\/semana\/filmes-da-globo-na-sessao-da-tarde-desta-semana\/\" target=\"_blank\" rel=\"noopener\"><strong>Confira os filmes da semana na Sess\u00e3o da Tarde<\/strong><\/a><\/br>\r\n<a href=\"https:\/\/classindportal.mj.gov.br\/consulta-filmes\" target=\"_blank\" rel=\"noopener\"><strong>Consulte a classifica\u00e7\u00e3o indicativa dos filmes e novelas<\/strong><\/a><\/br><\/div>\n","protected":false},"excerpt":{"rendered":"<p>O Rico e L\u00e1zaro: Nit\u00f3cris n\u00e3o aceita o novo governador da Babil\u00f4nia&#8230;. No cap\u00edtulo de de O Rico e L\u00e1zaro desta quarta, dia 16, Ap\u00f3s Nebuzarad\u00e3 nomear Zac&#8230;<\/p>\n","protected":false},"author":1,"featured_media":78838,"comment_status":"closed","ping_status":"closed","sticky":false,"template":"","format":"standard","meta":{"_uf_show_specific_survey":0,"_uf_disable_surveys":false,"_jetpack_memberships_contains_paid_content":false,"footnotes":"","_wp_rev_ctl_limit":""},"categories":[912],"tags":[64,52,14],"class_list":["post-78837","post","type-post","status-publish","format-standard","has-post-thumbnail","hentry","category-o-rico-e-lazaro","tag-novelas","tag-o-rico-e-lazaro","tag-record","wpcat-912-id"],"aioseo_notices":[],"jetpack_featured_media_url":"https:\/\/i0.wp.com\/www.tvnovelas.com.br\/tvnews\/wp-content\/uploads\/2025\/07\/11532.jpg?fit=728%2C409&ssl=1","jetpack_shortlink":"https:\/\/wp.me\/pdP2BO-kvz","jetpack_sharing_enabled":true,"_links":{"self":[{"href":"https:\/\/www.tvnovelas.com.br\/tvnews\/wp-json\/wp\/v2\/posts\/78837","targetHints":{"allow":["GET"]}}],"collection":[{"href":"https:\/\/www.tvnovelas.com.br\/tvnews\/wp-json\/wp\/v2\/posts"}],"about":[{"href":"https:\/\/www.tvnovelas.com.br\/tvnews\/wp-json\/wp\/v2\/types\/post"}],"author":[{"embeddable":true,"href":"https:\/\/www.tvnovelas.com.br\/tvnews\/wp-json\/wp\/v2\/users\/1"}],"replies":[{"embeddable":true,"href":"https:\/\/www.tvnovelas.com.br\/tvnews\/wp-json\/wp\/v2\/comments?post=78837"}],"version-history":[{"count":1,"href":"https:\/\/www.tvnovelas.com.br\/tvnews\/wp-json\/wp\/v2\/posts\/78837\/revisions"}],"predecessor-version":[{"id":78839,"href":"https:\/\/www.tvnovelas.com.br\/tvnews\/wp-json\/wp\/v2\/posts\/78837\/revisions\/78839"}],"wp:featuredmedia":[{"embeddable":true,"href":"https:\/\/www.tvnovelas.com.br\/tvnews\/wp-json\/wp\/v2\/media\/78838"}],"wp:attachment":[{"href":"https:\/\/www.tvnovelas.com.br\/tvnews\/wp-json\/wp\/v2\/media?parent=78837"}],"wp:term":[{"taxonomy":"category","embeddable":true,"href":"https:\/\/www.tvnovelas.com.br\/tvnews\/wp-json\/wp\/v2\/categories?post=78837"},{"taxonomy":"post_tag","embeddable":true,"href":"https:\/\/www.tvnovelas.com.br\/tvnews\/wp-json\/wp\/v2\/tags?post=78837"}],"curies":[{"name":"wp","href":"https:\/\/api.w.org\/{rel}","templated":true}]}}