{"id":78841,"date":"2025-07-16T13:55:14","date_gmt":"2025-07-16T16:55:14","guid":{"rendered":"https:\/\/www.tvnovelas.com.br\/tvnews\/?p=78841"},"modified":"2025-07-16T13:55:27","modified_gmt":"2025-07-16T16:55:27","slug":"dona-de-mim-jaques-rouba-a-carta-de-ellen-para-usa-la-contra-abel","status":"publish","type":"post","link":"https:\/\/www.tvnovelas.com.br\/tvnews\/dona-de-mim-jaques-rouba-a-carta-de-ellen-para-usa-la-contra-abel\/","title":{"rendered":"Dona de Mim: Jaques rouba a carta de Ellen para us\u00e1-la contra Abel"},"content":{"rendered":"<figure id=\"attachment_78842\" aria-describedby=\"caption-attachment-78842\" style=\"width: 728px\" class=\"wp-caption alignnone\"><img data-recalc-dims=\"1\" decoding=\"async\" class=\"wp-image-78842 size-full\" title=\"(Foto: TV Globo\/Dona de Mim)\" src=\"https:\/\/i0.wp.com\/www.tvnovelas.com.br\/tvnews\/wp-content\/uploads\/2025\/07\/11533.jpg?resize=728%2C410&#038;ssl=1\" alt=\"Foto em Dona de Mim: Jaques rouba a carta de Ellen para us\u00e1-la contra Abel\" width=\"728\" height=\"410\" srcset=\"https:\/\/i0.wp.com\/www.tvnovelas.com.br\/tvnews\/wp-content\/uploads\/2025\/07\/11533.jpg?w=728&amp;ssl=1 728w, https:\/\/i0.wp.com\/www.tvnovelas.com.br\/tvnews\/wp-content\/uploads\/2025\/07\/11533.jpg?resize=250%2C141&amp;ssl=1 250w\" sizes=\"(max-width: 728px) 100vw, 728px\" \/><figcaption id=\"caption-attachment-78842\" class=\"wp-caption-text\">Dona de Mim: Jaques rouba a carta de Ellen para us\u00e1-la contra Abel<\/figcaption><\/figure>\n<p>Em Dona de Mim, a carta que Ellen (Camila Pitanga) deixou para Sofia (Elis Cabral) ler aos 18 anos vai ser novamente alvo de confus\u00e3o. Ela vai parar em m\u00e3os erradas. Jaques (Marcello Novaes) ir\u00e1 roubar a carta da mans\u00e3o para us\u00e1-la contra Abel (Tony Ramos) na audi\u00eancia pela guarda de Sofia.<\/p>\n<p>Jaques entrar\u00e1 na mans\u00e3o e pegar\u00e1 a carta no quarto de Abel (Tony Ramos). No lugar, ele deixar\u00e1 o caderno de Rosa (Suely Franco) para \u201cculpar\u201d a m\u00e3e, que anda tendo esquecimentos, pelo sumi\u00e7o do documento.<\/p>\n<p>Depois, j\u00e1 no apartamento de Jaques, Ricardo (Marcos Pasquim) ir\u00e1 explicar como a carta de Ellen poder\u00e1 ser usada em favor de Vanderson (Armando Babaioff).<\/p>\n<p>\u201cCom essa carta, \u00e9 causa ganha! Essa carta prova que o Abel cometeu falsidade ideol\u00f3gica. \u00c9 disso que a gente precisa\u201d, diz o advogado.<\/p>\n<p>\u201cMas ent\u00e3o, quais os pr\u00f3ximos passos? A gente fala pra eles que temos a carta?\u201d, questiona Jaques.<\/p>\n<p>\u201cN\u00e3o. Melhor pegar todo mundo de surpresa! A gente s\u00f3 vai anexar essa prova no dia da audi\u00eancia, pra n\u00e3o dar tempo de contestar\u201d, explica Ricardo.<\/p>\n<p>A ideia de Ricardo \u00e9 provar, diante do juiz, que Abel sabia que Sofia n\u00e3o era sua filha, atrav\u00e9s da carta deixada por Ellen, e, mesmo assim, registrou a menina em seu nome.<\/p>\n<p>\u201cA paternidade socioafetiva do Abel desmorona se tiver sido constru\u00edda em cima de um crime. Agora temos a prova da falsidade ideol\u00f3gica\u201d, afirma ele.<\/p>\n<p>\u201cE isso \u00e9 tudo o que eu mais quero &#8211; ver o castelinho de areia do meu irm\u00e3o ruir\u201d, celebra Jaques.<br \/>\n<!--FIM--><br \/>\n<strong>Sobre a novela<\/strong><br \/>\n<a href=\"https:\/\/wp.me\/pfspD2-UO\" target=\"_blank\" rel=\"noopener\">Dona de Mim: A trama da novela<\/a><br \/>\n<a href=\"https:\/\/wp.me\/pfspD2-UG\" target=\"_blank\" rel=\"noopener\">Dona de Mim: A fam\u00edlia Boaz e seu imp\u00e9rio de lingerie<\/a><\/p>\n<div style=\"font-size: 120%;\"><h3>Confira tamb\u00e9m<\/h3>\r\n<a href=\"https:\/\/tvnovelas.com.br\/novelas\/\" rel=\"noopener\" target=\"_blank\"><strong>Todos os resumos de novelas<\/strong><\/a><\/br>\r\n<a href=\"https:\/\/www.tvnovelas.com.br\/tvnews\/\" rel=\"noopener\" target=\"_blank\"><strong>\u00daltimas not\u00edcias das novelas<\/strong><\/a><\/br>\r\n<a href=\"https:\/\/www.tvnovelas.com.br\/filmes\/\" target=\"_blank\" rel=\"noopener noreferrer\"><strong>Programa\u00e7\u00e3o de filmes na TV aberta<\/strong><\/a><\/br>\r\n<a href=\"https:\/\/caetenews.com.br\/semana\/filmes-da-globo-na-sessao-da-tarde-desta-semana\/\" target=\"_blank\" rel=\"noopener\"><strong>Confira os filmes da semana na Sess\u00e3o da Tarde<\/strong><\/a><\/br>\r\n<a href=\"https:\/\/classindportal.mj.gov.br\/consulta-filmes\" target=\"_blank\" rel=\"noopener\"><strong>Consulte a classifica\u00e7\u00e3o indicativa dos filmes e novelas<\/strong><\/a><\/br><\/div>\n","protected":false},"excerpt":{"rendered":"<p>Dona de Mim: Jaques rouba a carta de Ellen&#8230; Em Dona de Mim, a carta que Ellen (Camila Pitanga) deixou para Sofia (Elis Cabral) ler aos 18 anos vai ser&#8230;<\/p>\n","protected":false},"author":1,"featured_media":78842,"comment_status":"closed","ping_status":"closed","sticky":false,"template":"","format":"standard","meta":{"_uf_show_specific_survey":0,"_uf_disable_surveys":false,"_jetpack_memberships_contains_paid_content":false,"footnotes":"","_wp_rev_ctl_limit":""},"categories":[884],"tags":[883,5,64],"class_list":["post-78841","post","type-post","status-publish","format-standard","has-post-thumbnail","hentry","category-dona-de-mim","tag-dona-de-mim","tag-globo","tag-novelas","wpcat-884-id"],"aioseo_notices":[],"jetpack_featured_media_url":"https:\/\/i0.wp.com\/www.tvnovelas.com.br\/tvnews\/wp-content\/uploads\/2025\/07\/11533.jpg?fit=728%2C410&ssl=1","jetpack_shortlink":"https:\/\/wp.me\/pdP2BO-kvD","jetpack_sharing_enabled":true,"_links":{"self":[{"href":"https:\/\/www.tvnovelas.com.br\/tvnews\/wp-json\/wp\/v2\/posts\/78841","targetHints":{"allow":["GET"]}}],"collection":[{"href":"https:\/\/www.tvnovelas.com.br\/tvnews\/wp-json\/wp\/v2\/posts"}],"about":[{"href":"https:\/\/www.tvnovelas.com.br\/tvnews\/wp-json\/wp\/v2\/types\/post"}],"author":[{"embeddable":true,"href":"https:\/\/www.tvnovelas.com.br\/tvnews\/wp-json\/wp\/v2\/users\/1"}],"replies":[{"embeddable":true,"href":"https:\/\/www.tvnovelas.com.br\/tvnews\/wp-json\/wp\/v2\/comments?post=78841"}],"version-history":[{"count":1,"href":"https:\/\/www.tvnovelas.com.br\/tvnews\/wp-json\/wp\/v2\/posts\/78841\/revisions"}],"predecessor-version":[{"id":78850,"href":"https:\/\/www.tvnovelas.com.br\/tvnews\/wp-json\/wp\/v2\/posts\/78841\/revisions\/78850"}],"wp:featuredmedia":[{"embeddable":true,"href":"https:\/\/www.tvnovelas.com.br\/tvnews\/wp-json\/wp\/v2\/media\/78842"}],"wp:attachment":[{"href":"https:\/\/www.tvnovelas.com.br\/tvnews\/wp-json\/wp\/v2\/media?parent=78841"}],"wp:term":[{"taxonomy":"category","embeddable":true,"href":"https:\/\/www.tvnovelas.com.br\/tvnews\/wp-json\/wp\/v2\/categories?post=78841"},{"taxonomy":"post_tag","embeddable":true,"href":"https:\/\/www.tvnovelas.com.br\/tvnews\/wp-json\/wp\/v2\/tags?post=78841"}],"curies":[{"name":"wp","href":"https:\/\/api.w.org\/{rel}","templated":true}]}}