{"id":78953,"date":"2025-07-17T07:54:16","date_gmt":"2025-07-17T10:54:16","guid":{"rendered":"https:\/\/www.tvnovelas.com.br\/tvnews\/?p=78953"},"modified":"2025-07-17T07:54:16","modified_gmt":"2025-07-17T10:54:16","slug":"dona-de-mim-abel-entrega-a-boaz-para-jaques-por-sofia","status":"publish","type":"post","link":"https:\/\/www.tvnovelas.com.br\/tvnews\/dona-de-mim-abel-entrega-a-boaz-para-jaques-por-sofia\/","title":{"rendered":"Dona de Mim: Abel entrega a Boaz para Jaques por Sofia"},"content":{"rendered":"<figure id=\"attachment_78959\" aria-describedby=\"caption-attachment-78959\" style=\"width: 728px\" class=\"wp-caption alignnone\"><img data-recalc-dims=\"1\" decoding=\"async\" class=\"wp-image-78959 size-full\" title=\"(Foto: TV Globo\/Dona de Mim)\" src=\"https:\/\/i0.wp.com\/www.tvnovelas.com.br\/tvnews\/wp-content\/uploads\/2025\/07\/11535.jpg?resize=728%2C410&#038;ssl=1\" alt=\"Foto em Dona de Mim: Abel entrega a Boaz para Jaques por Sofia\" width=\"728\" height=\"410\" srcset=\"https:\/\/i0.wp.com\/www.tvnovelas.com.br\/tvnews\/wp-content\/uploads\/2025\/07\/11535.jpg?w=728&amp;ssl=1 728w, https:\/\/i0.wp.com\/www.tvnovelas.com.br\/tvnews\/wp-content\/uploads\/2025\/07\/11535.jpg?resize=250%2C141&amp;ssl=1 250w\" sizes=\"(max-width: 728px) 100vw, 728px\" \/><figcaption id=\"caption-attachment-78959\" class=\"wp-caption-text\">Dona de Mim: Abel entrega a Boaz para Jaques por Sofia<\/figcaption><\/figure>\n<p>Em Dona de Mim, diante da decis\u00e3o do juiz sobre dar a guarda provis\u00f3ria de Sofia (Elis Cabral) para o pai biol\u00f3gico, Abel (Tony Ramos) ir\u00e1 tomar uma importante atitude preocupado com o bem-estar da filha. O dono da Boaz decidir\u00e1 entregar o que Jaques (Marcello Novaes) tanto quer: a presid\u00eancia da f\u00e1brica para que Vanderson (Armando Babaioff) desista de Sofia.<\/p>\n<p>Todo mundo sabe que Vanderson n\u00e3o quer ficar com Sofia. O pr\u00f3prio golpista nunca escondeu que seu \u00fanico interesse \u00e9 dinheiro. Leo (Clara Moneke) at\u00e9 vai conseguir uma grava\u00e7\u00e3o na qual ele confessa isso. No entanto, o v\u00eddeo n\u00e3o ter\u00e1 nenhum valor legal.<\/p>\n<p>\u201cEst\u00e1 \u00f3bvio que a guarda da Sofia est\u00e1 sendo usada pra um jogo de poder\u201d, constata Samuel (Juan Paiva).<\/p>\n<p>\u201cTemos que fazer o que for necess\u00e1rio para acabar com essa hist\u00f3ria. A Sofia n\u00e3o pode continuar a merc\u00ea desse joguete!\u201d, afirma Abel.<\/p>\n<p>Abel, ent\u00e3o, chegar\u00e1 \u00e0 conclus\u00e3o de que n\u00e3o tem mais sa\u00edda a n\u00e3o ser ceder \u00e0 chantagem do irm\u00e3o.<\/p>\n<p>No outro dia, na f\u00e1brica, Abel anunciar\u00e1 a sua decis\u00e3o a Jaques.<\/p>\n<p>\u201cJaques, tira o Vanderson das nossas vidas. Deixa a Sofia comigo! E eu te dou a presid\u00eancia da Boaz!\u201d<\/p>\n<p>\u201cO que voc\u00ea disse?\u201d, questiona Jaques, incr\u00e9dulo.<\/p>\n<p>\u201cEu fa\u00e7o qualquer coisa pela minha filha! \u00c9 a Boaz que voc\u00ea quer? \u00c9 tua!\u201d<br \/>\n<!--FIM--><br \/>\n<strong>Sobre a novela<\/strong><br \/>\n<a href=\"https:\/\/wp.me\/pfspD2-UO\" target=\"_blank\" rel=\"noopener\">Dona de Mim: A trama da novela<\/a><br \/>\n<a href=\"https:\/\/wp.me\/pfspD2-UG\" target=\"_blank\" rel=\"noopener\">Dona de Mim: A fam\u00edlia Boaz e seu imp\u00e9rio de lingerie<\/a><\/p>\n<div style=\"font-size: 120%;\"><h3>Confira tamb\u00e9m<\/h3>\r\n<a href=\"https:\/\/tvnovelas.com.br\/novelas\/\" rel=\"noopener\" target=\"_blank\"><strong>Todos os resumos de novelas<\/strong><\/a><\/br>\r\n<a href=\"https:\/\/www.tvnovelas.com.br\/tvnews\/\" rel=\"noopener\" target=\"_blank\"><strong>\u00daltimas not\u00edcias das novelas<\/strong><\/a><\/br>\r\n<a href=\"https:\/\/www.tvnovelas.com.br\/filmes\/\" target=\"_blank\" rel=\"noopener noreferrer\"><strong>Programa\u00e7\u00e3o de filmes na TV aberta<\/strong><\/a><\/br>\r\n<a href=\"https:\/\/caetenews.com.br\/semana\/filmes-da-globo-na-sessao-da-tarde-desta-semana\/\" target=\"_blank\" rel=\"noopener\"><strong>Confira os filmes da semana na Sess\u00e3o da Tarde<\/strong><\/a><\/br>\r\n<a href=\"https:\/\/classindportal.mj.gov.br\/consulta-filmes\" target=\"_blank\" rel=\"noopener\"><strong>Consulte a classifica\u00e7\u00e3o indicativa dos filmes e novelas<\/strong><\/a><\/br><\/div>\n","protected":false},"excerpt":{"rendered":"<p>Dona de Mim: Abel entrega a Boaz&#8230;. Em Dona de Mim, diante da decis\u00e3o do juiz sobre dar a guarda provis\u00f3ria de Sofia (Elis Cabral) para o pai biol\u00f3gico&#8230;<\/p>\n","protected":false},"author":1,"featured_media":78959,"comment_status":"closed","ping_status":"closed","sticky":false,"template":"","format":"standard","meta":{"_uf_show_specific_survey":0,"_uf_disable_surveys":false,"_jetpack_memberships_contains_paid_content":false,"footnotes":"","_wp_rev_ctl_limit":""},"categories":[884],"tags":[883,5,64],"class_list":["post-78953","post","type-post","status-publish","format-standard","has-post-thumbnail","hentry","category-dona-de-mim","tag-dona-de-mim","tag-globo","tag-novelas","wpcat-884-id"],"aioseo_notices":[],"jetpack_featured_media_url":"https:\/\/i0.wp.com\/www.tvnovelas.com.br\/tvnews\/wp-content\/uploads\/2025\/07\/11535.jpg?fit=728%2C410&ssl=1","jetpack_shortlink":"https:\/\/wp.me\/pdP2BO-kxr","jetpack_sharing_enabled":true,"_links":{"self":[{"href":"https:\/\/www.tvnovelas.com.br\/tvnews\/wp-json\/wp\/v2\/posts\/78953","targetHints":{"allow":["GET"]}}],"collection":[{"href":"https:\/\/www.tvnovelas.com.br\/tvnews\/wp-json\/wp\/v2\/posts"}],"about":[{"href":"https:\/\/www.tvnovelas.com.br\/tvnews\/wp-json\/wp\/v2\/types\/post"}],"author":[{"embeddable":true,"href":"https:\/\/www.tvnovelas.com.br\/tvnews\/wp-json\/wp\/v2\/users\/1"}],"replies":[{"embeddable":true,"href":"https:\/\/www.tvnovelas.com.br\/tvnews\/wp-json\/wp\/v2\/comments?post=78953"}],"version-history":[{"count":1,"href":"https:\/\/www.tvnovelas.com.br\/tvnews\/wp-json\/wp\/v2\/posts\/78953\/revisions"}],"predecessor-version":[{"id":78960,"href":"https:\/\/www.tvnovelas.com.br\/tvnews\/wp-json\/wp\/v2\/posts\/78953\/revisions\/78960"}],"wp:featuredmedia":[{"embeddable":true,"href":"https:\/\/www.tvnovelas.com.br\/tvnews\/wp-json\/wp\/v2\/media\/78959"}],"wp:attachment":[{"href":"https:\/\/www.tvnovelas.com.br\/tvnews\/wp-json\/wp\/v2\/media?parent=78953"}],"wp:term":[{"taxonomy":"category","embeddable":true,"href":"https:\/\/www.tvnovelas.com.br\/tvnews\/wp-json\/wp\/v2\/categories?post=78953"},{"taxonomy":"post_tag","embeddable":true,"href":"https:\/\/www.tvnovelas.com.br\/tvnews\/wp-json\/wp\/v2\/tags?post=78953"}],"curies":[{"name":"wp","href":"https:\/\/api.w.org\/{rel}","templated":true}]}}